{"id":571032,"date":"2025-12-01T13:50:20","date_gmt":"2025-12-01T13:50:20","guid":{"rendered":"https:\/\/www.europesays.com\/fr\/571032\/"},"modified":"2025-12-01T13:50:20","modified_gmt":"2025-12-01T13:50:20","slug":"emploi-a-lyon-cette-marque-de-pret-a-porter-recrute-dans-le-rhone-50-postes-a-pourvoir","status":"publish","type":"post","link":"https:\/\/www.europesays.com\/fr\/571032\/","title":{"rendered":"Emploi \u00e0 Lyon. Cette marque de pr\u00eat-\u00e0-porter recrute dans le Rh\u00f4ne : 50 postes \u00e0 pourvoir"},"content":{"rendered":"<p>                    Par<br \/>\n        <strong><br \/>\n            <a href=\"https:\/\/actu.fr\/auteur\/ludivine-caporal\" title=\"Consulter tous les articles de Ludivine Caporal\" target=\"_blank\" rel=\"noopener\">Ludivine Caporal<\/a><br \/>\n                    <\/strong><\/p>\n<p>        Publi\u00e9 le<\/p>\n<p>            1 d\u00e9c. 2025 \u00e0 13h20        <\/p>\n<p>La marque d\u00e9ploie actuellement son r\u00e9seau dans le <a href=\"https:\/\/actu.fr\/auvergne-rhone-alpes\/rhone_69\" target=\"_blank\" rel=\"noopener\">Rh\u00f4ne<\/a>.<\/p>\n<p class=\" wall-content\">Sp\u00e9cialis\u00e9e dans la vente de lingerie et de pr\u00eat-\u00e0-porter \u00e0 domicile, l\u2019entreprise fran\u00e7aise Charlott\u2019 cherche en effet \u00e0 recruter <strong>50 nouvelles conseill\u00e8res de vente<\/strong> au sein du d\u00e9partement.\u00a0<\/p>\n<p class=\" wall-content\">\u00ab\u00a0Une opportunit\u00e9 pour toutes celles qui souhaitent vivre une aventure entrepreneuriale \u00e9panouissante, au c\u0153ur d\u2019une entreprise fran\u00e7aise qui conjugue proximit\u00e9, innovation et libert\u00e9 depuis plus de 30 ans\u00a0\u00bb, est-il fi\u00e8rement pr\u00e9sent\u00e9.<\/p>\n<p>Une activit\u00e9 en compl\u00e9ment ou \u00e0 temps plein<\/p>\n<p class=\" wall-content\">Cr\u00e9\u00e9e en 1994 par V\u00e9ronique Garnodier, Charlott\u2019 compte d\u00e9sormais 1 300 conseill\u00e8res actives, <strong>1,5 million de clientes<\/strong> et 14 millions d\u2019euros de chiffre d\u2019affaires annuel.<\/p>\n<p class=\" wall-content\">La marque cherche ainsi \u00e0 compl\u00e9ter son \u00e9quipe avec des femmes \u00ab\u00a0dynamiques, curieuses et passionn\u00e9es de mode\u00a0\u00bb en leur offrant la possibilit\u00e9 de construire une activit\u00e9 \u00e0 leur rythme qu\u2019il s\u2019agisse d\u2019un\u00a0compl\u00e9ment de revenu, d\u2019une reconversion ou d\u2019une activit\u00e9 \u00e0 plein temps.<\/p>\n<p class=\" wall-content\">\u00ab\u00a0Charlott\u2019 mise avant tout sur la personnalit\u00e9, l\u2019envie et la motivation. L\u2019entreprise met \u00e0 disposition de chaque nouvelle conseill\u00e8re un accompagnement personnalis\u00e9, des formations r\u00e9guli\u00e8res et un acc\u00e8s \u00e0 des outils digitaux performants\u00a0\u00bb, est-il pr\u00e9cis\u00e9.<\/p>\n<p class=\" wall-content\"><a href=\"https:\/\/www.instagram.com\/p\/DOOtgGKDnYX\/embed\" title=\"Ouvrir le lien sur Instagram\" target=\"_blank\" rel=\"noopener\">Visualiser le contenu sur Instagram<\/a><\/p>\n<p>Ateliers mode \u00e0 domicile<\/p>\n<p class=\" wall-content\">Plusieurs fa\u00e7ons d\u2019exercer sont propos\u00e9es : les ateliers mode \u00e0 domicile ou le \u00ab\u00a0social selling\u00a0\u00bb, une approche permettant \u00e0 chaque conseill\u00e8re de d\u00e9velopper sa propre boutique en ligne.<\/p>\n<p>Votre r\u00e9gion, votre actu !<\/p>\n<p>Recevez chaque jour les infos qui comptent pour vous.<\/p>\n<p>\t<a href=\"https:\/\/actu.fr\/newsletter\" class=\"ac-btn ac-btn--corner ac-btn--medium ac-btn--blue800\" target=\"_blank\" rel=\"noopener\">S&rsquo;incrire<\/a><\/p>\n<p class=\" wall-content\">Pour rejoindre le r\u00e9seau de l\u2019entreprise, il suffit de s\u2019inscrire sur le site en <a href=\"https:\/\/ambassadrice.charlott.fr\/\" target=\"_blank\" rel=\"noopener\">cliquant sur ce lien.<\/a><\/p>\n<p class=\" wall-content\">Personnalisez votre actualit\u00e9 en ajoutant vos villes et m\u00e9dias en favori avec <a href=\"https:\/\/moncompte.actu.fr\" title=\"D\u00e9couvez Mon Actu\" rel=\"nofollow noopener\" data-trk=\"{&quot;cta&quot;:{&quot;action&quot;:&quot;https:\\\/\\\/moncompte.actu.fr&quot;,&quot;category&quot;:&quot;mon compte&quot;,&quot;from&quot;:&quot;article footer&quot;,&quot;name&quot;:&quot;Mon actu&quot;,&quot;type&quot;:&quot;cta&quot;}}\" target=\"_blank\">Mon Actu<\/a>.<\/p>\n<p>                    <script async src=\"\/\/www.instagram.com\/embed.js\"><\/script><\/p>\n","protected":false},"excerpt":{"rendered":"Par Ludivine Caporal Publi\u00e9 le 1 d\u00e9c. 2025 \u00e0 13h20 La marque d\u00e9ploie actuellement son r\u00e9seau dans le&hellip;\n","protected":false},"author":2,"featured_media":571033,"comment_status":"","ping_status":"","sticky":false,"template":"","format":"standard","meta":{"footnotes":""},"categories":[1889],"tags":[1111,11,2430,341,1777,674,1011,27,2428,12,25,104],"class_list":{"0":"post-571032","1":"post","2":"type-post","3":"status-publish","4":"format-standard","5":"has-post-thumbnail","7":"category-lyon","8":"tag-actu","9":"tag-actualites","10":"tag-auvergne-rhone-alpes","11":"tag-emploi","12":"tag-eu","13":"tag-europe","14":"tag-fr","15":"tag-france","16":"tag-lyon","17":"tag-news","18":"tag-republique-francaise","19":"tag-societe"},"share_on_mastodon":{"url":"https:\/\/pubeurope.com\/@fr\/115644637225223146","error":""},"_links":{"self":[{"href":"https:\/\/www.europesays.com\/fr\/wp-json\/wp\/v2\/posts\/571032","targetHints":{"allow":["GET"]}}],"collection":[{"href":"https:\/\/www.europesays.com\/fr\/wp-json\/wp\/v2\/posts"}],"about":[{"href":"https:\/\/www.europesays.com\/fr\/wp-json\/wp\/v2\/types\/post"}],"author":[{"embeddable":true,"href":"https:\/\/www.europesays.com\/fr\/wp-json\/wp\/v2\/users\/2"}],"replies":[{"embeddable":true,"href":"https:\/\/www.europesays.com\/fr\/wp-json\/wp\/v2\/comments?post=571032"}],"version-history":[{"count":0,"href":"https:\/\/www.europesays.com\/fr\/wp-json\/wp\/v2\/posts\/571032\/revisions"}],"wp:featuredmedia":[{"embeddable":true,"href":"https:\/\/www.europesays.com\/fr\/wp-json\/wp\/v2\/media\/571033"}],"wp:attachment":[{"href":"https:\/\/www.europesays.com\/fr\/wp-json\/wp\/v2\/media?parent=571032"}],"wp:term":[{"taxonomy":"category","embeddable":true,"href":"https:\/\/www.europesays.com\/fr\/wp-json\/wp\/v2\/categories?post=571032"},{"taxonomy":"post_tag","embeddable":true,"href":"https:\/\/www.europesays.com\/fr\/wp-json\/wp\/v2\/tags?post=571032"}],"curies":[{"name":"wp","href":"https:\/\/api.w.org\/{rel}","templated":true}]}}