{"id":571036,"date":"2025-12-01T13:53:17","date_gmt":"2025-12-01T13:53:17","guid":{"rendered":"https:\/\/www.europesays.com\/fr\/571036\/"},"modified":"2025-12-01T13:53:17","modified_gmt":"2025-12-01T13:53:17","slug":"direct-peripherique-parisien-il-nest-clairement-pas-question-daugmenter-le-nombre-de-voies","status":"publish","type":"post","link":"https:\/\/www.europesays.com\/fr\/571036\/","title":{"rendered":"DIRECT. P\u00e9riph\u00e9rique parisien : \u00ab Il n&rsquo;est clairement pas question d&rsquo;augmenter le nombre de voies \u00bb"},"content":{"rendered":"<p class=\"col subheadline margin_bottom_subheadline\">Et si le p\u00e9riph\u00e9rique changeait radicalement ? Pourquoi ? Quand ? Pour quels effets ? Notre journaliste du service Transports Benoit Hasse, accompagn\u00e9 de Fanny Delporte, reporter dans le Val de Marne, r\u00e9pondront \u00e0 toutes vos questions ce lundi 1er d\u00e9cembre \u00e0 partir de 12 h.<\/p>\n<p>Par <a href=\"https:\/\/www.leparisien.fr\/auteur\/benoit-hasse\/\" class=\"author_link\" target=\"_blank\" rel=\"noopener\">Beno\u00eet Hasse<\/a> et\u00a0<a href=\"https:\/\/www.leparisien.fr\/auteur\/fanny-delporte\/\" class=\"author_link\" target=\"_blank\" rel=\"noopener\">Fanny Delporte<\/a>\u00a0<\/p>\n<p>Le 1 d\u00e9cembre 2025 \u00e0 10h01, modifi\u00e9 le 1 d\u00e9cembre 2025 \u00e0 14h43<\/p>\n","protected":false},"excerpt":{"rendered":"Et si le p\u00e9riph\u00e9rique changeait radicalement ? Pourquoi ? Quand ? Pour quels effets ? Notre journaliste du&hellip;\n","protected":false},"author":2,"featured_media":571037,"comment_status":"","ping_status":"","sticky":false,"template":"","format":"standard","meta":{"footnotes":""},"categories":[1592],"tags":[1111,11,68614,1777,674,1011,27,662,12,626,68615,25,30484],"class_list":{"0":"post-571036","1":"post","2":"type-post","3":"status-publish","4":"format-standard","5":"has-post-thumbnail","7":"category-ile-de-france","8":"tag-actu","9":"tag-actualites","10":"tag-benoit-hasse","11":"tag-eu","12":"tag-europe","13":"tag-fr","14":"tag-france","15":"tag-ile-de-france","16":"tag-news","17":"tag-paris","18":"tag-perif","19":"tag-republique-francaise","20":"tag-tchat"},"share_on_mastodon":{"url":"https:\/\/pubeurope.com\/@fr\/115644649001903902","error":""},"_links":{"self":[{"href":"https:\/\/www.europesays.com\/fr\/wp-json\/wp\/v2\/posts\/571036","targetHints":{"allow":["GET"]}}],"collection":[{"href":"https:\/\/www.europesays.com\/fr\/wp-json\/wp\/v2\/posts"}],"about":[{"href":"https:\/\/www.europesays.com\/fr\/wp-json\/wp\/v2\/types\/post"}],"author":[{"embeddable":true,"href":"https:\/\/www.europesays.com\/fr\/wp-json\/wp\/v2\/users\/2"}],"replies":[{"embeddable":true,"href":"https:\/\/www.europesays.com\/fr\/wp-json\/wp\/v2\/comments?post=571036"}],"version-history":[{"count":0,"href":"https:\/\/www.europesays.com\/fr\/wp-json\/wp\/v2\/posts\/571036\/revisions"}],"wp:featuredmedia":[{"embeddable":true,"href":"https:\/\/www.europesays.com\/fr\/wp-json\/wp\/v2\/media\/571037"}],"wp:attachment":[{"href":"https:\/\/www.europesays.com\/fr\/wp-json\/wp\/v2\/media?parent=571036"}],"wp:term":[{"taxonomy":"category","embeddable":true,"href":"https:\/\/www.europesays.com\/fr\/wp-json\/wp\/v2\/categories?post=571036"},{"taxonomy":"post_tag","embeddable":true,"href":"https:\/\/www.europesays.com\/fr\/wp-json\/wp\/v2\/tags?post=571036"}],"curies":[{"name":"wp","href":"https:\/\/api.w.org\/{rel}","templated":true}]}}