{"id":57104,"date":"2025-04-27T15:27:15","date_gmt":"2025-04-27T15:27:15","guid":{"rendered":"https:\/\/www.europesays.com\/fr\/57104\/"},"modified":"2025-04-27T15:27:15","modified_gmt":"2025-04-27T15:27:15","slug":"au-dela-de-me-polluer-natasha-st-pier-nen-vraiment-peut-plus-de-la-polemique-avec-ines-reg","status":"publish","type":"post","link":"https:\/\/www.europesays.com\/fr\/57104\/","title":{"rendered":"\u00ab\u00a0Au-del\u00e0 de me polluer\u2026\u00a0\u00bb : Natasha St-Pier n\u2019en vraiment peut plus de la pol\u00e9mique avec In\u00e8s Reg"},"content":{"rendered":"<p>De passage sur France 2 pour parler de son actualit\u00e9 musicale,<br \/>\n<a href=\"https:\/\/www.closermag.fr\/people\/dommage-natasha-st-pier-amere-elle-en-remet-une-couche-sur-son-conflit-avec-ines-reg-3539453\" rel=\"nofollow noopener\" target=\"_blank\"><br \/>\nNatasha St-Pier<\/a> a exprim\u00e9 son agacement croissant envers la<br \/>\nm\u00e9diatisation continue de son litige avec l\u2019humoriste In\u00e8s Reg. Une<br \/>\nintervention marqu\u00e9e par la volont\u00e9 de recentrer l\u2019attention sur<br \/>\nses projets artistiques.<\/p>\n<p>Un agacement assum\u00e9 face \u00e0 l&#8217;emballement m\u00e9diatique<\/p>\n<p>Alors qu\u2019elle r\u00e9pondait \u00e0 un jeu l\u00e9ger sur le plateau de<br \/>\nT\u00e9l\u00e9matin, Natasha St-Pier a \u00e9t\u00e9 invit\u00e9e \u00e0 choisir entre deux<br \/>\nfigures : <a href=\"https:\/\/www.closermag.fr\/people\/celine-dion-decue-par-garou-la-chanteuse-en-a-encore-tres-gros-sur-la-patate-3536471\" rel=\"nofollow noopener\" target=\"_blank\"><br \/>\nC\u00e9line Dion<\/a> ou <a href=\"https:\/\/www.closermag.fr\/people\/ines-reg-terrorisee-par-yann-barthes-elle-le-met-au-pied-du-mur-en-direct-3533577\" rel=\"nofollow noopener\" target=\"_blank\"><br \/>\nIn\u00e8s Reg<\/a>. Sans h\u00e9siter, la chanteuse canadienne a opt\u00e9 pour<br \/>\nC\u00e9line Dion, justifiant : \u00ab\u00a0L\u00e0, franchement, ma r\u00e9ponse est<br \/>\ntoute trouv\u00e9e. Puisque je la connais depuis beaucoup plus d\u2019ann\u00e9es<br \/>\net que j\u2019ai chant\u00e9 beaucoup plus ses chansons.\u00a0\u00bb<\/p>\n<p>Si l\u2019exercice semblait anodin, il a rapidement gliss\u00e9 vers une<br \/>\nquestion plus directe sur l&rsquo;impact m\u00e9diatique de son diff\u00e9rend avec<br \/>\nIn\u00e8s Reg. \u00c0 ce sujet, Natasha St-Pier n\u2019a pas cach\u00e9 son<br \/>\nexasp\u00e9ration : \u00ab\u00a0Au-del\u00e0 de me polluer moi, \u00e7a pollue les<br \/>\nt\u00e9l\u00e9spectateurs, \u00e7a pollue les gens qui lisent les infos.\u00a0\u00bb<\/p>\n<p>Pour l\u2019artiste, le probl\u00e8me d\u00e9passe sa propre personne. Elle<br \/>\nestime que la r\u00e9p\u00e9tition de cette pol\u00e9mique nuit au public, lass\u00e9<br \/>\nd\u2019entendre toujours la m\u00eame histoire. \u00a0\u00bb \u00c0 un moment donn\u00e9,<br \/>\nquand une info est trop relay\u00e9e, on n\u2019en peut plus. Moi, la<br \/>\npremi\u00e8re \u00ab\u00a0, a-t-elle pr\u00e9cis\u00e9, en appelant \u00e0 tourner la<br \/>\npage.<\/p>\n<p>Une demande claire : passer \u00e0 autre chose<\/p>\n<p>Consciente de l\u2019attention disproportionn\u00e9e accord\u00e9e \u00e0 cet<br \/>\n\u00e9pisode, Natasha St-Pier a profit\u00e9 de son passage t\u00e9l\u00e9vis\u00e9 pour<br \/>\nadresser un message direct aux journalistes. Sans d\u00e9tour, elle a<br \/>\npropos\u00e9 de changer de perspective : \u00ab\u00a0Et si on d\u00e9cidait<br \/>\nm\u00e9diatiquement, d\u2019un commun accord avec tous les journalistes de<br \/>\nparler d\u2019autre chose.\u00a0\u00bb<\/p>\n<p>\u00c0 travers ses propos, l\u2019artiste souligne qu\u2019elle reste capable<br \/>\nd\u2019encaisser les commentaires, mais qu\u2019elle s\u2019inqui\u00e8te avant tout<br \/>\npour les spectateurs et lecteurs, fatigu\u00e9s par cette omnipr\u00e9sence<br \/>\nm\u00e9diatique. \u00ab\u00a0En fait, moi, je peux toujours en prendre, mais je<br \/>\nme mets \u00e0 la place des gens qui ont totalement envie d\u2019entendre<br \/>\nparler d\u2019autre chose et probablement de cette artiste qui a<br \/>\nd\u2019autres choses \u00e0 proposer, elle a aussi envie de parler d\u2019autre<br \/>\nchose \u00ab\u00a0, a-t-elle ajout\u00e9.<\/p>\n<p>Une nouvelle \u00e9tape personnelle en<br \/>\nvue<\/p>\n<p>Au-del\u00e0 de ce coup de gueule m\u00e9diatique, Natasha St-Pier a<br \/>\n\u00e9galement partag\u00e9 une annonce plus personnelle. Ayant pass\u00e9 plus de<br \/>\ntemps en France qu&rsquo;au Canada, la chanteuse a entrepris des<br \/>\nd\u00e9marches pour obtenir la nationalit\u00e9 fran\u00e7aise. \u00ab\u00a0Je me suis<br \/>\nrendu compte que j\u2019ai pass\u00e9 plus d\u2019ann\u00e9es sur le territoire<br \/>\nfran\u00e7ais qu\u2019au Canada\u00a0\u00bb, a-t-elle expliqu\u00e9 sur le plateau de<br \/>\nT\u00e9l\u00e9matin.<\/p>\n<p>Son fils poss\u00e9dant d\u00e9j\u00e0 la double nationalit\u00e9, elle a estim\u00e9<br \/>\nnaturel de suivre le m\u00eame chemin. \u00ab\u00a0Il faudrait aussi que j\u2019aie<br \/>\nla nationalit\u00e9 fran\u00e7aise\u00a0\u00bb, a-t-elle confi\u00e9, pr\u00e9cisant que son<br \/>\ndossier de demande de naturalisation est en cours. Toutefois,<br \/>\nNatasha St-Pier a averti que les proc\u00e9dures prennent du temps et<br \/>\nqu\u2019il faudra patienter plus d\u2019un an avant d\u2019avoir une r\u00e9ponse<br \/>\nd\u00e9finitive.<\/p>\n","protected":false},"excerpt":{"rendered":"De passage sur France 2 pour parler de son actualit\u00e9 musicale, Natasha St-Pier a exprim\u00e9 son agacement croissant&hellip;\n","protected":false},"author":2,"featured_media":57105,"comment_status":"","ping_status":"","sticky":false,"template":"","format":"standard","meta":{"footnotes":""},"categories":[1355],"tags":[548,58,59,1011,27,13782,1361,873,13783],"class_list":{"0":"post-57104","1":"post","2":"type-post","3":"status-publish","4":"format-standard","5":"has-post-thumbnail","7":"category-musique","8":"tag-article-simple","9":"tag-divertissement","10":"tag-entertainment","11":"tag-fr","12":"tag-france","13":"tag-ines-reg","14":"tag-music","15":"tag-musique","16":"tag-natasha-st-pier"},"share_on_mastodon":{"url":"https:\/\/pubeurope.com\/@fr\/114410634970631200","error":""},"_links":{"self":[{"href":"https:\/\/www.europesays.com\/fr\/wp-json\/wp\/v2\/posts\/57104","targetHints":{"allow":["GET"]}}],"collection":[{"href":"https:\/\/www.europesays.com\/fr\/wp-json\/wp\/v2\/posts"}],"about":[{"href":"https:\/\/www.europesays.com\/fr\/wp-json\/wp\/v2\/types\/post"}],"author":[{"embeddable":true,"href":"https:\/\/www.europesays.com\/fr\/wp-json\/wp\/v2\/users\/2"}],"replies":[{"embeddable":true,"href":"https:\/\/www.europesays.com\/fr\/wp-json\/wp\/v2\/comments?post=57104"}],"version-history":[{"count":0,"href":"https:\/\/www.europesays.com\/fr\/wp-json\/wp\/v2\/posts\/57104\/revisions"}],"wp:featuredmedia":[{"embeddable":true,"href":"https:\/\/www.europesays.com\/fr\/wp-json\/wp\/v2\/media\/57105"}],"wp:attachment":[{"href":"https:\/\/www.europesays.com\/fr\/wp-json\/wp\/v2\/media?parent=57104"}],"wp:term":[{"taxonomy":"category","embeddable":true,"href":"https:\/\/www.europesays.com\/fr\/wp-json\/wp\/v2\/categories?post=57104"},{"taxonomy":"post_tag","embeddable":true,"href":"https:\/\/www.europesays.com\/fr\/wp-json\/wp\/v2\/tags?post=57104"}],"curies":[{"name":"wp","href":"https:\/\/api.w.org\/{rel}","templated":true}]}}