{"id":571048,"date":"2025-12-01T13:59:13","date_gmt":"2025-12-01T13:59:13","guid":{"rendered":"https:\/\/www.europesays.com\/fr\/571048\/"},"modified":"2025-12-01T13:59:13","modified_gmt":"2025-12-01T13:59:13","slug":"lequipe-nationale-dukraine-de-rugby-a-7-etait-en-stage-a-la-teste-de-buch","status":"publish","type":"post","link":"https:\/\/www.europesays.com\/fr\/571048\/","title":{"rendered":"L\u2019\u00e9quipe nationale d\u2019Ukraine de rugby \u00e0 7 \u00e9tait en stage \u00e0 La Teste-de-Buch"},"content":{"rendered":"<p>Ils ont \u00e9t\u00e9 re\u00e7us par les dirigeants du Rugby Club de bassin d\u2019Arcachon (RCBA) et plusieurs \u00e9lus avant de d\u00e9buter l\u2019entra\u00eenement vendredi. Pendant trois jours, ils ont profit\u00e9 des installations du RCBA et ont \u00e9galement fait un peu de tourisme sportif en montant par exemple la dune du Pilat, sans l\u2019escalier bien s\u00fbr.<\/p>\n<p>Ivan Surkov, le manager technique de l\u2019\u00e9quipe, indique que ce stage, qui s\u2019inscrit dans un projet sur quatre\u00a0ans, poursuivait plusieurs objectifs. D\u2019une part, souder l\u2019\u00e9quipe constitu\u00e9e de jeunes et de joueurs plus anciens, d\u2019autre part, profiter des comp\u00e9tences d\u2019entra\u00eeneurs fran\u00e7ais afin de progresser et de lui permettre de se maintenir en premi\u00e8re division europ\u00e9enne, la\u00a0Sevens Championship Series, un niveau qu\u2019elle vient d\u2019atteindre.<\/p>\n<p>La famille du rugby<\/p>\n<p>Pourquoi la France et La Teste-de-Buch\u00a0? J\u00e9r\u00e9my Bertin est un des deux entra\u00eeneurs avec Thomas Vergnaud \u00e0 animer ce stage. Ancien joueur professionnel et de l\u2019\u00e9quipe de France, il raconte\u00a0: \u00ab\u00a0On est all\u00e9 en Ukraine avant la guerre pour le d\u00e9veloppement du rugby.\u00a0\u00bb C\u2019est \u00e0 cette occasion qu\u2019ils ont rencontr\u00e9 Ivan Surkov et ainsi, au d\u00e9but du conflit, ils ont accueilli sa femme et son enfant \u00e0 P\u00e9rigueux.<\/p>\n<p>Le monde du rugby est petit. Damien Costanzo, ancien joueur de P\u00e9rigueux tr\u00e8s li\u00e9 \u00e0 l\u2019Ukraine pour des raisons familiales, est aussi copr\u00e9sident du RCBA. De plus, J\u00e9r\u00e9my Bertin a partag\u00e9 en \u00e9quipe de France des moments de rugby avec Julien Antonin, cr\u00e9ateur de l\u2019association Seven Pyla Rugby.<\/p>\n","protected":false},"excerpt":{"rendered":"Ils ont \u00e9t\u00e9 re\u00e7us par les dirigeants du Rugby Club de bassin d\u2019Arcachon (RCBA) et plusieurs \u00e9lus avant&hellip;\n","protected":false},"author":2,"featured_media":571049,"comment_status":"","ping_status":"","sticky":false,"template":"","format":"standard","meta":{"footnotes":""},"categories":[1590],"tags":[11,1777,674,12,220],"class_list":{"0":"post-571048","1":"post","2":"type-post","3":"status-publish","4":"format-standard","5":"has-post-thumbnail","7":"category-ukraine","8":"tag-actualites","9":"tag-eu","10":"tag-europe","11":"tag-news","12":"tag-ukraine"},"share_on_mastodon":{"url":"https:\/\/pubeurope.com\/@fr\/115644672987571716","error":""},"_links":{"self":[{"href":"https:\/\/www.europesays.com\/fr\/wp-json\/wp\/v2\/posts\/571048","targetHints":{"allow":["GET"]}}],"collection":[{"href":"https:\/\/www.europesays.com\/fr\/wp-json\/wp\/v2\/posts"}],"about":[{"href":"https:\/\/www.europesays.com\/fr\/wp-json\/wp\/v2\/types\/post"}],"author":[{"embeddable":true,"href":"https:\/\/www.europesays.com\/fr\/wp-json\/wp\/v2\/users\/2"}],"replies":[{"embeddable":true,"href":"https:\/\/www.europesays.com\/fr\/wp-json\/wp\/v2\/comments?post=571048"}],"version-history":[{"count":0,"href":"https:\/\/www.europesays.com\/fr\/wp-json\/wp\/v2\/posts\/571048\/revisions"}],"wp:featuredmedia":[{"embeddable":true,"href":"https:\/\/www.europesays.com\/fr\/wp-json\/wp\/v2\/media\/571049"}],"wp:attachment":[{"href":"https:\/\/www.europesays.com\/fr\/wp-json\/wp\/v2\/media?parent=571048"}],"wp:term":[{"taxonomy":"category","embeddable":true,"href":"https:\/\/www.europesays.com\/fr\/wp-json\/wp\/v2\/categories?post=571048"},{"taxonomy":"post_tag","embeddable":true,"href":"https:\/\/www.europesays.com\/fr\/wp-json\/wp\/v2\/tags?post=571048"}],"curies":[{"name":"wp","href":"https:\/\/api.w.org\/{rel}","templated":true}]}}