{"id":571055,"date":"2025-12-01T14:04:20","date_gmt":"2025-12-01T14:04:20","guid":{"rendered":"https:\/\/www.europesays.com\/fr\/571055\/"},"modified":"2025-12-01T14:04:20","modified_gmt":"2025-12-01T14:04:20","slug":"les-etats-unis-investissent-dix-fois-plus-que-leurope-dans-les-infrastructures-dia","status":"publish","type":"post","link":"https:\/\/www.europesays.com\/fr\/571055\/","title":{"rendered":"Les \u00c9tats-Unis investissent dix fois plus que l\u2019Europe dans les infrastructures d\u2019IA"},"content":{"rendered":"<p>L\u2019intelligence artificielle n\u2019est pas une technologie, c\u2019est une infrastructure. Et comme toute infrastructure, \u00e9lectricit\u00e9, r\u00e9seau ferroviaire, a\u00e9roports, cloud, celui qui la construit en premier d\u00e9termine la direction du trafic mondial de capitaux, de talents et d\u2019innovation.<\/p>\n<p>Selon le State of European Tech 2025 d\u2019Atomico, cette infrastructure est d\u00e9sormais domin\u00e9e par les \u00c9tats-Unis, qui ont investi environ 119 milliards de dollars dans l\u2019IA en 2025, soit plus de dix fois plus que l\u2019Europe et plus du double de celui de la Chine. <\/p>\n<p>C\u2019est un d\u00e9s\u00e9quilibre d\u2019\u00e9chelle, mais surtout de strat\u00e9gie.<\/p>\n<p>Cette asym\u00e9trie ne concerne pas seulement les mod\u00e8les linguistiques : elle concerne les centres de donn\u00e9es, les puces, les ordinateurs, les mod\u00e8les de fondation, les capacit\u00e9s de formation et les v\u00e9ritables \u00ab \u00e9cosyst\u00e8mes informatiques \u00bb qui permettent de former des syst\u00e8mes de plus en plus avanc\u00e9s.<\/p>\n<p>L\u2019Europe, en revanche, concentre avant tout ses investissements sur l\u2019IA appliqu\u00e9e : sant\u00e9, industrie, mobilit\u00e9, finance, \u00e9nergie.<\/p>\n<p>Le r\u00e9sultat ? Deux mod\u00e8les diff\u00e9rents se d\u00e9pla\u00e7ant en parall\u00e8le, mais pas \u00e0 la m\u00eame vitesse.<\/p>\n<p>\u00c0 LIRE AUSSI : \u00ab\u00c9crivons les algorithmes, au lieu de nous laisser dominer par les USA et la Chine\u00bb. Entretien avec Alec Ross<\/p>\n<p>Les \u00c9tats-Unis investissent 119 milliards : la \u00ab balance musculaire \u00bb de la nouvelle \u00e9conomie de l\u2019IA<\/p>\n<p>Le chiffre de 119 milliards n\u2019est pas seulement impressionnant : il est r\u00e9v\u00e9lateur. Les \u00c9tats-Unis construisent une infrastructure nationale d\u2019IA bas\u00e9e sur trois piliers\u00a0:<\/p>\n<ol class=\"wp-block-list\">\n<li>Informatique \u00e0 grande \u00e9chelle (GPU, TPU, supercalculateurs priv\u00e9s et r\u00e9gionaux)<\/li>\n<li>Mod\u00e8les de base pilot\u00e9s par d\u2019\u00e9normes quantit\u00e9s de donn\u00e9es<\/li>\n<li>Des \u00e9cosyst\u00e8mes de capitaux priv\u00e9s capables de supporter des co\u00fbts gigantesques<\/li>\n<\/ol>\n<p>En 2025, le co\u00fbt moyen de formation d\u2019un mod\u00e8le de fondation de nouvelle g\u00e9n\u00e9ration d\u00e9passe d\u00e9j\u00e0 le milliard de dollars. Cela cr\u00e9e un march\u00e9 dans lequel seuls les pays capables de mobiliser d\u2019\u00e9normes quantit\u00e9s de capitaux peuvent rivaliser dans le haut de gamme de l\u2019IA.<\/p>\n<p><img loading=\"lazy\" decoding=\"async\" width=\"797\" height=\"550\" src=\"https:\/\/www.europesays.com\/fr\/wp-content\/uploads\/2025\/12\/1764597001_458_Les-Etats-Unis-investissent-dix-fois-plus-que-lEurope-dans-les.png\" alt=\"\u00c9tat de la technologie europ\u00e9enne 2025 par Atomico\" class=\"wp-image-111233\"\/><\/p>\n<p>L\u2019Europe n\u2019en fait pas encore partie.<\/p>\n<p>La distance n\u2019est pas qualitative : elle est dimensionnelle. Il ne s\u2019agit pas de comp\u00e9tences ou de talent scientifiques, mais de capacit\u00e9 \u00e0 investir dans la partie de l\u2019IA qui n\u00e9cessite des dizaines de milliards d\u2019infrastructures.<\/p>\n<p>C\u2019est la raison pour laquelle le leadership mondial en mati\u00e8re d\u2019IA est d\u00e9sormais am\u00e9ricain et pour laquelle l\u2019Europe doit choisir une strat\u00e9gie diff\u00e9rente.<\/p>\n<p>L\u2019Europe investit beaucoup moins : forte dans l\u2019IA appliqu\u00e9e, faible dans les infrastructures<\/p>\n<p>Le rapport State of European Tech 2025 d\u2019Atomico met en \u00e9vidence une caract\u00e9ristique cl\u00e9 de l\u2019Europe : le continent investit massivement dans l\u2019IA appliqu\u00e9e, et beaucoup moins dans l\u2019IA infrastructurelle.<\/p>\n<p><img loading=\"lazy\" decoding=\"async\" width=\"802\" height=\"498\" src=\"https:\/\/www.europesays.com\/fr\/wp-content\/uploads\/2025\/12\/1764597001_8_Les-Etats-Unis-investissent-dix-fois-plus-que-lEurope-dans-les.png\" alt=\"L\u2019Europe investit beaucoup moins : forte dans l\u2019IA appliqu\u00e9e, faible dans les infrastructures\" class=\"wp-image-111235\"\/><\/p>\n<p>Les fonds europ\u00e9ens se concentrent principalement sur :<\/p>\n<ul class=\"wp-block-list\">\n<li>solutions verticales dans les domaines de la sant\u00e9, des biotechnologies et de l\u2019imagerie<\/li>\n<li>applications industrielles et automatisation<\/li>\n<li>mobilit\u00e9 et automobile<\/li>\n<li>technologies de l\u2019\u00e9nergie et du climat<\/li>\n<li>logiciels de cybers\u00e9curit\u00e9 et d\u2019entreprise<\/li>\n<li>mod\u00e8les linguistiques sp\u00e9cialis\u00e9s pour les langues europ\u00e9ennes et les secteurs r\u00e9glement\u00e9s<\/li>\n<\/ul>\n<p>La logique europ\u00e9enne est claire : ne pas rivaliser dans la construction de g\u00e9ants des infrastructures, mais se concentrer sur l\u2019efficacit\u00e9, la sp\u00e9cialisation et les cas d\u2019usage concrets.<\/p>\n<p>L\u2019Europe compte peu d\u2019\u00ab\u00a0hyperscalers de l\u2019IA\u00a0\u00bb, mais de nombreux exemples d\u2019entreprises exploitant l\u2019IA de mani\u00e8re sophistiqu\u00e9e et pratique, m\u00eame dans des secteurs o\u00f9 les \u00c9tats-Unis sont moins pr\u00e9sents, tels que\u00a0:<\/p>\n<ul class=\"wp-block-list\">\n<li>fabrication avanc\u00e9e<\/li>\n<li>robotique industrielle<\/li>\n<li>\u00e9nergie renouvelable<\/li>\n<li>diagnostic m\u00e9dical<\/li>\n<li>mobilit\u00e9 intelligente<\/li>\n<li>automatisation dans les services publics<\/li>\n<\/ul>\n<p>Il s\u2019agit d\u2019un avantage concurrentiel diff\u00e9rent, mais r\u00e9el.<\/p>\n<p>Pas seulement une faiblesse : l\u2019Europe est d\u00e9j\u00e0 un laboratoire d\u2019IA avanc\u00e9e<\/p>\n<p>Malgr\u00e9 l\u2019\u00e9loignement des capitales, le continent a construit un \u00e9cosyst\u00e8me d\u2019IA \u00e9tonnamment viable.<\/p>\n<p><img loading=\"lazy\" decoding=\"async\" width=\"810\" height=\"626\" src=\"https:\/\/www.europesays.com\/fr\/wp-content\/uploads\/2025\/12\/1764597001_592_Les-Etats-Unis-investissent-dix-fois-plus-que-lEurope-dans-les.png\" alt=\"Quelques-uns des protagonistes les plus int\u00e9ressants de l\u2019IA europ\u00e9enne\" class=\"wp-image-111237\"\/><\/p>\n<p>Certains des acteurs les plus int\u00e9ressants de l\u2019IA europ\u00e9enne montrent que la concurrence mondiale n\u2019est pas perdue, mais suit une voie diff\u00e9rente.<\/p>\n<p>Voici les r\u00e9alit\u00e9s qui incarnent la \u00ab voie europ\u00e9enne \u00bb vers l\u2019IA\u00a0:<\/p>\n<p>N\u00e9bius<\/p>\n<p>Infrastructure cloud et IA \u00e0 forte int\u00e9gration mat\u00e9riel-logiciel, n\u00e9e comme une spin-off technologique et aujourd\u2019hui l\u2019un des acteurs les plus prometteurs de l\u2019informatique europ\u00e9enne.<\/p>\n<p>N\u00e9chelle<\/p>\n<p>Sp\u00e9cialis\u00e9 dans les mod\u00e8les entra\u00eenables optimis\u00e9s, efficaces et rentables. Elle repr\u00e9sente le c\u00f4t\u00e9 le plus \u00ab rationnel \u00bb de l\u2019IA europ\u00e9enne : m\u00eame puissance, moins de gaspillage.<\/p>\n<p>Domyne<\/p>\n<p>Construit des architectures d\u2019IA pour les environnements cloud hybrides et f\u00e9d\u00e9r\u00e9s, une approche essentielle pour les secteurs r\u00e9glement\u00e9s.<\/p>\n<p>OnzeLabs<\/p>\n<p>Produit phare de l\u2019IA g\u00e9n\u00e9ratrice de parole, avec un leadership mondial dans le domaine de la synth\u00e8se vocale et de l\u2019IA vocale.<\/p>\n<p>Profond<\/p>\n<p>L\u2019un des mod\u00e8les linguistiques les plus utilis\u00e9s au monde pour la traduction et la compr\u00e9hension des langues : moins de param\u00e8tres que les LLM am\u00e9ricains, mais une qualit\u00e9 extraordinaire.<\/p>\n<p>Laboratoires de la For\u00eat-Noire<\/p>\n<p>Sp\u00e9cialis\u00e9 dans les mod\u00e8les d\u2019images g\u00e9n\u00e9ratifs, avec une approche de formation in\u00e9dite en Europe et de fortes garanties sur la provenance des donn\u00e9es.<\/p>\n<p>Ces entreprises ne rivalisent pas en termes de \u00ab puissance de calcul pure \u00bb, mais en termes de pr\u00e9cision, d\u2019optimisation, de durabilit\u00e9 des co\u00fbts et de fiabilit\u00e9. C\u2019est un \u00e9cosyst\u00e8me qui ne cherche pas \u00e0 imiter les USA, mais \u00e0 construire une strat\u00e9gie compl\u00e9mentaire.<\/p>\n<p>Deux voies pour l\u2019IA : \u00e9chelle massive ou efficacit\u00e9 europ\u00e9enne<\/p>\n<p>Si l\u2019IA est une infrastructure, il existe deux mani\u00e8res de la construire.<\/p>\n<p>1. Le mod\u00e8le am\u00e9ricain : maximiser l\u2019\u00e9chelle<\/p>\n<ul class=\"wp-block-list\">\n<li>acc\u00e8s illimit\u00e9 aux capitaux priv\u00e9s<\/li>\n<li>concentration dans quelques grands \u00e9chantillons<\/li>\n<li>infrastructure nationale et militaire int\u00e9gr\u00e9e<\/li>\n<li>d\u2019\u00e9normes partenariats public-priv\u00e9<\/li>\n<\/ul>\n<p>C\u2019est un mod\u00e8le efficace, mais difficile \u00e0 reproduire.<\/p>\n<p>2. Le mod\u00e8le europ\u00e9en : maximiser l\u2019efficacit\u00e9<\/p>\n<ul class=\"wp-block-list\">\n<li>sp\u00e9cialisation sectorielle<\/li>\n<li>L\u2019IA adapt\u00e9e aux contextes r\u00e9gul\u00e9s<\/li>\n<li>attention \u00e0 la durabilit\u00e9 de l\u2019ordinateur<\/li>\n<li>fortes int\u00e9grations avec l\u2019industrie, l\u2019\u00e9nergie, la mobilit\u00e9<\/li>\n<\/ul>\n<p>Un mod\u00e8le plus distribu\u00e9, moins spectaculaire, mais avec un r\u00e9el impact.<\/p>\n<p>Qu\u2019est-ce que tout cela signifie pour l\u2019avenir de l\u2019Europe<\/p>\n<p>Le rapport State of European Tech 2025 d\u2019Atomico sugg\u00e8re que le d\u00e9ficit d\u2019investissement dans les infrastructures est un probl\u00e8me \u00e0 prendre tr\u00e8s au s\u00e9rieux, mais souligne \u00e9galement que l\u2019Europe a d\u00e9j\u00e0 commenc\u00e9 \u00e0 construire une voie alternative.<\/p>\n<p><img loading=\"lazy\" decoding=\"async\" width=\"818\" height=\"644\" src=\"https:\/\/www.europesays.com\/fr\/wp-content\/uploads\/2025\/12\/1764013790_933_La-technologie-en-Europe-est-a-la-croisee-des-chemins.png\" alt=\"Ambitions pour la technologie europ\u00e9enne\" class=\"wp-image-111208\"\/><\/p>\n<p>Pour \u00eatre comp\u00e9titif \u00e0 long terme, le continent devra :<\/p>\n<ul class=\"wp-block-list\">\n<li>rendre les GPU et le calcul souverain plus disponibles<\/li>\n<li>encourager la cr\u00e9ation de fonds d\u00e9di\u00e9s aux mod\u00e8les de fondation et aux infrastructures d\u2019IA<\/li>\n<li>r\u00e9duire la d\u00e9pendance \u00e0 l\u2019\u00e9gard des prestataires tiers<\/li>\n<li>acc\u00e9l\u00e9rer le d\u00e9veloppement du mat\u00e9riel, des puces et des syst\u00e8mes de pointe<\/li>\n<li>valoriser des acteurs europ\u00e9ens d\u00e9j\u00e0 forts dans la deep tech<\/li>\n<\/ul>\n<p>L\u2019IA du futur ne sera pas seulement une puissance de calcul : ce sera un \u00e9cosyst\u00e8me compos\u00e9 d\u2019informatique, de donn\u00e9es, de s\u00e9curit\u00e9, d\u2019applications et de gouvernance.<\/p>\n<p>Sur certains de ces \u00e9l\u00e9ments, l\u2019Europe est en retard. Pour d\u2019autres, c\u2019est d\u00e9j\u00e0 un pas en avant.<\/p>\n<p>L\u2019Europe ne doit pas copier les \u00c9tats-Unis. Il doit compl\u00e9ter sa strat\u00e9gie<\/p>\n<p>Les \u00c9tats-Unis ont choisi la voie du d\u00e9ploiement \u00e0 grande \u00e9chelle. L\u2019Europe est celle des applications efficaces, durables et sp\u00e9cialis\u00e9es.<\/p>\n<p>Le continent ne doit pas poursuivre les USA sur leur terrain : il doit acc\u00e9l\u00e9rer tout seul.<\/p>\n<p>Le rapport State of European Tech 2025 d\u2019Atomico montre clairement que le d\u00e9ficit d\u2019investissement est \u00e9norme, mais pas insurmontable.<br \/>Si l\u2019Europe parvient \u00e0 renforcer sa couche d\u2019infrastructures sans renoncer \u00e0 ses atouts, \u00e0 l\u2019industrie, \u00e0 l\u2019automatisation, \u00e0 la technologie profonde, \u00e0 la r\u00e9glementation et \u00e0 la qualit\u00e9, elle sera en mesure de jouer un r\u00f4le mondial dans la nouvelle \u00e9conomie de l\u2019IA.<\/p>\n<p>Les \u00c9tats-Unis ont construit leur puissance. L\u2019Europe peut construire la pr\u00e9cision.<\/p>\n<p>Et dans un monde qui \u00e9volue vers une IA distribu\u00e9e et efficace int\u00e9gr\u00e9e dans de v\u00e9ritables industries, la pr\u00e9cision peut devenir un avantage d\u00e9cisif.<\/p>\n","protected":false},"excerpt":{"rendered":"L\u2019intelligence artificielle n\u2019est pas une technologie, c\u2019est une infrastructure. Et comme toute infrastructure, \u00e9lectricit\u00e9, r\u00e9seau ferroviaire, a\u00e9roports, cloud,&hellip;\n","protected":false},"author":2,"featured_media":571056,"comment_status":"","ping_status":"","sticky":false,"template":"","format":"standard","meta":{"footnotes":""},"categories":[1586],"tags":[11,42388,1446,7365,35855,1777,674,3395,1011,27,5495,68620,1808,151,12,25],"class_list":{"0":"post-571055","1":"post","2":"type-post","3":"status-publish","4":"format-standard","5":"has-post-thumbnail","7":"category-europe","8":"tag-actualites","9":"tag-dia","10":"tag-dans","11":"tag-dix","12":"tag-etatsunis","13":"tag-eu","14":"tag-europe","15":"tag-fois","16":"tag-fr","17":"tag-france","18":"tag-infrastructures","19":"tag-investissent","20":"tag-leurope","21":"tag-les","22":"tag-news","23":"tag-republique-francaise"},"share_on_mastodon":{"url":"https:\/\/pubeurope.com\/@fr\/115644693313743413","error":""},"_links":{"self":[{"href":"https:\/\/www.europesays.com\/fr\/wp-json\/wp\/v2\/posts\/571055","targetHints":{"allow":["GET"]}}],"collection":[{"href":"https:\/\/www.europesays.com\/fr\/wp-json\/wp\/v2\/posts"}],"about":[{"href":"https:\/\/www.europesays.com\/fr\/wp-json\/wp\/v2\/types\/post"}],"author":[{"embeddable":true,"href":"https:\/\/www.europesays.com\/fr\/wp-json\/wp\/v2\/users\/2"}],"replies":[{"embeddable":true,"href":"https:\/\/www.europesays.com\/fr\/wp-json\/wp\/v2\/comments?post=571055"}],"version-history":[{"count":0,"href":"https:\/\/www.europesays.com\/fr\/wp-json\/wp\/v2\/posts\/571055\/revisions"}],"wp:featuredmedia":[{"embeddable":true,"href":"https:\/\/www.europesays.com\/fr\/wp-json\/wp\/v2\/media\/571056"}],"wp:attachment":[{"href":"https:\/\/www.europesays.com\/fr\/wp-json\/wp\/v2\/media?parent=571055"}],"wp:term":[{"taxonomy":"category","embeddable":true,"href":"https:\/\/www.europesays.com\/fr\/wp-json\/wp\/v2\/categories?post=571055"},{"taxonomy":"post_tag","embeddable":true,"href":"https:\/\/www.europesays.com\/fr\/wp-json\/wp\/v2\/tags?post=571055"}],"curies":[{"name":"wp","href":"https:\/\/api.w.org\/{rel}","templated":true}]}}