{"id":571057,"date":"2025-12-01T14:05:13","date_gmt":"2025-12-01T14:05:13","guid":{"rendered":"https:\/\/www.europesays.com\/fr\/571057\/"},"modified":"2025-12-01T14:05:13","modified_gmt":"2025-12-01T14:05:13","slug":"la-ministre-anand-fera-progresser-la-cooperation-entre-le-canada-et-lunion-europeenne-et-participera-a-la-reunion-des-ministres-des-affaires-etrangeres-de-lotan","status":"publish","type":"post","link":"https:\/\/www.europesays.com\/fr\/571057\/","title":{"rendered":"La ministre Anand fera progresser la coop\u00e9ration entre le Canada et l\u2019Union europ\u00e9enne et participera \u00e0 la R\u00e9union des ministres des Affaires \u00e9trang\u00e8res de l\u2019OTAN"},"content":{"rendered":"<p>Le 1er d\u00e9cembre 2025 \u2013 Ottawa (Ontario) \u2013 Affaires mondiales Canada<\/p>\n<p>La ministre des Affaires \u00e9trang\u00e8res, Anita Anand, a annonc\u00e9 aujourd\u2019hui qu\u2019elle se rendra \u00e0 Bruxelles, en Belgique, le 1er d\u00e9cembre 2025, pour des engagements de haut niveau avec l\u2019Union europ\u00e9enne (UE) et pour participer \u00e0 la R\u00e9union des ministres des Affaires \u00e9trang\u00e8res de l\u2019OTAN.<\/p>\n<p>Le 2 d\u00e9cembre, la ministre Anand tiendra des r\u00e9unions avec des hauts responsables de l\u2019UE afin de renforcer la coop\u00e9ration sur les priorit\u00e9s communes. La ministre renforcera la collaboration \u00e9conomique, notamment par des discussions visant \u00e0 accro\u00eetre la r\u00e9silience des cha\u00eenes d\u2019approvisionnement, \u00e0 faire progresser les objectifs communs en mati\u00e8re de s\u00e9curit\u00e9 \u00e9conomique et \u00e0 explorer des moyens de renforcer la mise en \u0153uvre des sanctions.<\/p>\n<p>Le 3 d\u00e9cembre, la ministre Anand assistera \u00e0 la R\u00e9union des ministres des Affaires \u00e9trang\u00e8res de l\u2019OTAN. La R\u00e9union constituera une occasion importante de r\u00e9affirmer l\u2019unit\u00e9 des Alli\u00e9s et leur d\u00e9termination commune \u00e0 relever les d\u00e9fis strat\u00e9giques auxquels l\u2019Alliance est confront\u00e9e.<\/p>\n<p>\u00c0 cette occasion, elle abordera les d\u00e9fis g\u00e9opolitiques qui touchent la s\u00e9curit\u00e9 euro-atlantique et fera progresser des efforts visant \u00e0 contrer les menaces pos\u00e9es par la Russie. La ministre participera \u00e9galement \u00e0 une r\u00e9union du Conseil OTAN-Ukraine afin de renforcer le soutien coordonn\u00e9 \u00e0 l\u2019Ukraine, dans le contexte de l\u2019agression continue de la Russie.<\/p>\n<p>En marge de la r\u00e9union minist\u00e9rielle, la ministre Anand tiendra des rencontres bilat\u00e9rales avec le secr\u00e9taire g\u00e9n\u00e9ral de l\u2019OTAN, Mark Rutte, ainsi qu\u2019avec d\u2019autres homologues afin d\u2019\u00e9changer sur le renforcement de la dissuasion et de la d\u00e9fense.<\/p>\n","protected":false},"excerpt":{"rendered":"Le 1er d\u00e9cembre 2025 \u2013 Ottawa (Ontario) \u2013 Affaires mondiales Canada La ministre des Affaires \u00e9trang\u00e8res, Anita Anand,&hellip;\n","protected":false},"author":2,"featured_media":571058,"comment_status":"","ping_status":"","sticky":false,"template":"","format":"standard","meta":{"footnotes":""},"categories":[1586],"tags":[11,260,39652,574,39653,38969,1777,674,1779,1011,27,8660,1577,12,25,1778,364],"class_list":{"0":"post-571057","1":"post","2":"type-post","3":"status-publish","4":"format-standard","5":"has-post-thumbnail","7":"category-europe","8":"tag-actualites","9":"tag-affaires-etrangeres","10":"tag-affaires-mondiales-canada","11":"tag-canada","12":"tag-canada-et-le-monde","13":"tag-communiques-de-presse","14":"tag-eu","15":"tag-europe","16":"tag-european-union","17":"tag-fr","18":"tag-france","19":"tag-grand-public","20":"tag-l","21":"tag-news","22":"tag-republique-francaise","23":"tag-ue","24":"tag-union-europeenne"},"share_on_mastodon":{"url":"https:\/\/pubeurope.com\/@fr\/115644696158252211","error":""},"_links":{"self":[{"href":"https:\/\/www.europesays.com\/fr\/wp-json\/wp\/v2\/posts\/571057","targetHints":{"allow":["GET"]}}],"collection":[{"href":"https:\/\/www.europesays.com\/fr\/wp-json\/wp\/v2\/posts"}],"about":[{"href":"https:\/\/www.europesays.com\/fr\/wp-json\/wp\/v2\/types\/post"}],"author":[{"embeddable":true,"href":"https:\/\/www.europesays.com\/fr\/wp-json\/wp\/v2\/users\/2"}],"replies":[{"embeddable":true,"href":"https:\/\/www.europesays.com\/fr\/wp-json\/wp\/v2\/comments?post=571057"}],"version-history":[{"count":0,"href":"https:\/\/www.europesays.com\/fr\/wp-json\/wp\/v2\/posts\/571057\/revisions"}],"wp:featuredmedia":[{"embeddable":true,"href":"https:\/\/www.europesays.com\/fr\/wp-json\/wp\/v2\/media\/571058"}],"wp:attachment":[{"href":"https:\/\/www.europesays.com\/fr\/wp-json\/wp\/v2\/media?parent=571057"}],"wp:term":[{"taxonomy":"category","embeddable":true,"href":"https:\/\/www.europesays.com\/fr\/wp-json\/wp\/v2\/categories?post=571057"},{"taxonomy":"post_tag","embeddable":true,"href":"https:\/\/www.europesays.com\/fr\/wp-json\/wp\/v2\/tags?post=571057"}],"curies":[{"name":"wp","href":"https:\/\/api.w.org\/{rel}","templated":true}]}}