{"id":57106,"date":"2025-04-27T15:28:13","date_gmt":"2025-04-27T15:28:13","guid":{"rendered":"https:\/\/www.europesays.com\/fr\/57106\/"},"modified":"2025-04-27T15:28:13","modified_gmt":"2025-04-27T15:28:13","slug":"cinema-le-melange-des-genres-enieme-film-hypocrite-sur-la-guerre-des-sexes","status":"publish","type":"post","link":"https:\/\/www.europesays.com\/fr\/57106\/","title":{"rendered":"[CIN\u00c9MA] Le M\u00e9lange des genres, \u00e9ni\u00e8me film hypocrite sur la guerre des sexes"},"content":{"rendered":"<p>Polici\u00e8re, Simone (L\u00e9a Drucker) a \u00e9volu\u00e9 dans un environnement plut\u00f4t masculin et conservateur o\u00f9 fusent quotidiennement les blagues salaces et o\u00f9 les id\u00e9ologies en vogue sont observ\u00e9es avec scepticisme. Critique \u00e0 l\u2019\u00e9gard de #MeToo et de #BalanceTonPorc, elle a accept\u00e9, sous la supervision de son chef (et mari), d\u2019infiltrer les \u00ab Hardies \u00bb, un groupuscule f\u00e9ministe radical suspect\u00e9 d\u2019avoir particip\u00e9 au meurtre d\u2019un homme qui maltraitait son \u00e9pouse.<\/p>\n<p>En parall\u00e8le de cela, Paul (Benjamin Lavernhe), petit com\u00e9dien rat\u00e9, cantonn\u00e9 aux publicit\u00e9s et campagnes anti-tabac, assume pleinement d\u2019occuper une position sociale inf\u00e9rieure \u00e0 celle de sa femme Charlotte, com\u00e9dienne de th\u00e9\u00e2tre renomm\u00e9e. Homme moderne, \u00ab progressiste \u00bb, Paul se laisse avec z\u00e8le culpabiliser par les discours d\u2019extr\u00eame gauche qui brocardent sans cesse la \u00ab masculinit\u00e9 toxique \u00bb, tant il est soucieux de complaire \u00e0 son \u00e9poque, de se distinguer de ses semblables masculins et d\u2019appartenir au \u00ab camp du Bien \u00bb\u2026<\/p>\n<p>Le hasard fait que Simone et Paul vont devoir m\u00ealer leur destin. Car la polici\u00e8re, sur le point d\u2019\u00eatre d\u00e9masqu\u00e9e par les \u00ab\u00a0Hardies\u00a0\u00bb, n\u2019a pas trouv\u00e9 d\u2019autre alibi \u00e0 sa pr\u00e9sence en commissariat, la veille, que d\u2019affirmer \u00eatre all\u00e9e porter plainte contre le type du bar, Paul justement, qui l\u2019aurait viol\u00e9e il y a des ann\u00e9es de cela\u2026<\/p>\n<p>Les d\u00e9rives du f\u00e9minisme contemporain<\/p>\n<p>Avec Le M\u00e9lange des genres, le cin\u00e9aste Michel Leclerc, thurif\u00e9raire habituel du cin\u00e9ma de centre gauche bien-pensant, au m\u00eame titre qu\u2019un C\u00e9dric Klapisch, fait part timidement de ses inqui\u00e9tudes l\u00e9gitimes envers les d\u00e9rives d\u2019un n\u00e9o-f\u00e9minisme p\u00e9tri de ressentiment, qui pratique la d\u00e9lation et d\u00e9truit la vie d\u2019innocents. Sur le mode de la caricature, le r\u00e9alisateur du Nom des gens et de T\u00e9l\u00e9 Gaucho, faussement conciliant, fait mine de vouloir rire de tout le monde\u00a0: des militantes f\u00e9ministes hyst\u00e9riques, des hommes-soja d\u00e9construits (\u00ab d\u00e9molis \u00bb, \u00ab\u00a0d\u00e9confis\u00a0\u00bb, nous dit le film), des masculinistes revanchards et m\u00eame de la police, forc\u00e9ment viriliste et surcouillue. La repr\u00e9sentation de cette derni\u00e8re est d\u2019ailleurs plus que dat\u00e9e ; le cin\u00e9aste semble ignorer que les effectifs de police sont compos\u00e9s, de nos jours, de pr\u00e8s de 30 % de femmes, soit plus d\u2019un quart des agents. Et celles-ci sont nombreuses parmi les officiers et les commissaires.<\/p>\n<p>Pas de couilles, pas d\u2019embrouille<\/p>\n<p>Plut\u00f4t dr\u00f4le dans l\u2019absolu, et bien \u00e9crit \u2013 comme souvent avec Michel Leclerc \u2013, le film cherche un peu trop le juste milieu pour ne pas \u00eatre suspect\u2026 Le cin\u00e9aste met sur un m\u00eame niveau l\u2019outrance masculiniste de quelques paum\u00e9s d\u2019Internet \u2013 nettement moins offensifs, en v\u00e9rit\u00e9, que ce qui nous est montr\u00e9 \u00e0 l\u2019\u00e9cran \u2013 et la capacit\u00e9 de nuisance \u2013 <a href=\"https:\/\/www.bvoltaire.fr\/franck-gastambide-nouvel-homme-sacrifie-sur-lautel-de-metoo\/\" target=\"_blank\" rel=\"noopener\">bien r\u00e9elle !<\/a> \u2013 des militantes de #BalanceTonPorc. Pour autant, entre les deux, le r\u00e9alisateur ne cache pas sa pr\u00e9f\u00e9rence (bienveillance ?) pour le f\u00e9minisme radical et son \u00e9masculation programm\u00e9e des hommes. Paul ne dit-il pas aux masculinistes \u00ab Je pr\u00e9f\u00e8re perdre avec elles que gagner avec vous \u00bb ? Simone va d\u2019ailleurs, \u00e0 l\u2019issue du r\u00e9cit, se laisser plus ou moins convaincre par les \u00ab Hardies \u00bb et changer radicalement de vie ; Michel Leclerc renvoie ainsi dos \u00e0 dos le \u00ab masculinisme toxique \u00bb et la police\u2026 Pour un peu, il s\u2019excuserait presque d\u2019avoir os\u00e9 aborder initialement les d\u00e9rives du n\u00e9o-f\u00e9minisme\u2026<\/p>\n<p>La conclusion du r\u00e9cit est d\u2019autant plus politiquement correcte et insatisfaisante qu\u2019elle voudrait nous faire croire na\u00efvement que le gentil Paul (incarnation de Michel Leclerc\u00a0?) a encore voix au chapitre et pla\u00eet toujours \u00e0 la gent f\u00e9minine. On n\u2019y croit pas un instant.<\/p>\n<p>2 \u00e9toiles sur 5<\/p>\n<\/p>\n<p>                    <a href=\"#\" rel=\"nofollow\" onclick=\"window.print(); pfTrackEvent('[CIN\u00c9MA] &lt;em&gt;Le M\u00e9lange des genres&lt;\/em&gt;, \u00e9ni\u00e8me film hypocrite sur la guerre des sexes'); return false;\" title=\"Printer Friendly, PDF &amp; Email\"><br \/>\n                    <img decoding=\"async\" src=\"https:\/\/www.europesays.com\/fr\/wp-content\/uploads\/2025\/04\/printfriendly-icon-sm.png\" alt=\"Print Friendly, PDF &amp; Email\" class=\"pf-button-img\" style=\"width: 17px;height: 17px;\"\/>Imprimer, enregistrer en PDF cet article<br \/>\n                    <\/a><\/p>\n","protected":false},"excerpt":{"rendered":"Polici\u00e8re, Simone (L\u00e9a Drucker) a \u00e9volu\u00e9 dans un environnement plut\u00f4t masculin et conservateur o\u00f9 fusent quotidiennement les blagues&hellip;\n","protected":false},"author":2,"featured_media":57107,"comment_status":"","ping_status":"","sticky":false,"template":"","format":"standard","meta":{"footnotes":""},"categories":[1354],"tags":[58,59,6757,1346,1011,27,1360],"class_list":{"0":"post-57106","1":"post","2":"type-post","3":"status-publish","4":"format-standard","5":"has-post-thumbnail","7":"category-films","8":"tag-divertissement","9":"tag-entertainment","10":"tag-feminisme","11":"tag-films","12":"tag-fr","13":"tag-france","14":"tag-movies"},"share_on_mastodon":{"url":"https:\/\/pubeurope.com\/@fr\/114410638932229989","error":""},"_links":{"self":[{"href":"https:\/\/www.europesays.com\/fr\/wp-json\/wp\/v2\/posts\/57106","targetHints":{"allow":["GET"]}}],"collection":[{"href":"https:\/\/www.europesays.com\/fr\/wp-json\/wp\/v2\/posts"}],"about":[{"href":"https:\/\/www.europesays.com\/fr\/wp-json\/wp\/v2\/types\/post"}],"author":[{"embeddable":true,"href":"https:\/\/www.europesays.com\/fr\/wp-json\/wp\/v2\/users\/2"}],"replies":[{"embeddable":true,"href":"https:\/\/www.europesays.com\/fr\/wp-json\/wp\/v2\/comments?post=57106"}],"version-history":[{"count":0,"href":"https:\/\/www.europesays.com\/fr\/wp-json\/wp\/v2\/posts\/57106\/revisions"}],"wp:featuredmedia":[{"embeddable":true,"href":"https:\/\/www.europesays.com\/fr\/wp-json\/wp\/v2\/media\/57107"}],"wp:attachment":[{"href":"https:\/\/www.europesays.com\/fr\/wp-json\/wp\/v2\/media?parent=57106"}],"wp:term":[{"taxonomy":"category","embeddable":true,"href":"https:\/\/www.europesays.com\/fr\/wp-json\/wp\/v2\/categories?post=57106"},{"taxonomy":"post_tag","embeddable":true,"href":"https:\/\/www.europesays.com\/fr\/wp-json\/wp\/v2\/tags?post=57106"}],"curies":[{"name":"wp","href":"https:\/\/api.w.org\/{rel}","templated":true}]}}