{"id":571067,"date":"2025-12-01T14:11:18","date_gmt":"2025-12-01T14:11:18","guid":{"rendered":"https:\/\/www.europesays.com\/fr\/571067\/"},"modified":"2025-12-01T14:11:18","modified_gmt":"2025-12-01T14:11:18","slug":"le-tvb-a-su-prendre-son-temps-face-a-saint-nazaire","status":"publish","type":"post","link":"https:\/\/www.europesays.com\/fr\/571067\/","title":{"rendered":"le TVB a su prendre son temps face \u00e0 Saint-Nazaire"},"content":{"rendered":"<p>Qu\u2019on se le dise, le Tours Volley-Ball a sign\u00e9 une op\u00e9ration parfaite ce samedi 29\u00a0novembre, face \u00e0 Saint-Nazaire\u00a0! En s\u2019imposant (3-0) sans tra\u00eener face au champion de France 2024, les Tourangeaux ont en effet coch\u00e9 bien des cases.<\/p>\n<p>Ils ont ainsi sign\u00e9 un septi\u00e8me succ\u00e8s en autant de matchs disput\u00e9s \u00e0 domicile cette saison, affirmant leur volont\u00e9 de faire de Grenon une \u00ab\u00a0forteresse\u00a0\u00bb. Mieux, ils l\u2019ont fait en seulement 1\u00a0h\u00a020, ce qui n\u2019est pas anecdotique quand on pense \u00e0 l\u2019intense s\u00e9quence \u00e0 laquelle doit faire face le TVB \u00e0 l\u2019heure actuelle&#8230;. <\/p>\n<p>    Cet article a \u00e9t\u00e9 tronqu\u00e9. Abonnez-vous pour lire l&rsquo;article complet sur notre site.<\/p>\n<p> Ils en ont peut-\u00eatre profit\u00e9 pour prendre, aussi, un ascendant psychologique, \u00e0 deux semaines de retrouver les Nazairiens en quarts de finale de Coupe de France\u2026<\/p>\n<p style=\"margin: 0 !important; padding: 0 !important; font-size: 12px !important;\">Cet article a \u00e9t\u00e9 tronqu\u00e9. Abonnez-vous pour lire l&rsquo;article complet.<\/p>\n<p>    <a href=\"https:\/\/www.lanouvellerepublique.fr\/abonnements\" style=\"display: inline-block; margin-top: 5px !important; padding: 6px 12px !important; background: #cb1c27; color: white; text-decoration: none; border-radius: 4px; font-size: 12px !important;\" target=\"_blank\" rel=\"noopener\"><br \/>\n      S&rsquo;abonner<br \/>\n    <\/a><\/p>\n","protected":false},"excerpt":{"rendered":"Qu\u2019on se le dise, le Tours Volley-Ball a sign\u00e9 une op\u00e9ration parfaite ce samedi 29\u00a0novembre, face \u00e0 Saint-Nazaire\u00a0!&hellip;\n","protected":false},"author":2,"featured_media":571068,"comment_status":"","ping_status":"","sticky":false,"template":"","format":"standard","meta":{"footnotes":""},"categories":[1417],"tags":[1392,1011,27,1387,1655,60,1390,1471,2767,1470,1469],"class_list":{"0":"post-571067","1":"post","2":"type-post","3":"status-publish","4":"format-standard","5":"has-post-thumbnail","7":"category-volley","8":"tag-a-la-une-local","9":"tag-fr","10":"tag-france","11":"tag-indre-et-loire","12":"tag-ligue-a","13":"tag-sports","14":"tag-tours","15":"tag-tours-volley-ball","16":"tag-tvb-37","17":"tag-volley","18":"tag-volleyball"},"share_on_mastodon":{"url":"https:\/\/pubeurope.com\/@fr\/115644719719519417","error":""},"_links":{"self":[{"href":"https:\/\/www.europesays.com\/fr\/wp-json\/wp\/v2\/posts\/571067","targetHints":{"allow":["GET"]}}],"collection":[{"href":"https:\/\/www.europesays.com\/fr\/wp-json\/wp\/v2\/posts"}],"about":[{"href":"https:\/\/www.europesays.com\/fr\/wp-json\/wp\/v2\/types\/post"}],"author":[{"embeddable":true,"href":"https:\/\/www.europesays.com\/fr\/wp-json\/wp\/v2\/users\/2"}],"replies":[{"embeddable":true,"href":"https:\/\/www.europesays.com\/fr\/wp-json\/wp\/v2\/comments?post=571067"}],"version-history":[{"count":0,"href":"https:\/\/www.europesays.com\/fr\/wp-json\/wp\/v2\/posts\/571067\/revisions"}],"wp:featuredmedia":[{"embeddable":true,"href":"https:\/\/www.europesays.com\/fr\/wp-json\/wp\/v2\/media\/571068"}],"wp:attachment":[{"href":"https:\/\/www.europesays.com\/fr\/wp-json\/wp\/v2\/media?parent=571067"}],"wp:term":[{"taxonomy":"category","embeddable":true,"href":"https:\/\/www.europesays.com\/fr\/wp-json\/wp\/v2\/categories?post=571067"},{"taxonomy":"post_tag","embeddable":true,"href":"https:\/\/www.europesays.com\/fr\/wp-json\/wp\/v2\/tags?post=571067"}],"curies":[{"name":"wp","href":"https:\/\/api.w.org\/{rel}","templated":true}]}}