{"id":571071,"date":"2025-12-01T14:13:13","date_gmt":"2025-12-01T14:13:13","guid":{"rendered":"https:\/\/www.europesays.com\/fr\/571071\/"},"modified":"2025-12-01T14:13:13","modified_gmt":"2025-12-01T14:13:13","slug":"lois-boisson-fait-une-annonce-officielle-pour-la-suite-de-sa-carriere","status":"publish","type":"post","link":"https:\/\/www.europesays.com\/fr\/571071\/","title":{"rendered":"Lo\u00efs Boisson fait une annonce officielle pour la suite de sa carri\u00e8re"},"content":{"rendered":"<p class=\"app_entry_lead\">\n<p>                    <a title=\"\u00a0\u00a9\u00a0Andy Wong\/AP\/SIPA (publi\u00e9e le 27\/11\/2025)\" href=\"https:\/\/www.europesays.com\/fr\/wp-content\/uploads\/2025\/12\/83172316.jpg\" class=\"fancy\"><\/p>\n<p>                            <img loading=\"lazy\" decoding=\"async\" src=\"https:\/\/www.europesays.com\/fr\/wp-content\/uploads\/2025\/12\/83172316.jpg\" alt=\"Lo\u00efs Boisson fait une annonce officielle pour la suite de sa carri\u00e8re\" width=\"1500\" height=\"1000\"\/><\/p>\n<p>                    <\/a><\/p>\n<p>                Num\u00e9ro 1\u00a0fran\u00e7aise, Lo\u00efs Boisson est bless\u00e9e depuis plusieurs semaines.<\/p>\n<p>La saison de tennis est termin\u00e9e, vive le tennis ! Alors que le Masters de fin d&rsquo;ann\u00e9e et la Coupe Davis ont mis un terme \u00e0 une ann\u00e9e tr\u00e8s riche il y a quelques jours, la saison 2026 de tennis est d\u00e9j\u00e0 dans toutes les t\u00eates.<\/p>\n<p>Et chez les femmes, l&rsquo;ann\u00e9e sera tr\u00e8s attendue pour Lo\u00efs Boisson. R\u00e9v\u00e9lation de l&rsquo;ann\u00e9e derni\u00e8re \u00e0 Roland-Garros avec un parcours hallucinant et une demi-finale du c\u00f4t\u00e9 de la Porte d&rsquo;Auteuil, la num\u00e9ro 1 fran\u00e7aise esp\u00e8re r\u00e9aliser une ann\u00e9e compl\u00e8te&#8230;<\/p>\n<p>Car depuis Roland-Garros, les blessures s&rsquo;encha\u00eenent malgr\u00e9 un premier titre en carri\u00e8re du c\u00f4t\u00e9 d&rsquo;Hambourg sur la terre battue allemande le 20 juillet dernier. La Fran\u00e7aises est d&rsquo;ailleurs absente depuis pr\u00e8s de deux mois et son abandon en 16es de finale du tournoi de P\u00e9kin en raison d&rsquo;une d\u00e9chirure du quadriceps gauche.<\/p>\n<p><img decoding=\"async\" alt=\"\" src=\"https:\/\/www.europesays.com\/fr\/wp-content\/uploads\/2025\/12\/83172322.jpg\"\/><\/p>\n<p>Mais Lo\u00efs Boisson pr\u00e9pare enfin son retour. Cette derni\u00e8re s&rsquo;est confi\u00e9e sur Tennis Actu expliquant qu&rsquo;elle a \u00ab\u00a0bien r\u00e9cup\u00e9r\u00e9 de cette blessure en Asie\u00a0\u00bb et qu&rsquo;elle a \u00ab\u00a0pris quelques jours de repos\u00a0\u00bb apr\u00e8s avoir fait \u00ab\u00a0une PRP (Une infiltration de Plasma Riche en Plaquettes issue de son propre sang au niveau d&rsquo;une zone douloureuse). Elle en a profit\u00e9 pour faire une annonce sur la nouvelle saison.<\/p>\n<p>\u00ab\u00a0Ce sera la premi\u00e8re fois, en 2026.\u00a0Moi, j&rsquo;y vais avec impatience, parce que je pense que je vais adorer ce pays&#8230;\u00a0\u00bb Vous l&rsquo;avez devin\u00e9 peut \u00eatre, Lo\u00efs Boisson \u00e9voque sa premi\u00e8re participation dans le tableau principal \u00e0 l&rsquo;Open d&rsquo;Australie. \u00ab\u00a0Ce sera le premier Grand Chelem pour d\u00e9marrer l&rsquo;ann\u00e9e, donc c&rsquo;est top\u00a0\u00bb s&rsquo;est-elle r\u00e9jouie aupr\u00e8s du m\u00e9dia.<\/p>\n<p>Au classement WTA, la Fran\u00e7aise n&rsquo;aura pas grand chose \u00e0 d\u00e9fendre jusqu&rsquo;\u00e0 Roland-Garros, mais elle devra prendre des points si elle ne veut pas d\u00e9gringoler au classement en cas de contre performance ou de forfait pour les Internationaux de France au mois de mai.<\/p>\n","protected":false},"excerpt":{"rendered":"Num\u00e9ro 1\u00a0fran\u00e7aise, Lo\u00efs Boisson est bless\u00e9e depuis plusieurs semaines. La saison de tennis est termin\u00e9e, vive le tennis&hellip;\n","protected":false},"author":2,"featured_media":571072,"comment_status":"","ping_status":"","sticky":false,"template":"","format":"standard","meta":{"footnotes":""},"categories":[1415],"tags":[68621,51761,51763,1011,27,51979,51767,60,1467],"class_list":{"0":"post-571071","1":"post","2":"type-post","3":"status-publish","4":"format-standard","5":"has-post-thumbnail","7":"category-tennis","8":"tag-cms-linternaute-9323701","9":"tag-controller-content","10":"tag-format-papier","11":"tag-fr","12":"tag-france","13":"tag-les-histoires-de-linternaute","14":"tag-parallaxeinfeed","15":"tag-sports","16":"tag-tennis"},"share_on_mastodon":{"url":"https:\/\/pubeurope.com\/@fr\/115644728846270155","error":""},"_links":{"self":[{"href":"https:\/\/www.europesays.com\/fr\/wp-json\/wp\/v2\/posts\/571071","targetHints":{"allow":["GET"]}}],"collection":[{"href":"https:\/\/www.europesays.com\/fr\/wp-json\/wp\/v2\/posts"}],"about":[{"href":"https:\/\/www.europesays.com\/fr\/wp-json\/wp\/v2\/types\/post"}],"author":[{"embeddable":true,"href":"https:\/\/www.europesays.com\/fr\/wp-json\/wp\/v2\/users\/2"}],"replies":[{"embeddable":true,"href":"https:\/\/www.europesays.com\/fr\/wp-json\/wp\/v2\/comments?post=571071"}],"version-history":[{"count":0,"href":"https:\/\/www.europesays.com\/fr\/wp-json\/wp\/v2\/posts\/571071\/revisions"}],"wp:featuredmedia":[{"embeddable":true,"href":"https:\/\/www.europesays.com\/fr\/wp-json\/wp\/v2\/media\/571072"}],"wp:attachment":[{"href":"https:\/\/www.europesays.com\/fr\/wp-json\/wp\/v2\/media?parent=571071"}],"wp:term":[{"taxonomy":"category","embeddable":true,"href":"https:\/\/www.europesays.com\/fr\/wp-json\/wp\/v2\/categories?post=571071"},{"taxonomy":"post_tag","embeddable":true,"href":"https:\/\/www.europesays.com\/fr\/wp-json\/wp\/v2\/tags?post=571071"}],"curies":[{"name":"wp","href":"https:\/\/api.w.org\/{rel}","templated":true}]}}