{"id":571075,"date":"2025-12-01T14:18:15","date_gmt":"2025-12-01T14:18:15","guid":{"rendered":"https:\/\/www.europesays.com\/fr\/571075\/"},"modified":"2025-12-01T14:18:15","modified_gmt":"2025-12-01T14:18:15","slug":"retournement-pour-alexander-sorloth","status":"publish","type":"post","link":"https:\/\/www.europesays.com\/fr\/571075\/","title":{"rendered":"Retournement pour Alexander S\u00f8rloth !"},"content":{"rendered":"<p><strong>Dans un mercato d\u2019hiver o\u00f9 chaque opportunit\u00e9 de march\u00e9 peut rapidement devenir une piste s\u00e9rieuse pour les clubs europ\u00e9ens, la situation d\u2019Alexander S\u00f8rloth attirait l\u2019attention. Le Norv\u00e9gien, en manque de temps de jeu \u00e0 l\u2019Atl\u00e9tico de Madrid, \u00e9tait associ\u00e9 \u00e0 un possible d\u00e9part d\u00e8s janvier par plusieurs m\u00e9dias \u00e9trangers. Mais les d\u00e9clarations de Diego Simeone ont refroidi toute hypoth\u00e8se d\u2019un mouvement imminent.<\/strong><\/p>\n<p>Le week-end dernier, S\u00f8rloth a rappel\u00e9 son efficacit\u00e9 en signant un doubl\u00e9 lors de la victoire contre Oviedo (2-0) en Liga. Ses <strong>13 apparitions<\/strong> et <strong>4 buts<\/strong> cette saison montrent qu\u2019il reste un atout cr\u00e9dible dans la rotation madril\u00e8ne. Justement, c\u2019est cette valeur ajout\u00e9e que son entra\u00eeneur refuse de sacrifier.<\/p>\n<\/p>\n<p>Simeone assume : S\u00f8rloth est \u00ab extr\u00eamement important \u00bb<\/p>\n<p>\u00a0<\/p>\n<p>En conf\u00e9rence de presse, l\u2019Argentin a livr\u00e9 une mise au point tr\u00e8s claire sur sa position vis-\u00e0-vis de son attaquant : \u00ab Mon avis sur S\u00f8rloth est qu\u2019il est extr\u00eamement important. Il poss\u00e8de des qualit\u00e9s qu\u2019aucun autre joueur ne nous offre. Nous avons besoin de lui dans cette forme. J\u2019imagine qu\u2019il est heureux lui aussi \u00bb. Une d\u00e9claration qui s\u2019inscrit \u00e0 contre-courant des rumeurs annon\u00e7ant un possible d\u00e9part.<\/p>\n<p>\u00a0<\/p>\n<p>A lire :\u00a0<a href=\"https:\/\/www.footballclubdemarseille.fr\/mercato-om\/mercato-om-greenwood-vise-aussi-par-un-gros-club-italien-un-montant-evoque.html\" target=\"_blank\" rel=\"noopener\">Mercato OM : Greenwood vis\u00e9 aussi par un gros club italien ? Un montant \u00e9voqu\u00e9\u2026<\/a><\/p>\n<p>\u00a0<\/p>\n<p>Ces derni\u00e8res heures, <strong>Fenerbah\u00e7e<\/strong> pr\u00e9parait une offre concr\u00e8te pour attirer le joueur d\u00e8s janvier, tandis que <strong>Newcastle<\/strong> se montrait \u00e9galement attentif \u00e0 sa situation contractuelle. L\u2019Atl\u00e9tico devait donc trancher : ouvrir la porte \u00e0 un transfert ou conserver une solution offensive pr\u00e9cieuse en cours de saison. Simeone a ferm\u00e9 le d\u00e9bat.<\/p>\n<p>\u00a0<\/p>\n<p>Une fen\u00eatre qui se referme pour les clubs \u00e0 la recherche d\u2019un attaquant<\/p>\n<p>\u00a0<\/p>\n<p>S\u00f8rloth apparaissait comme une <strong>opportunit\u00e9 de march\u00e9<\/strong> : un profil exp\u00e9riment\u00e9, capable d\u2019apporter un impact physique imm\u00e9diat. Une situation qui pouvait int\u00e9resser plusieurs clubs europ\u00e9ens, mais qui semble d\u00e9sormais gel\u00e9e.<\/p>\n<p>Le message de Simeone ne laisse que peu de place \u00e0 l\u2019interpr\u00e9tation. Sauf retournement de situation, <strong>Alexander S\u00f8rloth ne quittera pas l\u2019Atl\u00e9tico cet hiver<\/strong>, ce qui referme une option de plus dans un mercato o\u00f9 les profils offensifs disponibles restent rares.<\/p>\n","protected":false},"excerpt":{"rendered":"Dans un mercato d\u2019hiver o\u00f9 chaque opportunit\u00e9 de march\u00e9 peut rapidement devenir une piste s\u00e9rieuse pour les clubs&hellip;\n","protected":false},"author":2,"featured_media":571076,"comment_status":"","ping_status":"","sticky":false,"template":"","format":"standard","meta":{"footnotes":""},"categories":[1410],"tags":[63,1011,27,60],"class_list":{"0":"post-571075","1":"post","2":"type-post","3":"status-publish","4":"format-standard","5":"has-post-thumbnail","7":"category-football","8":"tag-football","9":"tag-fr","10":"tag-france","11":"tag-sports"},"share_on_mastodon":{"url":"https:\/\/pubeurope.com\/@fr\/115644747525586622","error":""},"_links":{"self":[{"href":"https:\/\/www.europesays.com\/fr\/wp-json\/wp\/v2\/posts\/571075","targetHints":{"allow":["GET"]}}],"collection":[{"href":"https:\/\/www.europesays.com\/fr\/wp-json\/wp\/v2\/posts"}],"about":[{"href":"https:\/\/www.europesays.com\/fr\/wp-json\/wp\/v2\/types\/post"}],"author":[{"embeddable":true,"href":"https:\/\/www.europesays.com\/fr\/wp-json\/wp\/v2\/users\/2"}],"replies":[{"embeddable":true,"href":"https:\/\/www.europesays.com\/fr\/wp-json\/wp\/v2\/comments?post=571075"}],"version-history":[{"count":0,"href":"https:\/\/www.europesays.com\/fr\/wp-json\/wp\/v2\/posts\/571075\/revisions"}],"wp:featuredmedia":[{"embeddable":true,"href":"https:\/\/www.europesays.com\/fr\/wp-json\/wp\/v2\/media\/571076"}],"wp:attachment":[{"href":"https:\/\/www.europesays.com\/fr\/wp-json\/wp\/v2\/media?parent=571075"}],"wp:term":[{"taxonomy":"category","embeddable":true,"href":"https:\/\/www.europesays.com\/fr\/wp-json\/wp\/v2\/categories?post=571075"},{"taxonomy":"post_tag","embeddable":true,"href":"https:\/\/www.europesays.com\/fr\/wp-json\/wp\/v2\/tags?post=571075"}],"curies":[{"name":"wp","href":"https:\/\/api.w.org\/{rel}","templated":true}]}}