{"id":571079,"date":"2025-12-01T14:20:35","date_gmt":"2025-12-01T14:20:35","guid":{"rendered":"https:\/\/www.europesays.com\/fr\/571079\/"},"modified":"2025-12-01T14:20:35","modified_gmt":"2025-12-01T14:20:35","slug":"le-warm-minimalism-qui-rechauffe-sans-encombrer","status":"publish","type":"post","link":"https:\/\/www.europesays.com\/fr\/571079\/","title":{"rendered":"le warm minimalism qui r\u00e9chauffe sans encombrer"},"content":{"rendered":"<p>\t\t\t\t\t\t\t\tPar <a class=\"author_recette \" id=\"author_name\" href=\"https:\/\/www.peaches.fr\/auteur\/obonnet\" target=\"_blank\" rel=\"noopener\">La R\u00e9daction Peaches<\/a>\t\t\t\t\t\t\t<\/p>\n<p>\t\t\t\t\t\t\t\t&#8211; Publi\u00e9 le 01 D\u00e9c 2025  \u00e0  06:25\t\t\t\t\t\t\t<\/p>\n<p>\t\t\t\t\t\t\t\t\t\t\t\t\t\t&#8211; Mis \u00e0 jour le  1 d\u00e9cembre 2025 \u00e0 06:25\t\t\t\t\t\t<\/p>\n<p>Votre salon para\u00eet froid \u00e0 l\u2019approche de l\u2019hiver. Voici l\u2019astuce d\u00e9co qui r\u00e9chauffe sans encombrer ni ruiner. Dans l\u2019univers d\u00e9co hivernal, 2025 marque un tournant net.<\/p>\n<p>Votre salon para\u00eet froid \u00e0 l\u2019approche de l\u2019hiver. Voici l\u2019astuce d\u00e9co qui r\u00e9chauffe sans encombrer ni ruiner.<\/p>\n<p>Dans l\u2019univers d\u00e9co hivernal, 2025 marque un tournant net. Fini le total look blanc qui laisse les pi\u00e8ces sans \u00e2me. Place au <strong>warm minimalism<\/strong>, une approche qui marie lignes \u00e9pur\u00e9es et esprit cocon, sans surcharge ni d\u00e9penses impulsives. Les d\u00e9corateurs le recommandent pour traverser l\u2019hiver avec un int\u00e9rieur \u00e0 la fois calme, sobre et accueillant.<\/p>\n<p>L\u2019id\u00e9e consiste \u00e0 all\u00e9ger sans appauvrir, et \u00e0 privil\u00e9gier des mati\u00e8res qui enveloppent d\u00e8s novembre, quand la lumi\u00e8re d\u00e9cline. Textiles chauds, bois clairs, \u00e9clairages tamis\u00e9s et pi\u00e8ces artisanales composent le nouveau langage de la saison. On \u00e9vite l\u2019exc\u00e8s pour laisser respirer la maison, mais on conserve du caract\u00e8re. Pr\u00eat \u00e0 passer \u00e0 l\u2019action chez vous ?<\/p>\n<p> Warm minimalism, ce geste simple qui change l\u2019hiver \u00e0 la maison <\/p>\n<p>Le <strong>minimalisme chaleureux<\/strong> ne vise pas le vide, mais l\u2019essentiel qui fait du bien. On choisit des meubles aux lignes nettes et on les anime avec des <strong>mati\u00e8res chaudes<\/strong>. Un canap\u00e9 en <strong>lin<\/strong>, une table en ch\u00eane clair, une lampe \u00e0 poser dessin\u00e9e, quelques c\u00e9ramiques artisanales, et l\u2019ambiance s\u2019adoucit naturellement. Chaque pi\u00e8ce compte, aucune ne se veut d\u00e9corative pour rien.<\/p>\n<p>L\u2019esprit est pragmatique et rassurant. On garde l\u2019utile et l\u2019affectif, on laisse partir ce qui encombre. Le r\u00e9sultat reste l\u00e9ger, mais jamais impersonnel. Et pourtant, tout se joue dans de petits r\u00e9glages bien cibl\u00e9s.<\/p>\n<p> Ces couleurs et mati\u00e8res qui r\u00e9chauffent le salon en hiver <\/p>\n<p>La palette s\u2019\u00e9carte du blanc clinique pour des tons enveloppants. Les d\u00e9corateurs misent sur des beiges sable, une <strong>terracotta<\/strong> douce, un vert sauge apaisant, des bruns ambr\u00e9s et des <strong>gris chauds<\/strong>. On installe une base lumineuse et neutre, puis on dynamise avec quelques accents color\u00e9s sur un vase, un coussin ou un plaid. L\u2019\u00e9quilibre reste lisible, l\u2019\u0153il respire.<\/p>\n<p>C\u00f4t\u00e9 toucher, la saison r\u00e9clame des surfaces qui absorbent le froid. Les abat-jours en coton diffusent une lumi\u00e8re feutr\u00e9e, les <strong>tapis berb\u00e8res<\/strong> structurent le sol, les coussins en <strong>laine boucl\u00e9e<\/strong> donnent le relief qu\u2019il manquait. Le bois blond non trait\u00e9, le gr\u00e8s et la <strong>c\u00e9ramique brute<\/strong> apportent une authenticit\u00e9 discr\u00e8te et durable. L\u2019<strong>\u00e9clairage<\/strong> subtil devient la meilleure alli\u00e9e des longues soir\u00e9es.<\/p>\n<p> Les erreurs qui refroidissent l\u2019ambiance et comment les \u00e9viter <\/p>\n<p>Premier faux pas, effacer toute trace personnelle. Le warm minimalism garde les objets qui ont une histoire, surtout en p\u00e9riode de f\u00eates o\u00f9 les souvenirs comptent. Une photo encadr\u00e9e en noir et blanc, un vase chin\u00e9, un livre de famille pos\u00e9 sur la table basse suffisent \u00e0 signer la pi\u00e8ce. On \u00e9pure, oui, mais on n\u2019efface pas.<\/p>\n<p>Autre pi\u00e8ge, l\u2019uniformit\u00e9 de texture qui rend l\u2019ensemble plat. On mixe le brut et le doux, le bois et le textile, le lisse et le boucl\u00e9 pour cr\u00e9er de la profondeur. Dernier point, la lumi\u00e8re trop franche d\u2019un plafonnier isol\u00e9. On multiplie plut\u00f4t les sources indirectes et on dose la temp\u00e9rature de couleur pour \u00e9viter tout effet glac\u00e9. C\u2019est la cle d\u2019un d\u00e9cor apaisant.<\/p>\n<p> Id\u00e9es rapides et \u00e9conomiques pour adopter le warm minimalism d\u00e8s maintenant <\/p>\n<p>Inutile de tout racheter. Quelques ajustements suffisent \u00e0 poser la tonalit\u00e9 hivernale, sans casser le rythme du quotidien ni le budget. Les gestes ci-dessous activent cette ambiance chaleureuse d\u00e8s la premi\u00e8re soir\u00e9e.<\/p>\n<ul>\n<li>Ajouter un <strong>tapis moelleux<\/strong> autour du canap\u00e9 pour cadrer l\u2019espace et r\u00e9chauffer le sol.<\/li>\n<li><strong>Multiplier les lumi\u00e8res indirectes<\/strong> avec des lampes d\u2019appoint, des guirlandes et des bougies.<\/li>\n<li><strong>Changer les housses de coussins<\/strong> pour du velours, du lin \u00e9pais ou de la laine boucl\u00e9e.<\/li>\n<li>Installer un <strong>miroir ancien<\/strong> au-dessus d\u2019une commode afin d\u2019amplifier la lumi\u00e8re naturelle.<\/li>\n<li>Poser un <strong>vase en gr\u00e8s<\/strong> ou une c\u00e9ramique artisanale sur la table pour une touche authentique.<\/li>\n<\/ul>\n<p>La chambre suit la m\u00eame logique, plus intime encore. Une parure en gaze de coton ou en flanelle dans une teinte naturelle, des surfaces d\u00e9gag\u00e9es avec seulement un livre, une bougie, une lampe douce, et le calme s\u2019installe. Une suspension artisanale au-dessus du lit enveloppe le volume, tandis qu\u2019un tapis en laine ou en jute r\u00e9chauffe les pieds au lever. Moins d\u2019\u00e9l\u00e9ments, mieux choisis, et l\u2019atmosph\u00e8re devient imm\u00e9diatement reposante.<\/p>\n","protected":false},"excerpt":{"rendered":"Par La R\u00e9daction Peaches &#8211; Publi\u00e9 le 01 D\u00e9c 2025 \u00e0 06:25 &#8211; Mis \u00e0 jour le 1&hellip;\n","protected":false},"author":2,"featured_media":571080,"comment_status":"","ping_status":"","sticky":false,"template":"","format":"standard","meta":{"footnotes":""},"categories":[1358],"tags":[1348,1384,1385,1386,58,59,1011,27],"class_list":{"0":"post-571079","1":"post","2":"type-post","3":"status-publish","4":"format-standard","5":"has-post-thumbnail","7":"category-arts-et-design","8":"tag-arts","9":"tag-arts-and-design","10":"tag-arts-et-design","11":"tag-design","12":"tag-divertissement","13":"tag-entertainment","14":"tag-fr","15":"tag-france"},"share_on_mastodon":{"url":"https:\/\/pubeurope.com\/@fr\/115644755016072738","error":""},"_links":{"self":[{"href":"https:\/\/www.europesays.com\/fr\/wp-json\/wp\/v2\/posts\/571079","targetHints":{"allow":["GET"]}}],"collection":[{"href":"https:\/\/www.europesays.com\/fr\/wp-json\/wp\/v2\/posts"}],"about":[{"href":"https:\/\/www.europesays.com\/fr\/wp-json\/wp\/v2\/types\/post"}],"author":[{"embeddable":true,"href":"https:\/\/www.europesays.com\/fr\/wp-json\/wp\/v2\/users\/2"}],"replies":[{"embeddable":true,"href":"https:\/\/www.europesays.com\/fr\/wp-json\/wp\/v2\/comments?post=571079"}],"version-history":[{"count":0,"href":"https:\/\/www.europesays.com\/fr\/wp-json\/wp\/v2\/posts\/571079\/revisions"}],"wp:featuredmedia":[{"embeddable":true,"href":"https:\/\/www.europesays.com\/fr\/wp-json\/wp\/v2\/media\/571080"}],"wp:attachment":[{"href":"https:\/\/www.europesays.com\/fr\/wp-json\/wp\/v2\/media?parent=571079"}],"wp:term":[{"taxonomy":"category","embeddable":true,"href":"https:\/\/www.europesays.com\/fr\/wp-json\/wp\/v2\/categories?post=571079"},{"taxonomy":"post_tag","embeddable":true,"href":"https:\/\/www.europesays.com\/fr\/wp-json\/wp\/v2\/tags?post=571079"}],"curies":[{"name":"wp","href":"https:\/\/api.w.org\/{rel}","templated":true}]}}