{"id":57108,"date":"2025-04-27T15:29:10","date_gmt":"2025-04-27T15:29:10","guid":{"rendered":"https:\/\/www.europesays.com\/fr\/57108\/"},"modified":"2025-04-27T15:29:10","modified_gmt":"2025-04-27T15:29:10","slug":"a-linstitut-curie-avec-ces-medecins-de-lombre-qui-etudient-au-plus-pres-les-tumeurs","status":"publish","type":"post","link":"https:\/\/www.europesays.com\/fr\/57108\/","title":{"rendered":"\u00c0 l\u2019Institut Curie, avec ces \u00ab\u00a0m\u00e9decins de l\u2019ombre\u00a0\u00bb qui \u00e9tudient au plus pr\u00e8s les tumeurs"},"content":{"rendered":"<p>    Le Pr Anne Vincent-Salomon, pathologiste et directrice du p\u00f4le, en train d\u2019analyser une lame.<br \/>\n                Elisa Dor\u00e9<\/p>\n<p><strong>REPORTAGE \u2013<\/strong> Plus gros d\u00e9partement du centre de lutte contre le cancer, le p\u00f4le de m\u00e9decine diagnostique et th\u00e9ranostique re\u00e7oit chaque jour plusieurs dizaines d\u2019\u00e9chantillons tissulaires, dont l\u2019analyse permet de fournir le diagnostic d\u00e9finitif.<\/p>\n<p class=\"fig-paragraph\">Lundi 14 avril, 9h, service de pathologie de l\u2019Institut Curie, site de Paris. Dans la salle de r\u00e9ception des pi\u00e8ces op\u00e9ratoires, une dizaine d\u2019\u00e9chantillons de\u00a0<a href=\"https:\/\/sante.lefigaro.fr\/sante\/maladie\/cancer-presentation-generale\/comment-apparait-cancer\" target=\"_blank\" data-fig-type=\"Keyword\" rel=\"noopener\" data-gtm-custom-categorie=\"navigation\" data-gtm-custom-action=\"crossclick\" data-gtm-custom-label=\"Contextuel\" data-gtm-event=\"customEventSPE\" data-fig-domain=\"SANTE\">tumeurs<\/a>\u00a0voire des tumeurs enti\u00e8res sont align\u00e9es sur la table, dans l\u2019attente d\u2019\u00eatre analys\u00e9es. \u00ab\u00a0Ces \u00e9chantillons proviennent, pour la plupart, de patientes op\u00e9r\u00e9es la veille d\u2019un\u00a0<a href=\"https:\/\/sante.lefigaro.fr\/sante\/maladie\/cancer-sein\/ce-que-je-ressens\" target=\"_blank\" data-fig-type=\"Keyword\" rel=\"noopener\" data-gtm-custom-categorie=\"navigation\" data-gtm-custom-action=\"crossclick\" data-gtm-custom-label=\"Contextuel\" data-gtm-event=\"customEventSPE\" data-fig-domain=\"SANTE\">cancer du sein<\/a> \u00a0ou de\u00a0<a href=\"http:\/\/www.lefigaro.fr\/sciences\/cancers-gynecologiques-quels-sont-les-signes-a-surveiller-20230915\" data-fig-type=\"Article\" data-gtm-custom-categorie=\"navigation\" data-gtm-custom-action=\"crossclick\" data-gtm-custom-label=\"Contextuel\" data-gtm-event=\"customEventSPE\" data-fig-domain=\"LEFIGARO\" target=\"_blank\" rel=\"noopener\">cancers gyn\u00e9cologiques<\/a>, pr\u00e9cise Laure Annette, cadre du laboratoire. On re\u00e7oit tous les jours tous types de pr\u00e9l\u00e8vements, allant d\u2019un petit bout de tissu, une\u00a0<a href=\"https:\/\/sante.lefigaro.fr\/sante\/examen\/biopsie-ex-histologique\/quoi-cela-sert\" target=\"_blank\" data-fig-type=\"Keyword\" rel=\"noopener\" data-gtm-custom-categorie=\"navigation\" data-gtm-custom-action=\"crossclick\" data-gtm-custom-label=\"Contextuel\" data-gtm-event=\"customEventSPE\" data-fig-domain=\"SANTE\">biopsie<\/a> , \u00e0 un sein entier apr\u00e8s une mastectomie.\u00a0\u00bb D\u00e8s qu\u2019un pr\u00e9l\u00e8vement frais arrive au labo, il n\u2019y a pas de temps \u00e0 perdre\u00a0: il faut rapidement le \u00ab\u00a0fixer\u00a0\u00bb sur des lames de microscope, avant qu\u2019il ne se d\u00e9grade et devienne impropre aux analyses.<\/p>\n<p class=\"fig-paragraph\">Du pr\u00e9l\u00e8vement jusqu\u2019\u00e0 la num\u00e9risation, l\u2019ensemble du processus de pr\u00e9paration des \u00e9chantillons est tr\u00e8s complexe\u00a0: pr\u00e8s de 250 professionnels sont mobilis\u00e9s dans les coulisses de la prise en charge des quelques\u2026<\/p>\n<p class=\"fig-premium-paywall__infos\">\n        Cet article est r\u00e9serv\u00e9 aux abonn\u00e9s.        Il vous reste 89% \u00e0 d\u00e9couvrir.\n    <\/p>\n<p>                <img  data- alt=\"Le Figaro\" class=\"fig-img--complete fig-img\"\/><\/p>\n<p class=\"fig-premium-paywall__title\">Vous avez envie de lire la suite ?<\/p>\n<p class=\"fig-premium-paywall__subtitle\">D\u00e9bloquez tous les articles imm\u00e9diatement.<\/p>\n<p class=\"fig-premium-paywall__connect\">\n                D\u00e9j\u00e0 abonn\u00e9\u00a0?                <a class=\"fig-premium-paywall__connect-link\" href=\"https:\/\/connect.lefigaro.fr\/login?client=sante_web&amp;type=main&amp;redirect_uri=https%3A%2F%2Fsante.lefigaro.fr%2Fmedecine%2Fa-l-institut-curie-avec-ces-medecins-de-l-ombre-qui-etudient-au-plus-pres-les-tumeurs-20250427\" data-js-gtm=\"{&quot;customCategorie&quot;: &quot;conversion&quot;, &quot;customAction&quot;: &quot;before_Landing_Connexion_paywall_auto&quot;, &quot;customLabel&quot;: &quot;c2FudGUubGVmaWdhcm8uZnJfXzFmMDIwMjM0LWQ1MTMtNmVkZS05Mjg1LTlmMDU0MGExNGE3M19fQXJ0aWNsZQ==_\u00c0 l\u2019Institut Curie, avec ces \u00ab\u00a0m\u00e9decins de l\u2019ombre\u00a0\u00bb qui \u00e9tudient au plus pr\u00e8s les tumeurs_214&quot;, &quot;customIDSPE&quot;: &quot;c2FudGUubGVmaWdhcm8uZnJfXzFmMDIwMjM0LWQ1MTMtNmVkZS05Mjg1LTlmMDU0MGExNGE3M19fQXJ0aWNsZQ==&quot;, &quot;event&quot;: &quot;customEventSPE&quot;}\" target=\"_blank\" rel=\"noopener\"><br \/>\n                    Connectez-vous<br \/>\n                <\/a>\n            <\/p>\n","protected":false},"excerpt":{"rendered":"Le Pr Anne Vincent-Salomon, pathologiste et directrice du p\u00f4le, en train d\u2019analyser une lame. Elisa Dor\u00e9 REPORTAGE \u2013&hellip;\n","protected":false},"author":2,"featured_media":57109,"comment_status":"","ping_status":"","sticky":false,"template":"","format":"standard","meta":{"footnotes":""},"categories":[10],"tags":[237,101,232,231,234,228,1011,27,72,239,230,238,226,224,225,233,229,236,235,71,227],"class_list":{"0":"post-57108","1":"post","2":"type-post","3":"status-publish","4":"format-standard","5":"has-post-thumbnail","7":"category-sante","8":"tag-actualite-sur-les-maladies","9":"tag-cancer","10":"tag-cardiologie","11":"tag-cerveau","12":"tag-diabete","13":"tag-diagnostic","14":"tag-fr","15":"tag-france","16":"tag-health","17":"tag-info-sur-les-maladies","18":"tag-infographie","19":"tag-information-sur-les-maladies","20":"tag-maladie","21":"tag-medecine","22":"tag-medicament","23":"tag-obesite","24":"tag-pathologie","25":"tag-pediatrie","26":"tag-psychiatrie","27":"tag-sante","28":"tag-traitement"},"share_on_mastodon":{"url":"https:\/\/pubeurope.com\/@fr\/114410642748297113","error":""},"_links":{"self":[{"href":"https:\/\/www.europesays.com\/fr\/wp-json\/wp\/v2\/posts\/57108","targetHints":{"allow":["GET"]}}],"collection":[{"href":"https:\/\/www.europesays.com\/fr\/wp-json\/wp\/v2\/posts"}],"about":[{"href":"https:\/\/www.europesays.com\/fr\/wp-json\/wp\/v2\/types\/post"}],"author":[{"embeddable":true,"href":"https:\/\/www.europesays.com\/fr\/wp-json\/wp\/v2\/users\/2"}],"replies":[{"embeddable":true,"href":"https:\/\/www.europesays.com\/fr\/wp-json\/wp\/v2\/comments?post=57108"}],"version-history":[{"count":0,"href":"https:\/\/www.europesays.com\/fr\/wp-json\/wp\/v2\/posts\/57108\/revisions"}],"wp:featuredmedia":[{"embeddable":true,"href":"https:\/\/www.europesays.com\/fr\/wp-json\/wp\/v2\/media\/57109"}],"wp:attachment":[{"href":"https:\/\/www.europesays.com\/fr\/wp-json\/wp\/v2\/media?parent=57108"}],"wp:term":[{"taxonomy":"category","embeddable":true,"href":"https:\/\/www.europesays.com\/fr\/wp-json\/wp\/v2\/categories?post=57108"},{"taxonomy":"post_tag","embeddable":true,"href":"https:\/\/www.europesays.com\/fr\/wp-json\/wp\/v2\/tags?post=57108"}],"curies":[{"name":"wp","href":"https:\/\/api.w.org\/{rel}","templated":true}]}}