{"id":571083,"date":"2025-12-01T14:24:31","date_gmt":"2025-12-01T14:24:31","guid":{"rendered":"https:\/\/www.europesays.com\/fr\/571083\/"},"modified":"2025-12-01T14:24:31","modified_gmt":"2025-12-01T14:24:31","slug":"ariana-grande-en-a-marre-quon-parle-de-son-corps-et-le-fait-savoir-a-ses-fans","status":"publish","type":"post","link":"https:\/\/www.europesays.com\/fr\/571083\/","title":{"rendered":"Ariana Grande en a marre qu\u2019on parle de son corps et le fait savoir \u00e0 ses fans"},"content":{"rendered":"<p>        <img decoding=\"async\" loading=\"lazy\" src=\"https:\/\/www.europesays.com\/fr\/wp-content\/uploads\/2025\/12\/394a645_upload-1-iyvplb8djs72-afp-20250907-2234202094-v3-midres-2025mtvvideomusicawardsarrivals.jpg\"  width=\"728\" height=\"410\" alt=\"Ariana Grande, r\u00e9agit aux nombreuses commentaires sur son physique.\"\/>  <\/p>\n<p>NOAM GALAI \/ Getty Images via AFP<\/p>\n<p>Ariana Grande, r\u00e9agit aux nombreuses commentaires sur son physique.<\/p>\n<p>      <strong>EN BREF<\/strong> <strong>\u2022 <\/strong>Ariana Grande a pris la parole sur ses r\u00e9seaux pour d\u00e9noncer les commentaires sur son physique qu\u2019elle subit depuis ses 16\u00a0ans.<br \/><strong>\u2022 <\/strong>En pleine promotion de \u00ab\u00a0Wicked 2\u00a0\u00bb, elle rappelle l\u2019importance de taire les remarques sur l\u2019apparence, les qualifiant de \u00ab\u00a0dangereuses\u00a0\u00bb.<br \/><strong>\u2022 <\/strong> La chanteuse a partag\u00e9 une interview d\u2019elle dat\u00e9e de 2024 o\u00f9 elle abordait ce probl\u00e8me en \u00e9crivant en l\u00e9gende \u00ab je republie cette vid\u00e9o de l\u2019ann\u00e9e derni\u00e8re en guise de doux rappel pour tous.\u00a0\u00bb                         <\/p>\n<p class=\"asset asset-text\">Les critiques \u00ab\u00a0insignifiantes\u00a0\u00bb sur son physique, Ariana Grande n\u2019en peut plus. En pleine promotion du film <a href=\"https:\/\/www.huffingtonpost.fr\/culture\/video\/dans-wicked-partie-2-ariana-grande-et-cynthia-erivo-croiseront-dorothee-gale-et-ses-amis_250987.html\" target=\"_blank\" rel=\"noopener\">Wicked 2<\/a>\u00a0r\u00e9alis\u00e9s par Jon Chu, en salles depuis le 19\u00a0novembre, la chanteuse de 32\u00a0ans est de nouveau confront\u00e9e \u00e0 une vague de commentaires sur son apparence, jug\u00e9e \u00ab\u00a0trop maigre\u00a0\u00bb. Un refrain qu\u2019elle a d\u00e9j\u00e0 entendu de nombreuses fois, mais qui refait surface \u00e0 chacun de ses passages m\u00e9diatiques.<\/p>\n<p>            <img decoding=\"async\" loading=\"lazy\" src=\"https:\/\/www.europesays.com\/fr\/wp-content\/uploads\/2025\/12\/572d442_upload-1-3w2twl2lu5wp-capture-d-e-cran-instagram-ariana-grande.png\"  width=\"728\" height=\"1245\" alt=\"\u00a9 Capture d\u2019\u00e9cran story Instagram \/ @arianagrande\"\/>  <\/p>\n<p>Instagram<\/p>\n<p>\u00a9 Capture d\u2019\u00e9cran story Instagram \/ @arianagrande<\/p>\n<p class=\"asset asset-text\">Dans une story publi\u00e9e le samedi 29\u00a0novembre, <a href=\"https:\/\/www.huffingtonpost.fr\/divertissement\/article\/l-homme-qui-a-tente-d-agresser-ariana-grande-sur-un-tapis-rouge-de-wicked-expulse-par-singapour_257439.html\" target=\"_blank\" rel=\"noopener\">Ariana Grande<\/a> a partag\u00e9 un extrait d\u2019une interview accord\u00e9e en d\u00e9cembre\u00a02024 \u00e0 Sally, dans l\u2019\u00e9mission Oui Oui Baguette, aux c\u00f4t\u00e9s de <a href=\"https:\/\/www.huffingtonpost.fr\/divertissement\/article\/cynthia-erivo-vole-au-secours-d-ariana-grande-agrippee-par-un-homme-sur-le-tapis-rouge-a-singapour_257143.html\" target=\"_blank\" rel=\"noopener\">Cynthia Erivo<\/a>. En l\u00e9gende, elle \u00e9crit\u00a0: \u00ab\u00a0Je republie cette vid\u00e9o de l\u2019ann\u00e9e derni\u00e8re en guise de doux rappel pour tous. J\u2019appr\u00e9cie toujours autant nos conversations @sally !!!\u00a0\u00bb Un message clair\u00a0pour rappeler l\u2019importance de taire ce type de remarques.<\/p>\n<p>    <strong>Ariana Grande d\u00e9non\u00e7ait\u00a0(d\u00e9j\u00e0) le body shaming<\/strong>    <\/p>\n<p class=\"asset asset-text\">Lors de cette interview r\u00e9alis\u00e9e pour la promotion de la premi\u00e8re partie de Wicked, Sally l\u2019interrogeait directement\u00a0: \u00ab\u00a0Comment fais-tu face aux normes de beaut\u00e9, aux critiques, aux regards sur ton physique\u00a0? C\u2019est tellement lourd pour les femmes, cette pression d\u2019\u00eatre parfaites. Comment tu le vis au quotidien\u00a0?\u00a0\u00bb Ariana Grande, \u00e9mue, prenait alors quelques secondes avant de r\u00e9pondre. Elle confiait \u00eatre expos\u00e9e \u00e0 ces jugements depuis l\u2019\u00e2ge de 16\u00a0ans\u00a0: \u00ab\u00a0J\u2019ai vu toutes les versions de ce qui n\u2019allait pas chez moi, selon les gens\u00bb. <\/p>\n<p> La lecture de ce contenu est susceptible d\u2019entra\u00eener un d\u00e9p\u00f4t de cookies de la part de l\u2019op\u00e9rateur tiers qui l\u2019h\u00e9berge. Compte-tenu des choix que vous avez exprim\u00e9s en mati\u00e8re de d\u00e9p\u00f4t de cookies, nous avons bloqu\u00e9 l\u2019affichage de ce contenu. Si vous souhaitez y acc\u00e9der, vous devez accepter la cat\u00e9gorie de cookies \u201cContenus tiers\u201d en cliquant sur le bouton ci-dessous. <\/p>\n<p> Lire la Vid\u00e9o              <\/p>\n<p class=\"asset asset-text\">Elle d\u00e9non\u00e7ait \u00ab\u00a0l\u2019aisance que les gens pensent avoir\u00a0\u00bb pour commenter l\u2019apparence des autres, ou sp\u00e9culer sur ce qui se passe dans leur vie priv\u00e9e\u00a0: \u00ab\u00a0C\u2019est vraiment dangereux\u00a0\u00bb. Alors qu\u2019elle avait d\u00e9j\u00e0 pris la parole pour d\u00e9noncer les commentaires d\u00e9sobligeants sur son corps plusieurs fois, Ariana Grande expliquait malgr\u00e9 tout se sentir \u00ab\u00a0chanceuse\u00a0\u00bb d\u2019\u00eatre entour\u00e9e d\u2019amour et de soutien. Dans un moment de sororit\u00e9, elle rappelait \u00e0 Sally, Cynthia Erivo \u2014 et \u00e0 elle-m\u00eame \u2014 \u00e0 quel point \u00ab\u00a0elles sont belles\u00a0\u00bb, refusant d\u00e9sormais toute forme de critique sur son physique ou celui des autres\u00a0: \u00ab\u00a0Je n\u2019en veux tout simplement plus. Elles ne sont pas les bienvenues.\u00a0\u00bb<\/p>\n","protected":false},"excerpt":{"rendered":"NOAM GALAI \/ Getty Images via AFP Ariana Grande, r\u00e9agit aux nombreuses commentaires sur son physique. EN BREF&hellip;\n","protected":false},"author":2,"featured_media":571084,"comment_status":"","ping_status":"","sticky":false,"template":"","format":"standard","meta":{"footnotes":""},"categories":[1355],"tags":[27818,62054,58,59,1011,27,5656,1361,873,973],"class_list":{"0":"post-571083","1":"post","2":"type-post","3":"status-publish","4":"format-standard","5":"has-post-thumbnail","7":"category-musique","8":"tag-ariana-grande","9":"tag-body-shaming","10":"tag-divertissement","11":"tag-entertainment","12":"tag-fr","13":"tag-france","14":"tag-life","15":"tag-music","16":"tag-musique","17":"tag-people"},"share_on_mastodon":{"url":"https:\/\/pubeurope.com\/@fr\/115644771439065991","error":""},"_links":{"self":[{"href":"https:\/\/www.europesays.com\/fr\/wp-json\/wp\/v2\/posts\/571083","targetHints":{"allow":["GET"]}}],"collection":[{"href":"https:\/\/www.europesays.com\/fr\/wp-json\/wp\/v2\/posts"}],"about":[{"href":"https:\/\/www.europesays.com\/fr\/wp-json\/wp\/v2\/types\/post"}],"author":[{"embeddable":true,"href":"https:\/\/www.europesays.com\/fr\/wp-json\/wp\/v2\/users\/2"}],"replies":[{"embeddable":true,"href":"https:\/\/www.europesays.com\/fr\/wp-json\/wp\/v2\/comments?post=571083"}],"version-history":[{"count":0,"href":"https:\/\/www.europesays.com\/fr\/wp-json\/wp\/v2\/posts\/571083\/revisions"}],"wp:featuredmedia":[{"embeddable":true,"href":"https:\/\/www.europesays.com\/fr\/wp-json\/wp\/v2\/media\/571084"}],"wp:attachment":[{"href":"https:\/\/www.europesays.com\/fr\/wp-json\/wp\/v2\/media?parent=571083"}],"wp:term":[{"taxonomy":"category","embeddable":true,"href":"https:\/\/www.europesays.com\/fr\/wp-json\/wp\/v2\/categories?post=571083"},{"taxonomy":"post_tag","embeddable":true,"href":"https:\/\/www.europesays.com\/fr\/wp-json\/wp\/v2\/tags?post=571083"}],"curies":[{"name":"wp","href":"https:\/\/api.w.org\/{rel}","templated":true}]}}