{"id":571089,"date":"2025-12-01T14:27:20","date_gmt":"2025-12-01T14:27:20","guid":{"rendered":"https:\/\/www.europesays.com\/fr\/571089\/"},"modified":"2025-12-01T14:27:20","modified_gmt":"2025-12-01T14:27:20","slug":"antonelli-harcele-red-bull-et-marko-contraints-de-reagir","status":"publish","type":"post","link":"https:\/\/www.europesays.com\/fr\/571089\/","title":{"rendered":"Antonelli harcel\u00e9, Red Bull et Marko contraints de r\u00e9agir"},"content":{"rendered":"<p>Apr\u00e8s une vague de harc\u00e8lement et de haine \u00e0 l&rsquo;encontre de\u00a0<a href=\"https:\/\/fr.motorsport.com\/driver\/kimi-antonelli\/947765\/\" target=\"_blank\" rel=\"noopener\">Kimi Antonelli<\/a> apr\u00e8s le Grand Prix du Qatar, <a href=\"https:\/\/fr.motorsport.com\/team\/red-bull\/553\/\" target=\"_blank\" rel=\"noopener\">Red Bull<\/a> Racing a publi\u00e9 un court communiqu\u00e9 et Helmut Marko a pris la parole\u00a0pour clarifier la position de l&rsquo;\u00e9curie et regretter la situation dans laquelle certaines d\u00e9clarations ont plac\u00e9 l&rsquo;Italien.<\/p>\n<p>Dans les derniers tours de l&rsquo;\u00e9preuve de Losail, Antonelli \u00e9tait en quatri\u00e8me position et r\u00e9sistait \u00e0 <a href=\"https:\/\/fr.motorsport.com\/driver\/lando-norris\/289708\/\" target=\"_blank\" rel=\"noopener\">Lando Norris<\/a>. Cette situation, si elle en \u00e9tait rest\u00e9e l\u00e0, aurait encore plus rapproch\u00e9 <a href=\"https:\/\/fr.motorsport.com\/driver\/max-verstappen\/93029\/\" target=\"_blank\" rel=\"noopener\">Max Verstappen<\/a> du leader du championnat, puisqu&rsquo;il n&rsquo;aurait accus\u00e9 que dix points de retard avant Abu Dhabi.<\/p>\n<p>Toutefois, c&rsquo;\u00e9tait sans compter sur une erreur commise par le pilote <a href=\"https:\/\/fr.motorsport.com\/team\/mercedes\/611\/\" target=\"_blank\" rel=\"noopener\">Mercedes<\/a> dans l&rsquo;avant-dernier tour. Apr\u00e8s un premier d\u00e9crochage \u00e0 la sortie du virage 9, Antonelli a en effet connu un gros survirage \u00e0 la sortie du virage 10, qui lui a bri\u00e8vement fait perdre le contr\u00f4le de sa voiture, avant de le contraindre \u00e0 passer hors piste. Sa r\u00e9acc\u00e9l\u00e9ration \u00e9tant compromise, il n&rsquo;a pas pu contenir plus longtemps Norris qui s&rsquo;est empar\u00e9 de la quatri\u00e8me place, pour empocher sur le fil deux points suppl\u00e9mentaires.<\/p>\n<p><img decoding=\"async\" class=\"sizer\" draggable=\"false\" src=\"data:image\/png;base64,iVBORw0KGgoAAAANSUhEUgAAABAAAAAJCAYAAAA7KqwyAAAAGXRFWHRTb2Z0d2FyZQBBZG9iZSBJbWFnZVJlYWR5ccllPAAAABpJREFUeNpi\/P\/\/PwMlgImBQjBqwLAwACDAAOVfAw9\/ZDvcAAAAAElFTkSuQmCC\" alt=\"\" loading=\"lazy\"\/><\/p>\n<p class=\"title\">VID\u00c9O &#8211; R\u00c9SUM\u00c9 : Les meilleurs moments du GP du Qatar<\/p>\n<p>Dans les instants qui ont suivi ce d\u00e9passement, la r\u00e9alisation TV de la F1 n&rsquo;a pas diffus\u00e9 de ralenti pour clarifier la situation mais a en revanche pass\u00e9 un message radio de Gianpiero Lambiase, l&rsquo;ing\u00e9nieur de Verstappen, dans lequel il disait\u00a0:\u00a0\u00ab\u00a0Je ne sais pas ce qu&rsquo;il s&rsquo;est pass\u00e9 pour Antonelli, Max, on dirait qu&rsquo;il a juste ralenti et laiss\u00e9 passer Norris.\u00a0\u00bb<\/p>\n<p>Apr\u00e8s la course, c&rsquo;est Helmut Marko qui avait d\u00e9clar\u00e9\u00a0:\u00a0\u00ab\u00a0\u00c7a fait deux fois qu&rsquo;il laisse plus ou moins passer Lando. C&rsquo;\u00e9tait tout \u00e0 fait \u00e9vident. Antonelli aide d\u00e9sormais nos principaux concurrents. En Autriche, il a percut\u00e9 [Verstappen] \u00e0 l&rsquo;arri\u00e8re.\u00a0\u00bb<\/p>\n<p>Les \u00ab\u00a0regrets\u00a0\u00bb de Red Bull et Marko<\/p>\n<p>Suite \u00e0 ces diverses interventions, une vague de haine et de harc\u00e8lement venant d&rsquo;une partie des supporters de\u00a0Red Bull et de Verstappen s&rsquo;est d\u00e9cha\u00een\u00e9e \u00e0 l&rsquo;encontre du pilote de 19 ans. Dans ce contexte, ce dernier a d&rsquo;ailleurs symboliquement chang\u00e9 sa photo de profil sur Instagram pour une image enti\u00e8rement noire.<\/p>\n<p>\u00a0<\/p>\n<p>Face \u00e0 cette situation, Red Bull a publi\u00e9 ce lundi en d\u00e9but d&rsquo;apr\u00e8s-midi un court communiqu\u00e9 pour regretter cette situation et clarifier sa position : \u00ab\u00a0Les commentaires formul\u00e9s avant la fin et imm\u00e9diatement apr\u00e8s le Grand Prix du Qatar, sugg\u00e9rant que le pilote Mercedes Kimi Antonelli avait d\u00e9lib\u00e9r\u00e9ment laiss\u00e9 Lando Norris le d\u00e9passer, sont manifestement inexacts. Les images de la rediffusion montrent qu&rsquo;Antonelli a momentan\u00e9ment perdu le contr\u00f4le de sa voiture, permettant ainsi \u00e0 Norris de le d\u00e9passer. Nous regrettons sinc\u00e8rement que cela ait conduit Kimi \u00e0 faire l&rsquo;objet d&rsquo;abus en ligne.\u00a0\u00bb<\/p>\n<p>Dans le m\u00eame temps, Marko a \u00e9galement fait machine arri\u00e8re pour F1-Insider\u00a0:\u00a0\u00ab\u00a0J&rsquo;ai regard\u00e9 \u00e0 nouveau les images de pr\u00e8s.\u00a0La premi\u00e8re fois,\u00a0Antonelli aurait pu mieux d\u00e9fendre sa position [lorsque <a href=\"https:\/\/fr.motorsport.com\/driver\/oscar-piastri\/835356\/\" target=\"_blank\" rel=\"noopener\">Oscar Piastri<\/a> l&rsquo;a d\u00e9pass\u00e9 dans le virage 1]. La deuxi\u00e8me fois, c&rsquo;\u00e9tait une erreur de pilotage et non une action intentionnelle. Je regrette qu&rsquo;Antonelli ait \u00e9t\u00e9 autant d\u00e9nigr\u00e9 sur Internet. Pour clarifier une fois de plus\u00a0: il n&rsquo;a pas laiss\u00e9 passer\u00a0Norris intentionnellement.\u00a0\u00bb<\/p>\n<p>Lire aussi :<\/p>\n<\/p>\n<\/p>\n<p>            Votre avis nous int\u00e9resse !<\/p>\n<p class=\"mt-auto\">Qu&rsquo;aimeriez-vous voir sur Motorsport.com ?<\/p>\n<p>            <a href=\"#\" class=\"ms-link text-link font-bold\">R\u00e9pondez \u00e0 notre enqu\u00eate en 5 minutes.<\/a><\/p>\n<p class=\"mt-1 text-body\">&#8211; L&rsquo;\u00e9quipe Motorsport.com<\/p>\n","protected":false},"excerpt":{"rendered":"Apr\u00e8s une vague de harc\u00e8lement et de haine \u00e0 l&rsquo;encontre de\u00a0Kimi Antonelli apr\u00e8s le Grand Prix du Qatar,&hellip;\n","protected":false},"author":2,"featured_media":571090,"comment_status":"","ping_status":"","sticky":false,"template":"","format":"standard","meta":{"footnotes":""},"categories":[9],"tags":[68622,1454,1011,27,3596,2237,3597,4320,2255,68623,60],"class_list":{"0":"post-571089","1":"post","2":"type-post","3":"status-publish","4":"format-standard","5":"has-post-thumbnail","7":"category-sports","8":"tag-antonelli-harcelu00e9","9":"tag-formule-1","10":"tag-fr","11":"tag-france","12":"tag-gp-du-qatar","13":"tag-kimi-antonelli","14":"tag-losail-international-circuit","15":"tag-mercedes","16":"tag-red-bull","17":"tag-red-bull-et-marko-contraints-de-ru00e9agir","18":"tag-sports"},"share_on_mastodon":{"url":"https:\/\/pubeurope.com\/@fr\/115644782535664372","error":""},"_links":{"self":[{"href":"https:\/\/www.europesays.com\/fr\/wp-json\/wp\/v2\/posts\/571089","targetHints":{"allow":["GET"]}}],"collection":[{"href":"https:\/\/www.europesays.com\/fr\/wp-json\/wp\/v2\/posts"}],"about":[{"href":"https:\/\/www.europesays.com\/fr\/wp-json\/wp\/v2\/types\/post"}],"author":[{"embeddable":true,"href":"https:\/\/www.europesays.com\/fr\/wp-json\/wp\/v2\/users\/2"}],"replies":[{"embeddable":true,"href":"https:\/\/www.europesays.com\/fr\/wp-json\/wp\/v2\/comments?post=571089"}],"version-history":[{"count":0,"href":"https:\/\/www.europesays.com\/fr\/wp-json\/wp\/v2\/posts\/571089\/revisions"}],"wp:featuredmedia":[{"embeddable":true,"href":"https:\/\/www.europesays.com\/fr\/wp-json\/wp\/v2\/media\/571090"}],"wp:attachment":[{"href":"https:\/\/www.europesays.com\/fr\/wp-json\/wp\/v2\/media?parent=571089"}],"wp:term":[{"taxonomy":"category","embeddable":true,"href":"https:\/\/www.europesays.com\/fr\/wp-json\/wp\/v2\/categories?post=571089"},{"taxonomy":"post_tag","embeddable":true,"href":"https:\/\/www.europesays.com\/fr\/wp-json\/wp\/v2\/tags?post=571089"}],"curies":[{"name":"wp","href":"https:\/\/api.w.org\/{rel}","templated":true}]}}