{"id":571095,"date":"2025-12-01T14:30:21","date_gmt":"2025-12-01T14:30:21","guid":{"rendered":"https:\/\/www.europesays.com\/fr\/571095\/"},"modified":"2025-12-01T14:30:21","modified_gmt":"2025-12-01T14:30:21","slug":"calculez-exactement-combien-vous-allez-economiser-en-2026","status":"publish","type":"post","link":"https:\/\/www.europesays.com\/fr\/571095\/","title":{"rendered":"calculez exactement combien vous allez \u00e9conomiser en 2026"},"content":{"rendered":"<p>              <img decoding=\"async\" class=\"article-author__picture webp\" src=\"https:\/\/www.europesays.com\/fr\/wp-content\/uploads\/2025\/04\/matias-perea-85px.jpg.webp\" alt=\"Matias Perea\"\/><\/p>\n<p class=\"article-author__info--name\"> Par<br \/>\n                      <a href=\"https:\/\/selectra.info\/equipe\/matias\" target=\"_blank\" rel=\"noopener author\"> Matias Perea <\/a><\/p>\n<p class=\"article-author__info--description\"> Analyste \u00c9nergie <\/p>\n<p>        Publi\u00e9 le<\/p>\n<p>                                01\/12\/2025<\/p>\n<p>            min de lecture\n        <\/p>\n<p>Sauf indication contraire, tous les prix pr\u00e9sent\u00e9s sur cette page sont TTC.<\/p>\n<p>  <img decoding=\"async\" class=\"new-ads__card-logo\" src=\"https:\/\/www.europesays.com\/fr\/wp-content\/uploads\/2025\/08\/electricite.png\" alt=\"logo\" loading=\"lazy\"\/><\/p>\n<p class=\"new-ads__card-title\">La m\u00eame \u00e9lectricit\u00e9, moins ch\u00e8re !<\/p>\n<p class=\"new-ads__card-description\">\u00c9conomisez en changeant d&rsquo;offre avec Selectra<\/p>\n<p>        <img decoding=\"async\" class=\"new-ads__card-logo\" src=\"https:\/\/www.europesays.com\/fr\/wp-content\/uploads\/2025\/06\/primeo-xs.png\" alt=\"logo\" loading=\"lazy\"\/><\/p>\n<p class=\"new-ads__card-title\">L&rsquo;offre du moment \u00e0 -20 % (HT) par rapport au tarif r\u00e9glement\u00e9<\/p>\n<p class=\"new-ads__card-description\">Une offre \u00e0 prix fixe moins ch\u00e8re<\/p>\n<p class=\"intro\">C&rsquo;est une nouvelle qui devrait r\u00e9chauffer (un peu) le c\u0153ur des m\u00e9nages chauff\u00e9s \u00e0 l&rsquo;\u00e9lectricit\u00e9. Dans la nuit de samedi \u00e0 dimanche, le S\u00e9nat a vot\u00e9 un amendement au projet de budget 2026 : une baisse des taxes sur l&rsquo;\u00e9lectricit\u00e9. Mais concr\u00e8tement, combien d&rsquo;euros allez-vous \u00e9conomiser sur votre facture annuelle ? Selectra a sorti la calculatrice pour estimer l&rsquo;impact r\u00e9el de cette mesure sur diff\u00e9rents types de logements.<\/p>\n<p>Le plan du S\u00e9nat : all\u00e9ger la fiscalit\u00e9 de l&rsquo;\u00e9lectricit\u00e9<\/p>\n<p>Alors que les prix de l&rsquo;\u00e9nergie restent une pr\u00e9occupation majeure pour les Fran\u00e7ais, la majorit\u00e9 s\u00e9natoriale a d\u00e9cid\u00e9 d&rsquo;agir sur le levier fiscal. L&rsquo;amendement adopt\u00e9 pr\u00e9voit une baisse de <a href=\"https:\/\/selectra.info\/energie\/guides\/comprendre\/taxes\/accise-electricite\" target=\"_blank\" rel=\"noopener\">l&rsquo;accise sur l&rsquo;\u00e9lectricit\u00e9<\/a> (l&rsquo;ancienne TICFE), cette taxe que vous payez sur chaque kilowattheure consomm\u00e9.<\/p>\n<p>La mesure est technique, mais son effet est direct : <strong>le tarif de l&rsquo;accise pour les particuliers serait r\u00e9duit de 3 \u20ac par MWh<\/strong> (m\u00e9gawattheure) \u00e0 partir de 2026. Une fois la TVA de 20 % appliqu\u00e9e \u00e0 cette taxe, cela repr\u00e9sente une \u00e9conomie de <strong>3,60 \u20ac TTC pour chaque tranche de 1000 kWh consomm\u00e9s<\/strong>.<\/p>\n<p>Cette initiative vise \u00e0 corriger une anomalie : pourquoi taxer fortement l&rsquo;\u00e9lectricit\u00e9, qui est produite en France et \u00e9met peu de CO2, alors que l&rsquo;on souhaite sortir des \u00e9nergies fossiles ? Par cons\u00e9quent, afin de limiter l&rsquo;impact sur les caisses de l&rsquo;\u00c9tat, <a href=\"#gaz\">l&rsquo;accise sur le gaz sera lui r\u00e9hauss\u00e9e<\/a>.<\/p>\n<p>Simulations : combien allez-vous \u00e9conomiser sur votre facture d&rsquo;\u00e9lectricit\u00e9 selon votre logement ?<\/p>\n<p>Pour vous aider \u00e0 y voir plus clair, nous avons simul\u00e9 l&rsquo;impact de cette baisse de taxe sur la facture annuelle de cinq profils types de consommateurs d&rsquo;\u00e9lectricit\u00e9.<\/p>\n<p>Gain estim\u00e9 sur la facture annuelle (Baisse de l&rsquo;accise)<\/p>\n<tr>Type de logementConsommation annuelle moyenne\u00c9conomie estim\u00e9e (TTC)<\/tr>\n<tr>\n<td><strong>Studio \/ Petit appartement<\/strong><br \/>(Chauffage \u00e9lectrique)<\/td>\n<td>2500 kWh<\/td>\n<td><strong>&#8211; 9,00 \u20ac<\/strong><\/td>\n<\/tr>\n<tr>\n<td><strong>Appartement moyen (Couple)<\/strong><br \/>(Chauffage \u00e9lectrique)<\/td>\n<td>4500 kWh<\/td>\n<td><strong>&#8211; 16,20 \u20ac<\/strong><\/td>\n<\/tr>\n<tr>\n<td><strong>Maison standard (3-4 pers.)<\/strong><br \/>(Chauffage \u00e9lectrique)<\/td>\n<td>8000 kWh<\/td>\n<td><strong>&#8211; 28,80 \u20ac<\/strong><\/td>\n<\/tr>\n<tr>\n<td><strong>Grande maison<\/strong><br \/>(Chauffage \u00e9lectrique + Ballon d&rsquo;eau chaude)<\/td>\n<td>12.000 kWh<\/td>\n<td><strong>&#8211; 43,20 \u20ac<\/strong><\/td>\n<\/tr>\n<tr>\n<td><strong>Maison mal isol\u00e9e \/ Haute conso<\/strong><br \/>(Chauffage \u00e9lectrique)<\/td>\n<td>16.000 kWh<\/td>\n<td><strong>&#8211; 57,60 \u20ac<\/strong><\/td>\n<\/tr>\n<p class=\"table__legend\">Estimations Selectra bas\u00e9es sur une r\u00e9duction de l&rsquo;accise de 3 \u20ac\/MWh HT, soit 3,60 \u20ac\/MWh TTC, option base.<\/p>\n<p>Ainsi, plus votre logement consomme de l&rsquo;\u00e9lectricit\u00e9, plus le gain est visible. Pour une grande famille vivant dans une maison chauff\u00e9e \u00e0 l&rsquo;\u00e9lectricit\u00e9, <strong>l&rsquo;\u00e9conomie fr\u00f4le les 45 \u00e0 50 \u20ac par an<\/strong>. Ce n&rsquo;est pas une r\u00e9volution qui divise la facture par deux, mais c&rsquo;est une baisse tangible apr\u00e8s des ann\u00e9es de hausse.<\/p>\n<p class=\"title\">Baisse de l&rsquo;accise 2026 : quel impact sur votre facture ?<\/p>\n<p class=\"output-box__title text--xl\">\n            Gr\u00e2ce \u00e0 la baisse de l&rsquo;accise, vous \u00e9conomiserez :\n        <\/p>\n<p class=\"text--center\">\n          &#8211; 27,72\u202f\u20ac<br \/>\n          \/an TTC\n        <\/p>\n<p class=\"text--center text--md\">\n           Cela repr\u00e9sente une baisse d&rsquo;environ <strong>1,6 %<\/strong> de votre facture totale.\n        <\/p>\n<p>      <a class=\"form-results\" data-target=\"#form-results-hide\" href=\"#\"\/><\/p>\n<p>        Comprendre ce calcul<\/p>\n<p>      Masquer<\/p>\n<p class=\"text--sm\">\n                L&rsquo;amendement pr\u00e9voit une baisse de <strong>3 \u20ac par MWh<\/strong> sur l&rsquo;accise (TICFE) en 2026. Cette taxe \u00e9tant soumise \u00e0 la TVA (20%), la baisse r\u00e9elle est de 3,60 \u20ac TTC par MWh consomm\u00e9.\n            <\/p>\n<p>            D\u00e9tail du calcul :<\/p>\n<p class=\"final-response__param-title\">Baisse Accise (HT) :<\/p>\n<p class=\"final-response__param-value\">\n                 &#8211; 23,10 \u20ac\n              <\/p>\n<p class=\"final-response__param-title\">Impact TVA (20%) :<\/p>\n<p class=\"final-response__param-value\">\n                 &#8211; 4,62 \u20ac\n              <\/p>\n<p class=\"final-response__param-title text--success\"><strong>Gain Total TTC :<\/strong><\/p>\n<p class=\"final-response__param-value text--success\">\n                <strong>&#8211; 27,72 \u20ac<\/strong>\n              <\/p>\n<p>  La contrepartie : le gaz va payer pour l&rsquo;\u00e9lectricit\u00e9<\/p>\n<p>Si cette mesure est une bonne nouvelle pour les abonn\u00e9s \u00e0 l&rsquo;\u00e9lectricit\u00e9, elle cache une contrepartie. Pour financer ce \u00ab\u00a0cadeau\u00a0\u00bb fiscal sans creuser le d\u00e9ficit de l&rsquo;\u00c9tat, <strong>les s\u00e9nateurs ont vot\u00e9 en parall\u00e8le une hausse de la fiscalit\u00e9 sur le gaz naturel<\/strong>. C&rsquo;est le principe des vases communicants.<\/p>\n<p>Attention aux foyers \u00ab\u00a0mixtes\u00a0\u00bb<\/p>\n<p>Si vous utilisez l&rsquo;\u00e9lectricit\u00e9 pour vos appareils mais le gaz pour votre chauffage, le calcul est diff\u00e9rent. La hausse de la taxe sur le gaz (+4,40 \u20ac\/MWh) <strong>risque d&rsquo;effacer le gain obtenu sur votre consommation \u00e9lectrique<\/strong>. L&rsquo;objectif affich\u00e9 par le S\u00e9nat est d&rsquo;nciter financi\u00e8rement les Fran\u00e7ais \u00e0 abandonner les chaudi\u00e8res \u00e0 gaz au profit de solutions \u00e9lectriques comme <a href=\"https:\/\/selectra.info\/energie\/renovation-energetique\/pompe-a-chaleur\/faq\/avantages-inconvenients-pac\" target=\"_blank\" rel=\"noopener\">les pompes \u00e0 chaleur<\/a>.<\/p>\n<p>Notez toutefois une exception importante : les s\u00e9nateurs ont exclu le fioul domestique et le GPL de cette hausse, afin de ne pas p\u00e9naliser les m\u00e9nages ruraux qui n&rsquo;ont souvent pas d&rsquo;autre choix pour se chauffer.<\/p>\n<p>  <img decoding=\"async\" class=\"new-ads__card-logo\" src=\"https:\/\/www.europesays.com\/fr\/wp-content\/uploads\/2025\/08\/electricite.png\" alt=\"logo\" loading=\"lazy\"\/><\/p>\n<p class=\"new-ads__card-title\">La m\u00eame \u00e9lectricit\u00e9, moins ch\u00e8re !<\/p>\n<p class=\"new-ads__card-description\">\u00c9conomisez en changeant d&rsquo;offre avec Selectra<\/p>\n<p>        <img decoding=\"async\" class=\"new-ads__card-logo\" src=\"https:\/\/www.europesays.com\/fr\/wp-content\/uploads\/2025\/06\/primeo-xs.png\" alt=\"logo\" loading=\"lazy\"\/><\/p>\n<p class=\"new-ads__card-title\">L&rsquo;offre du moment \u00e0 -20 % (HT) par rapport au tarif r\u00e9glement\u00e9<\/p>\n<p class=\"new-ads__card-description\">Une offre \u00e0 prix fixe moins ch\u00e8re<\/p>\n<p>Est-ce d\u00e9finitif ? Le parcours l\u00e9gislatif continue<\/p>\n<p>Rappelons que ce vote du S\u00e9nat n&rsquo;est qu&rsquo;une \u00e9tape. Nous sommes dans le cadre de la navette parlementaire du Projet de Loi de Finances 2026. Le texte doit encore retourner \u00e0 l&rsquo;Assembl\u00e9e nationale.<\/p>\n<p>Le gouvernement, par la voix du ministre de l&rsquo;\u00c9conomie Roland Lescure, a accueilli la proposition avec un avis de \u00ab\u00a0sagesse\u00a0\u00bb (ni favorable, ni d\u00e9favorable), reconnaissant qu&rsquo;elle avait \u00ab\u00a0beaucoup de sens\u00a0\u00bb pour la souverainet\u00e9 \u00e9nerg\u00e9tique de la France. Cependant, rien n&rsquo;est jou\u00e9 tant que le budget final n&rsquo;est pas adopt\u00e9 en d\u00e9cembre.<\/p>\n<p>Si cette baisse de taxe est bienvenue, elle ne s&rsquo;appliquera, au mieux, qu&rsquo;au 1er janvier 2026, voire au 1er f\u00e9vrier prochain. Pour faire des \u00e9conomies imm\u00e9diates cet hiver, le levier le plus efficace reste de <a href=\"https:\/\/selectra.info\/energie\" target=\"_blank\" rel=\"noopener\"><strong>comparer les offres d&rsquo;\u00e9lectricit\u00e9<\/strong><\/a> propos\u00e9es par les diff\u00e9rents fournisseurs.<\/p>\n<p>Actuellement, les offres de march\u00e9 sont souvent bien plus comp\u00e9titives que le <a href=\"https:\/\/selectra.info\/energie\/fournisseurs\/edf\/tarifs-reglementes\" target=\"_blank\" rel=\"noopener\">tarif r\u00e9glement\u00e9 d&rsquo;EDF<\/a>, avec <strong>des remises pouvant d\u00e9passer les 20 %<\/strong>. Changer de fournisseur permet d&rsquo;\u00e9conomiser imm\u00e9diatement bien plus que les quelques dizaines d&rsquo;euros promis par la baisse des taxes.<\/p>\n<p>Voici les offres d&rsquo;\u00e9lectricit\u00e9 les moins ch\u00e8res du moment pour r\u00e9duire votre facture d\u00e8s aujourd&rsquo;hui :<\/p>\n<p class=\"table__legend\">Tarifs \u20ac TTC.<br \/>\n            Simulations effectu\u00e9es pour une consommation domestique de 10800  kWh par an et une puissance de 9 kVA \u00e0 Lyon.<br \/>\n            En savoir plus sur notre <a href=\"https:\/\/selectra.info\/energie\/score\" target=\"_blank\" rel=\"noopener\">Selectra Score<\/a>.<br \/>\n            Seule l\u2019offre la plus comp\u00e9titive de chaque fournisseur d\u2019\u00e9nergie est mentionn\u00e9e.\n      \t  <\/p>\n<p>  <img decoding=\"async\" class=\"new-ads__card-logo\" src=\"https:\/\/www.europesays.com\/fr\/wp-content\/uploads\/2025\/04\/ampoule-animee.gif\" alt=\"logo\" loading=\"lazy\"\/><\/p>\n<p class=\"new-ads__card-title\">Besoin d&rsquo;aide ?<\/p>\n<p class=\"new-ads__card-description\">Un conseiller Selectra est disponible gratuitement au :<\/p>\n<p>        <img decoding=\"async\" class=\"new-ads__card-logo\" src=\"https:\/\/www.europesays.com\/fr\/wp-content\/uploads\/2025\/06\/primeo-xs.png\" alt=\"logo\" loading=\"lazy\"\/><\/p>\n<p class=\"new-ads__card-title\">L&rsquo;offre du moment \u00e0 -20 % (HT) par rapport au tarif r\u00e9glement\u00e9<\/p>\n<p class=\"new-ads__card-description\">Une offre \u00e0 prix fixe moins ch\u00e8re<\/p>\n<p>      Avez-vous trouv\u00e9 cet article utile ?<\/p>\n<p>100% des 1 votes trouvent l&rsquo;information utile.<\/p>\n","protected":false},"excerpt":{"rendered":"Par Matias Perea Analyste \u00c9nergie Publi\u00e9 le 01\/12\/2025 min de lecture Sauf indication contraire, tous les prix pr\u00e9sent\u00e9s&hellip;\n","protected":false},"author":2,"featured_media":571096,"comment_status":"","ping_status":"","sticky":false,"template":"","format":"standard","meta":{"footnotes":""},"categories":[6],"tags":[35,33,34,1011,27],"class_list":{"0":"post-571095","1":"post","2":"type-post","3":"status-publish","4":"format-standard","5":"has-post-thumbnail","7":"category-economie","8":"tag-business","9":"tag-economie","10":"tag-economy","11":"tag-fr","12":"tag-france"},"share_on_mastodon":{"url":"https:\/\/pubeurope.com\/@fr\/115644795657738962","error":""},"_links":{"self":[{"href":"https:\/\/www.europesays.com\/fr\/wp-json\/wp\/v2\/posts\/571095","targetHints":{"allow":["GET"]}}],"collection":[{"href":"https:\/\/www.europesays.com\/fr\/wp-json\/wp\/v2\/posts"}],"about":[{"href":"https:\/\/www.europesays.com\/fr\/wp-json\/wp\/v2\/types\/post"}],"author":[{"embeddable":true,"href":"https:\/\/www.europesays.com\/fr\/wp-json\/wp\/v2\/users\/2"}],"replies":[{"embeddable":true,"href":"https:\/\/www.europesays.com\/fr\/wp-json\/wp\/v2\/comments?post=571095"}],"version-history":[{"count":0,"href":"https:\/\/www.europesays.com\/fr\/wp-json\/wp\/v2\/posts\/571095\/revisions"}],"wp:featuredmedia":[{"embeddable":true,"href":"https:\/\/www.europesays.com\/fr\/wp-json\/wp\/v2\/media\/571096"}],"wp:attachment":[{"href":"https:\/\/www.europesays.com\/fr\/wp-json\/wp\/v2\/media?parent=571095"}],"wp:term":[{"taxonomy":"category","embeddable":true,"href":"https:\/\/www.europesays.com\/fr\/wp-json\/wp\/v2\/categories?post=571095"},{"taxonomy":"post_tag","embeddable":true,"href":"https:\/\/www.europesays.com\/fr\/wp-json\/wp\/v2\/tags?post=571095"}],"curies":[{"name":"wp","href":"https:\/\/api.w.org\/{rel}","templated":true}]}}