{"id":571097,"date":"2025-12-01T14:31:24","date_gmt":"2025-12-01T14:31:24","guid":{"rendered":"https:\/\/www.europesays.com\/fr\/571097\/"},"modified":"2025-12-01T14:31:24","modified_gmt":"2025-12-01T14:31:24","slug":"arrete-depuis-fin-octobre-lopposant-anicet-ekane-est-mort-en-prison","status":"publish","type":"post","link":"https:\/\/www.europesays.com\/fr\/571097\/","title":{"rendered":"Arr\u00eat\u00e9 depuis fin octobre, l\u2019opposant Anicet Ekane est mort en prison"},"content":{"rendered":"<p>L\u2019opposant <a href=\"https:\/\/www.20minutes.fr\/dossier\/cameroun\" class=\"c-link c-link--is-underlined\" target=\"_blank\" rel=\"noopener\">camerounais<\/a> Anicet Ekane est mort lundi matin en d\u00e9tention \u00e0 Yaound\u00e9. Son <a href=\"https:\/\/www.20minutes.fr\/dossier\/deces\" class=\"c-link c-link--is-underlined\" target=\"_blank\" rel=\"noopener\">d\u00e9c\u00e8s <\/a>a \u00e9t\u00e9 r\u00e9v\u00e9l\u00e9 par Valentin Dongmo, vice-pr\u00e9sident du Mouvement Africain pour la Nouvelle Ind\u00e9pendance et la D\u00e9mocratie (Manidem), parti dont il \u00e9tait le dirigeant.<\/p>\n<\/p>\n<p>\u00ab\u00a0Anicet Ekane est d\u00e9c\u00e9d\u00e9 ce matin \u00e0 Yaound\u00e9, o\u00f9 il avait \u00e9t\u00e9 transf\u00e9r\u00e9 apr\u00e8s son arrestation fin octobre \u00e0 Douala\u00a0\u00bb, a-t-il pr\u00e9cis\u00e9. Les circonstances exactes de sa mort restent inconnues. Selon <a href=\"https:\/\/actucameroun.com\/2025\/12\/01\/necrologie-anicet-ekane-est-mort\/\" target=\"_blank\" class=\"c-link c-link--is-underlined\" rel=\"noopener\">Actu Cameroun<\/a>, qui cite son avocat Emmanuel Simh, il aurait succomb\u00e9 \u00e0 une maladie. Le m\u00e9dia pr\u00e9cise qu\u2019il \u00ab\u00a0\u00e9tait priv\u00e9 de ses \u00e9quipements m\u00e9dicaux pendant plus d\u2019un mois\u00a0\u00bb, vraisemblablement depuis son arrestation.<\/p>\n<p>Figure de la gauche nationaliste, pr\u00e9sident du Manidem, et soutien de l\u2019opposant Issa Tchiroma Bakary, Anicet Ekane avait \u00e9t\u00e9 interpell\u00e9 le 24\u00a0octobre.<\/p>\n<p><a href=\"https:\/\/www.20minutes.fr\/dossier\/cameroun\" class=\"c-link c-btn c-btn--primary\" target=\"_blank\" rel=\"noopener\">Notre dossier sur le Cameroun<\/a><\/p>\n<p>Cette interpellation avait \u00e9t\u00e9 r\u00e9alis\u00e9e \u00e0 la veille de la publication officielle des r\u00e9sultats de l\u2019<a href=\"https:\/\/www.20minutes.fr\/elections\/\" class=\"c-link c-link--is-underlined\" target=\"_blank\" rel=\"noopener\">\u00e9lection<\/a> pr\u00e9sidentielle. Cette derni\u00e8re a reconduit Paul Biya, 92 ans, et au pouvoir depuis\u00a01982, pour un huiti\u00e8me mandat.<\/p>\n","protected":false},"excerpt":{"rendered":"L\u2019opposant camerounais Anicet Ekane est mort lundi matin en d\u00e9tention \u00e0 Yaound\u00e9. Son d\u00e9c\u00e8s a \u00e9t\u00e9 r\u00e9v\u00e9l\u00e9 par&hellip;\n","protected":false},"author":2,"featured_media":571098,"comment_status":"","ping_status":"","sticky":false,"template":"","format":"standard","meta":{"footnotes":""},"categories":[5],"tags":[47,11,23615,3983,1011,27,14,74,12,17181,4919,28],"class_list":{"0":"post-571097","1":"post","2":"type-post","3":"status-publish","4":"format-standard","5":"has-post-thumbnail","7":"category-international","8":"tag-actualite","9":"tag-actualites","10":"tag-cameroun","11":"tag-deces","12":"tag-fr","13":"tag-france","14":"tag-international","15":"tag-monde","16":"tag-news","17":"tag-opposant","18":"tag-president","19":"tag-world"},"share_on_mastodon":{"url":"https:\/\/pubeurope.com\/@fr\/115644798412413945","error":""},"_links":{"self":[{"href":"https:\/\/www.europesays.com\/fr\/wp-json\/wp\/v2\/posts\/571097","targetHints":{"allow":["GET"]}}],"collection":[{"href":"https:\/\/www.europesays.com\/fr\/wp-json\/wp\/v2\/posts"}],"about":[{"href":"https:\/\/www.europesays.com\/fr\/wp-json\/wp\/v2\/types\/post"}],"author":[{"embeddable":true,"href":"https:\/\/www.europesays.com\/fr\/wp-json\/wp\/v2\/users\/2"}],"replies":[{"embeddable":true,"href":"https:\/\/www.europesays.com\/fr\/wp-json\/wp\/v2\/comments?post=571097"}],"version-history":[{"count":0,"href":"https:\/\/www.europesays.com\/fr\/wp-json\/wp\/v2\/posts\/571097\/revisions"}],"wp:featuredmedia":[{"embeddable":true,"href":"https:\/\/www.europesays.com\/fr\/wp-json\/wp\/v2\/media\/571098"}],"wp:attachment":[{"href":"https:\/\/www.europesays.com\/fr\/wp-json\/wp\/v2\/media?parent=571097"}],"wp:term":[{"taxonomy":"category","embeddable":true,"href":"https:\/\/www.europesays.com\/fr\/wp-json\/wp\/v2\/categories?post=571097"},{"taxonomy":"post_tag","embeddable":true,"href":"https:\/\/www.europesays.com\/fr\/wp-json\/wp\/v2\/tags?post=571097"}],"curies":[{"name":"wp","href":"https:\/\/api.w.org\/{rel}","templated":true}]}}