{"id":571102,"date":"2025-12-01T14:34:12","date_gmt":"2025-12-01T14:34:12","guid":{"rendered":"https:\/\/www.europesays.com\/fr\/571102\/"},"modified":"2025-12-01T14:34:12","modified_gmt":"2025-12-01T14:34:12","slug":"a89-autoroute-coupee-entre-clermont-et-saint-etienne-ce-quil-sest-passe","status":"publish","type":"post","link":"https:\/\/www.europesays.com\/fr\/571102\/","title":{"rendered":"A89. Autoroute coup\u00e9e entre Clermont et Saint-Etienne : ce qu&rsquo;il s&rsquo;est pass\u00e9"},"content":{"rendered":"<p>                    Par<br \/>\n        <strong><br \/>\n            <a href=\"https:\/\/actu.fr\/auteur\/redaction-saint-etienne\" title=\"Consulter tous les articles de R\u00e9daction Saint-\u00c9tienne\" target=\"_blank\" rel=\"noopener\">R\u00e9daction Saint-\u00c9tienne<\/a><br \/>\n                    <\/strong><\/p>\n<p>        Publi\u00e9 le<\/p>\n<p>            1 d\u00e9c. 2025 \u00e0 15h16        <\/p>\n<p>L\u2019autoroute <a href=\"https:\/\/actu.fr\/tag\/autoroute-89-a89\" target=\"_blank\" rel=\"noopener\">A89<\/a> a \u00e9t\u00e9 coup\u00e9e trois heures dans la nuit du dimanche 30\u00a0novembre au lundi 1er\u00a0d\u00e9cembre.<\/p>\n<p class=\" wall-content\">Vers 2\u00a0heures du matin, sur la commune de <a href=\"https:\/\/actu.fr\/auvergne-rhone-alpes\/noiretable_42159\" target=\"_blank\" rel=\"noopener\">Noir\u00e9table<\/a> (Loire), <strong>dans le sens Clermont-Ferrand vers Saint-Etienne<\/strong>, les secours du Service d\u00e9partemental d\u2019incendie et de secours du Puy-de-D\u00f4me (Sdis 63) sont intervenus pour un d\u00e9but de feu de poids lourd de type b\u00e9taill\u00e8re avec remorque transportant des veaux.<\/p>\n<p>Une trentaine de veaux sur l\u2019autoroute<\/p>\n<p class=\" wall-content\">Le sinistre a n\u00e9cessit\u00e9 de parquer une trentaine de veaux sur l\u2019autoroute. Cela a engendr\u00e9 une coupure de l\u2019autoroute dans le sens Clermont-Ferrand vers Saint-Etienne pendant une dur\u00e9e de trois heures, pr\u00e9cisent les sapeurs-pompiers de la Loire.<\/p>\n<p class=\" wall-content\"><strong>Les gendarmes et service de l\u2019autoroute<\/strong> \u00e9taient sur place.<\/p>\n<p class=\" wall-content\">Personnalisez votre actualit\u00e9 en ajoutant vos villes et m\u00e9dias en favori avec <a href=\"https:\/\/moncompte.actu.fr\" title=\"D\u00e9couvez Mon Actu\" rel=\"nofollow noopener\" data-trk=\"{&quot;cta&quot;:{&quot;action&quot;:&quot;https:\\\/\\\/moncompte.actu.fr&quot;,&quot;category&quot;:&quot;mon compte&quot;,&quot;from&quot;:&quot;article footer&quot;,&quot;name&quot;:&quot;Mon actu&quot;,&quot;type&quot;:&quot;cta&quot;}}\" target=\"_blank\">Mon Actu<\/a>.<\/p>\n","protected":false},"excerpt":{"rendered":"Par R\u00e9daction Saint-\u00c9tienne Publi\u00e9 le 1 d\u00e9c. 2025 \u00e0 15h16 L\u2019autoroute A89 a \u00e9t\u00e9 coup\u00e9e trois heures dans&hellip;\n","protected":false},"author":2,"featured_media":570970,"comment_status":"","ping_status":"","sticky":false,"template":"","format":"standard","meta":{"footnotes":""},"categories":[9653],"tags":[1111,11,1867,16528,2430,1777,674,118,1011,27,3381,12,25,4001],"class_list":{"0":"post-571102","1":"post","2":"type-post","3":"status-publish","4":"format-standard","5":"has-post-thumbnail","7":"category-saint-etienne","8":"tag-actu","9":"tag-actualites","10":"tag-animaux","11":"tag-autoroute-89-a89","12":"tag-auvergne-rhone-alpes","13":"tag-eu","14":"tag-europe","15":"tag-faits-divers","16":"tag-fr","17":"tag-france","18":"tag-gendarmerie","19":"tag-news","20":"tag-republique-francaise","21":"tag-saint-etienne"},"share_on_mastodon":{"url":"https:\/\/pubeurope.com\/@fr\/115644810196578793","error":""},"_links":{"self":[{"href":"https:\/\/www.europesays.com\/fr\/wp-json\/wp\/v2\/posts\/571102","targetHints":{"allow":["GET"]}}],"collection":[{"href":"https:\/\/www.europesays.com\/fr\/wp-json\/wp\/v2\/posts"}],"about":[{"href":"https:\/\/www.europesays.com\/fr\/wp-json\/wp\/v2\/types\/post"}],"author":[{"embeddable":true,"href":"https:\/\/www.europesays.com\/fr\/wp-json\/wp\/v2\/users\/2"}],"replies":[{"embeddable":true,"href":"https:\/\/www.europesays.com\/fr\/wp-json\/wp\/v2\/comments?post=571102"}],"version-history":[{"count":0,"href":"https:\/\/www.europesays.com\/fr\/wp-json\/wp\/v2\/posts\/571102\/revisions"}],"wp:featuredmedia":[{"embeddable":true,"href":"https:\/\/www.europesays.com\/fr\/wp-json\/wp\/v2\/media\/570970"}],"wp:attachment":[{"href":"https:\/\/www.europesays.com\/fr\/wp-json\/wp\/v2\/media?parent=571102"}],"wp:term":[{"taxonomy":"category","embeddable":true,"href":"https:\/\/www.europesays.com\/fr\/wp-json\/wp\/v2\/categories?post=571102"},{"taxonomy":"post_tag","embeddable":true,"href":"https:\/\/www.europesays.com\/fr\/wp-json\/wp\/v2\/tags?post=571102"}],"curies":[{"name":"wp","href":"https:\/\/api.w.org\/{rel}","templated":true}]}}