{"id":571109,"date":"2025-12-01T14:38:12","date_gmt":"2025-12-01T14:38:12","guid":{"rendered":"https:\/\/www.europesays.com\/fr\/571109\/"},"modified":"2025-12-01T14:38:12","modified_gmt":"2025-12-01T14:38:12","slug":"le-maire-de-la-seyne-sur-mer-interdit-la-consommation-dalcool-sur-la-voie-publique-une-association-conteste-larrete","status":"publish","type":"post","link":"https:\/\/www.europesays.com\/fr\/571109\/","title":{"rendered":"Le maire de La Seyne-sur-Mer interdit la consommation d&rsquo;alcool sur la voie publique, une association conteste l&rsquo;arr\u00e9t\u00e9"},"content":{"rendered":"<p>\u00c0 la suite de plusieurs interpellations et incidents li\u00e9s \u00e0 l&rsquo;alcool, Joseph Minniti, maire de La Seyne-sur-Mer, a interdit la consommation d&rsquo;alcool sur la voie publique. L&rsquo;arr\u00eat\u00e9 a \u00e9t\u00e9 contest\u00e9 par une association.<\/p>\n<p>La <a href=\"https:\/\/rmc.bfmtv.com\/actualites\/societe\/video-bannir-l-alcool-des-entreprises-je-ne-vois-pas-pourquoi-on-aurait-le-droit-de-boire-alors-qu-on-est-censes-etre-productifs-juge-elise-goldfarb_VN-202511170540.html\" title=\"Bannir l&#039;alcool des entreprises : &quot;Je ne vois pas pourquoi on aurait le droit de boire alors qu&#039;on est cens\u00e9s \u00eatre productifs&quot;, juge Elise Goldfarb\" class=\"internal_link\" target=\"_blank\" rel=\"noopener\">consommation d&rsquo;alcool<\/a> sur la voie publique a \u00e9t\u00e9 r\u00e9cemment interdite \u00e0 La Seyne-sur-Mer (Var), comme l&rsquo;indique le maire Joseph Minniti sur Facebook ce lundi 1er d\u00e9cembre.<\/p>\n<p>Cette d\u00e9cision fait suite \u00e0 plusieurs incidents li\u00e9s \u00e0 l&rsquo;alcool d&rsquo;apr\u00e8s l&rsquo;\u00e9dile. \u00ab\u00a0Depuis le d\u00e9but de l\u2019ann\u00e9e, notre police municipale a proc\u00e9d\u00e9 32 interpellations de personnes en \u00e9tat d\u2019\u00e9bri\u00e9t\u00e9 sur la voie publique et 16 au volant\u00a0\u00bb, indique ce dernier.<\/p>\n<p>Le maire convoqu\u00e9 au tribunal<\/p>\n<p>Face \u00e0 des \u00ab\u00a0agressions\u00a0\u00bb et des \u00ab\u00a0incivilit\u00e9s\u00a0\u00bb qui se \u00ab\u00a0multiplient\u00a0\u00bb, Joseph Minniti indique avoir \u00ab\u00a0donn\u00e9 des consignes fermes\u00a0\u00bb aux agents de la commune et affirme qu&rsquo;il ne reculera \u00ab\u00a0pas d\u2019un millim\u00e8tre sur ce sujet\u00a0\u00bb.<\/p>\n<p><img decoding=\"async\" src=\"https:\/\/www.europesays.com\/fr\/wp-content\/uploads\/2025\/05\/principale-24_1.png\"  alt=\"Alcool, tabac, cannabis... les Fran\u00e7ais sont-ils conscients des risques sur leur sant\u00e9?\" title=\"Alcool, tabac, cannabis... les Fran\u00e7ais sont-ils conscients des risques sur leur sant\u00e9?\"\/>Alcool, tabac, cannabis&#8230; les Fran\u00e7ais sont-ils conscients des risques sur leur sant\u00e9?<\/p>\n<p>L&rsquo;arr\u00eat\u00e9 concernant l&rsquo;interdition de consommer de l&rsquo;alcool sur le domaine public a cependant \u00e9t\u00e9 contest\u00e9 par une association, \u00ab\u00a0Vigie Libert\u00e9s\u00a0\u00bb, que le maire d\u00e9crit comme \u00ab\u00a0bien-pensante\u00a0\u00bb et \u00ab\u00a0d\u00e9connect\u00e9e des r\u00e9alit\u00e9s v\u00e9cues par les Seynois\u00a0\u00bb.<\/p>\n<p>Joseph Minniti informe qu&rsquo;il sera convoqu\u00e9 le 4 d\u00e9cembre devant le tribunal \u00e0 propos de cette contestation. S&rsquo;il annonce qu&rsquo;il respectera la d\u00e9cision prise par la justice, l&rsquo;\u00e9dile revendique \u00ab\u00a0d\u00e9fendre les int\u00e9r\u00eats\u00a0\u00bb de la commune en appliquant cet arr\u00eat\u00e9.<\/p>\n<p>Partager <\/p>\n","protected":false},"excerpt":{"rendered":"\u00c0 la suite de plusieurs interpellations et incidents li\u00e9s \u00e0 l&rsquo;alcool, Joseph Minniti, maire de La Seyne-sur-Mer, a&hellip;\n","protected":false},"author":2,"featured_media":132330,"comment_status":"","ping_status":"","sticky":false,"template":"","format":"standard","meta":{"footnotes":""},"categories":[9619],"tags":[1111,11,1777,674,1011,27,12,882,25,2310],"class_list":{"0":"post-571109","1":"post","2":"type-post","3":"status-publish","4":"format-standard","5":"has-post-thumbnail","7":"category-toulon","8":"tag-actu","9":"tag-actualites","10":"tag-eu","11":"tag-europe","12":"tag-fr","13":"tag-france","14":"tag-news","15":"tag-provence-alpes-cote-dazur","16":"tag-republique-francaise","17":"tag-toulon"},"share_on_mastodon":{"url":"https:\/\/pubeurope.com\/@fr\/115644826940967636","error":""},"_links":{"self":[{"href":"https:\/\/www.europesays.com\/fr\/wp-json\/wp\/v2\/posts\/571109","targetHints":{"allow":["GET"]}}],"collection":[{"href":"https:\/\/www.europesays.com\/fr\/wp-json\/wp\/v2\/posts"}],"about":[{"href":"https:\/\/www.europesays.com\/fr\/wp-json\/wp\/v2\/types\/post"}],"author":[{"embeddable":true,"href":"https:\/\/www.europesays.com\/fr\/wp-json\/wp\/v2\/users\/2"}],"replies":[{"embeddable":true,"href":"https:\/\/www.europesays.com\/fr\/wp-json\/wp\/v2\/comments?post=571109"}],"version-history":[{"count":0,"href":"https:\/\/www.europesays.com\/fr\/wp-json\/wp\/v2\/posts\/571109\/revisions"}],"wp:featuredmedia":[{"embeddable":true,"href":"https:\/\/www.europesays.com\/fr\/wp-json\/wp\/v2\/media\/132330"}],"wp:attachment":[{"href":"https:\/\/www.europesays.com\/fr\/wp-json\/wp\/v2\/media?parent=571109"}],"wp:term":[{"taxonomy":"category","embeddable":true,"href":"https:\/\/www.europesays.com\/fr\/wp-json\/wp\/v2\/categories?post=571109"},{"taxonomy":"post_tag","embeddable":true,"href":"https:\/\/www.europesays.com\/fr\/wp-json\/wp\/v2\/tags?post=571109"}],"curies":[{"name":"wp","href":"https:\/\/api.w.org\/{rel}","templated":true}]}}