{"id":571110,"date":"2025-12-01T14:39:14","date_gmt":"2025-12-01T14:39:14","guid":{"rendered":"https:\/\/www.europesays.com\/fr\/571110\/"},"modified":"2025-12-01T14:39:14","modified_gmt":"2025-12-01T14:39:14","slug":"immobilier-pres-de-toulon-6-communes-a-surveiller-pour-investir-malin","status":"publish","type":"post","link":"https:\/\/www.europesays.com\/fr\/571110\/","title":{"rendered":"Immobilier pr\u00e8s de Toulon : 6 communes \u00e0 surveiller pour investir malin"},"content":{"rendered":"<p>Les villes proches de Toulon o\u00f9 il est int\u00e9ressant d\u2019investir sont nombreuses. B\u00e9n\u00e9ficiant du dynamisme \u00e9conomique et touristique de la m\u00e9tropole, <strong>les communes de la premi\u00e8re couronne<\/strong> offrent de belles opportunit\u00e9s.<\/p>\n<p>\u00c0 l\u2019est, <a href=\"https:\/\/www.seloger.com\/prix-de-l-immo\/vente\/provence-alpes-cote-d-azur\/var\/la-garde\/830062.htm\" rel=\"noopener\" target=\"_blank\"><strong>La Garde<\/strong><\/a>, avec un prix de vente moyen de 3\u00a0994\u00a0\u20ac\/m\u00b2 et un loyer moyen de 17\u00a0\u20ac\/m\u00b2, permet de b\u00e9n\u00e9ficier d\u2019un rendement brut de 5,1\u00a0%. Ville r\u00e9sidentielle et commer\u00e7ante, <strong>La Valette-du-Var b\u00e9n\u00e9ficie d\u2019un march\u00e9 immobilier actif<\/strong>, avec des prix moyens autour de 4\u00a0128\u00a0\u20ac\/m\u00b2 et un loyer moyen de 17\u00a0\u20ac\/m\u00b2, soit un rendement brut moyen de 4,9\u00a0%.<\/p>\n<p>Au nord de Toulon, <strong><a href=\"https:\/\/www.seloger.com\/prix-de-l-immo\/vente\/provence-alpes-cote-d-azur\/var\/le-revest-les-eaux\/830103.htm\" rel=\"noopener\" target=\"_blank\">Le Revest-les-Eaux<\/a><\/strong> est pris\u00e9e pour <strong>son cadre verdoyant<\/strong>. Les prix de vente s\u2019\u00e9l\u00e8vent \u00e0 4\u00a0083\u00a0\u20ac\/m\u00b2 tandis que les loyers s\u2019\u00e9tablissent \u00e0 18\u00a0\u20ac\/m\u00b2, soit <strong>une rentabilit\u00e9 moyenne de 5,3\u00a0%<\/strong>. Dominant la vall\u00e9e du Caramy, <strong>\u00c9venos<\/strong> est r\u00e9put\u00e9e pour son calme, <strong>son patrimoine m\u00e9di\u00e9val et ses paysages pr\u00e9serv\u00e9s<\/strong>. Les prix de vente et les loyers y atteignent respectivement 4\u00a0008\u00a0\u20ac et 15\u00a0\u20ac\/m\u00b2, soit 4,5\u00a0% de rendement moyen.<\/p>\n<p>Enfin, \u00e0 l\u2019ouest de Toulon et limitrophe de Sanary, <strong><a href=\"https:\/\/www.seloger.com\/prix-de-l-immo\/vente\/provence-alpes-cote-d-azur\/var\/ollioules\/830090.htm\" rel=\"noopener\" target=\"_blank\">Ollioules<\/a><\/strong> est une ville dynamique offrant <strong>un bon potentiel locatif<\/strong>. Avec un prix moyen de 4\u00a0041\u00a0\u20ac\/m\u00b2 et un loyer moyen de 18\u00a0\u20ac\/m\u00b2, le rendement brut s\u2019\u00e9l\u00e8ve \u00e0 5,3\u00a0%.<\/p>\n","protected":false},"excerpt":{"rendered":"Les villes proches de Toulon o\u00f9 il est int\u00e9ressant d\u2019investir sont nombreuses. B\u00e9n\u00e9ficiant du dynamisme \u00e9conomique et touristique&hellip;\n","protected":false},"author":2,"featured_media":495705,"comment_status":"","ping_status":"","sticky":false,"template":"","format":"standard","meta":{"footnotes":""},"categories":[9619],"tags":[1111,11,1777,674,1011,27,12,882,25,2310],"class_list":{"0":"post-571110","1":"post","2":"type-post","3":"status-publish","4":"format-standard","5":"has-post-thumbnail","7":"category-toulon","8":"tag-actu","9":"tag-actualites","10":"tag-eu","11":"tag-europe","12":"tag-fr","13":"tag-france","14":"tag-news","15":"tag-provence-alpes-cote-dazur","16":"tag-republique-francaise","17":"tag-toulon"},"share_on_mastodon":{"url":"https:\/\/pubeurope.com\/@fr\/115644829920152934","error":""},"_links":{"self":[{"href":"https:\/\/www.europesays.com\/fr\/wp-json\/wp\/v2\/posts\/571110","targetHints":{"allow":["GET"]}}],"collection":[{"href":"https:\/\/www.europesays.com\/fr\/wp-json\/wp\/v2\/posts"}],"about":[{"href":"https:\/\/www.europesays.com\/fr\/wp-json\/wp\/v2\/types\/post"}],"author":[{"embeddable":true,"href":"https:\/\/www.europesays.com\/fr\/wp-json\/wp\/v2\/users\/2"}],"replies":[{"embeddable":true,"href":"https:\/\/www.europesays.com\/fr\/wp-json\/wp\/v2\/comments?post=571110"}],"version-history":[{"count":0,"href":"https:\/\/www.europesays.com\/fr\/wp-json\/wp\/v2\/posts\/571110\/revisions"}],"wp:featuredmedia":[{"embeddable":true,"href":"https:\/\/www.europesays.com\/fr\/wp-json\/wp\/v2\/media\/495705"}],"wp:attachment":[{"href":"https:\/\/www.europesays.com\/fr\/wp-json\/wp\/v2\/media?parent=571110"}],"wp:term":[{"taxonomy":"category","embeddable":true,"href":"https:\/\/www.europesays.com\/fr\/wp-json\/wp\/v2\/categories?post=571110"},{"taxonomy":"post_tag","embeddable":true,"href":"https:\/\/www.europesays.com\/fr\/wp-json\/wp\/v2\/tags?post=571110"}],"curies":[{"name":"wp","href":"https:\/\/api.w.org\/{rel}","templated":true}]}}