{"id":571121,"date":"2025-12-01T14:45:17","date_gmt":"2025-12-01T14:45:17","guid":{"rendered":"https:\/\/www.europesays.com\/fr\/571121\/"},"modified":"2025-12-01T14:45:17","modified_gmt":"2025-12-01T14:45:17","slug":"municipales-a-grenoble-cette-photo-troublante-du-candidat-lfi-allan-brunon-fait-polemique","status":"publish","type":"post","link":"https:\/\/www.europesays.com\/fr\/571121\/","title":{"rendered":"Municipales \u00e0 Grenoble. Cette photo troublante du candidat LFI Allan Brunon fait pol\u00e9mique"},"content":{"rendered":"<p>                    Par<br \/>\n        <strong><br \/>\n            <a href=\"https:\/\/actu.fr\/auteur\/lisa-rodrigues\" title=\"Consulter tous les articles de Lisa Rodrigues\" target=\"_blank\" rel=\"noopener\">Lisa Rodrigues<\/a><br \/>\n                    <\/strong><\/p>\n<p>        Publi\u00e9 le<\/p>\n<p>            1 d\u00e9c. 2025 \u00e0 14h56        <\/p>\n<p>Apr\u00e8s une phrase sortie d\u2019une <a href=\"https:\/\/actu.fr\/auvergne-rhone-alpes\/grenoble_38185\/municipales-a-grenoble-allan-brunon-candidat-lfi-on-ne-fera-pas-la-chasse-aux-dealers_63459101.html\" target=\"_blank\" rel=\"noopener\">interview d\u2019actu Grenoble<\/a> concernant l\u2019ins\u00e9curit\u00e9, <strong>Allan Brunon<\/strong>, <a href=\"https:\/\/actu.fr\/auvergne-rhone-alpes\/grenoble_38185\/municipales-a-grenoble-lfi-lance-sa-propre-liste-sans-les-ecologistes-d-eric-piolle_63194295.html\" target=\"_blank\" rel=\"noopener\">candidat LFI aux municipales<\/a> de la capitale des Alpes, fait encore parler de lui. Cette fois-ci, c\u2019est une <strong>photo publi\u00e9e sur son compte X<\/strong> samedi 29 novembre qui a fait le tour des r\u00e9seaux sociaux et a \u00e9t\u00e9 vue plus de 3,1 millions de fois.<\/p>\n<p class=\" wall-content\">La prise de vue, en noir et blanc, pr\u00e9sente l\u2019Insoumis assis \u00e0 un bureau avec, \u00e0 ses c\u00f4t\u00e9s un chien malinois. En l\u00e9gende : \u00ab\u00a0En route pour conqu\u00e9rir Grenoble\u00a0\u00bb.<\/p>\n<p class=\" wall-content\">\n<p>\u00ab\u00a0Une belle affiche d\u2019extr\u00eame droite\u00a0\u00bb<\/p>\n<p class=\" wall-content\">Une photo qui rappelle \u00e0 plusieurs internautes des mises en sc\u00e8ne de figures de l\u2019extr\u00eame droite, comme Jean-Marie Le Pen avec ses dobermans, ou d\u2019officiers nazis pendant la Seconde Guerre Mondiale avec des bergers allemands.<\/p>\n<p class=\" wall-content\">D\u2019autres font aussi le lien avec une publication <a href=\"https:\/\/twitter.com\/BrunoRetailleau\/status\/1842270719025012755\" target=\"_blank\" rel=\"noopener\">d\u2019octobre 2024<\/a> sur le compte X du pr\u00e9sident des R\u00e9publicains, alors ministre de l\u2019Int\u00e9rieur, Bruno Retailleau. On le voyait notamment, lors d\u2019une visite chez les gendarmes vend\u00e9ens avec un malinois. La photo a enclench\u00e9 la m\u00eame s\u00e9rie de <strong>remarques scandalis\u00e9es<\/strong> ou d\u2019accusations de fascisme d\u00e9guis\u00e9 que celle d\u2019Allan Brunon.<\/p>\n<p class=\" wall-content\">\u00ab\u00a0Je ne comprends pas qu\u2019on puisse proposer ce genre de photos pour un candidat d\u2019un parti de gauche\u00a0\u00bb, \u00ab\u00a0C\u2019est \u00e9trange ce choix de photo\u00a0\u00bb, \u00ab\u00a0Une belle affiche d\u2019extr\u00eame droite\u00a0\u00bb, \u00ab\u00a0J\u2019ai d\u00fb cliquer sur le profil pour savoir si ce n\u2019\u00e9tait pas un candidat RN\u00a0\u00bb, peut-on lire dans les commentaires sous la photo du candidat insoumis \u00e0 <a href=\"https:\/\/actu.fr\/auvergne-rhone-alpes\/grenoble_38185\" target=\"_blank\" rel=\"noopener\">Grenoble<\/a>.\u00a0<\/p>\n<p>\u00ab\u00a0Une pol\u00e9mique ridicule\u00a0\u00bb<\/p>\n<p class=\" wall-content\">Contact\u00e9e par la r\u00e9daction, l\u2019\u00e9quipe de campagne d\u2019Allan Brunon d\u00e9nonce une \u00ab\u00a0pol\u00e9mique ridicule\u00a0\u00bb de personnes qui \u00ab\u00a0cherchent \u00e0 <a href=\"https:\/\/actu.fr\/auvergne-rhone-alpes\/grenoble_38185\/grenoble-des-affiches-lfi-taguees-avec-des-croix-gammees-le-candidat-allan-brunon-voit-rouge_63386704.html\" target=\"_blank\" rel=\"noopener\">nazifier la France insoumise<\/a> afin de la faire interdire\u00a0\u00bb.<\/p>\n<blockquote class=\"ac-article-quote wall-content\">\n<p>Allan Brunon n&rsquo;a \u00e9videmment fait aucune r\u00e9f\u00e9rence \u00e0 une quelconque symbolique d&rsquo;extr\u00eame droite et n&rsquo;a aucune preuve \u00e0 donner \u00e0 qui que ce soit en mati\u00e8re d&rsquo;antifascisme.<\/p>\n<p>    <strong>\u00c9quipe de campagne d&rsquo;Allan Brunon<\/strong>\n            <\/p><\/blockquote>\n<p>Votre r\u00e9gion, votre actu !<\/p>\n<p>Recevez chaque jour les infos qui comptent pour vous.<\/p>\n<p>\t<a href=\"https:\/\/actu.fr\/newsletter\" class=\"ac-btn ac-btn--corner ac-btn--medium ac-btn--blue800\" target=\"_blank\" rel=\"noopener\">S&rsquo;incrire<\/a><\/p>\n<p class=\" wall-content\">Et d\u2019assurer que la photo n\u2019est pas une mise en sc\u00e8ne, \u00ab\u00a0mais une photo d\u2019Allan avec son malinois de 5 mois [d\u00e9nomm\u00e9 Sam, NDLR] qu\u2019il a adopt\u00e9\u00a0\u00bb.<\/p>\n<p class=\" wall-content\">Personnalisez votre actualit\u00e9 en ajoutant vos villes et m\u00e9dias en favori avec <a href=\"https:\/\/moncompte.actu.fr\" title=\"D\u00e9couvez Mon Actu\" rel=\"nofollow noopener\" data-trk=\"{&quot;cta&quot;:{&quot;action&quot;:&quot;https:\\\/\\\/moncompte.actu.fr&quot;,&quot;category&quot;:&quot;mon compte&quot;,&quot;from&quot;:&quot;article footer&quot;,&quot;name&quot;:&quot;Mon actu&quot;,&quot;type&quot;:&quot;cta&quot;}}\" target=\"_blank\">Mon Actu<\/a>.<\/p>\n<p>                    <script async src=\"https:\/\/platform.twitter.com\/widgets.js\" charset=\"utf-8\"><\/script><\/p>\n","protected":false},"excerpt":{"rendered":"Par Lisa Rodrigues Publi\u00e9 le 1 d\u00e9c. 2025 \u00e0 14h56 Apr\u00e8s une phrase sortie d\u2019une interview d\u2019actu Grenoble&hellip;\n","protected":false},"author":2,"featured_media":571122,"comment_status":"","ping_status":"","sticky":false,"template":"","format":"standard","meta":{"footnotes":""},"categories":[9566],"tags":[1111,11,2430,4188,1777,674,1011,27,2731,1023,3434,12,316,25],"class_list":{"0":"post-571121","1":"post","2":"type-post","3":"status-publish","4":"format-standard","5":"has-post-thumbnail","7":"category-grenoble","8":"tag-actu","9":"tag-actualites","10":"tag-auvergne-rhone-alpes","11":"tag-elections-municipales","12":"tag-eu","13":"tag-europe","14":"tag-fr","15":"tag-france","16":"tag-grenoble","17":"tag-la-france-insoumise-lfi","18":"tag-municipales-2026","19":"tag-news","20":"tag-politique","21":"tag-republique-francaise"},"share_on_mastodon":{"url":"https:\/\/pubeurope.com\/@fr\/115644853331970818","error":""},"_links":{"self":[{"href":"https:\/\/www.europesays.com\/fr\/wp-json\/wp\/v2\/posts\/571121","targetHints":{"allow":["GET"]}}],"collection":[{"href":"https:\/\/www.europesays.com\/fr\/wp-json\/wp\/v2\/posts"}],"about":[{"href":"https:\/\/www.europesays.com\/fr\/wp-json\/wp\/v2\/types\/post"}],"author":[{"embeddable":true,"href":"https:\/\/www.europesays.com\/fr\/wp-json\/wp\/v2\/users\/2"}],"replies":[{"embeddable":true,"href":"https:\/\/www.europesays.com\/fr\/wp-json\/wp\/v2\/comments?post=571121"}],"version-history":[{"count":0,"href":"https:\/\/www.europesays.com\/fr\/wp-json\/wp\/v2\/posts\/571121\/revisions"}],"wp:featuredmedia":[{"embeddable":true,"href":"https:\/\/www.europesays.com\/fr\/wp-json\/wp\/v2\/media\/571122"}],"wp:attachment":[{"href":"https:\/\/www.europesays.com\/fr\/wp-json\/wp\/v2\/media?parent=571121"}],"wp:term":[{"taxonomy":"category","embeddable":true,"href":"https:\/\/www.europesays.com\/fr\/wp-json\/wp\/v2\/categories?post=571121"},{"taxonomy":"post_tag","embeddable":true,"href":"https:\/\/www.europesays.com\/fr\/wp-json\/wp\/v2\/tags?post=571121"}],"curies":[{"name":"wp","href":"https:\/\/api.w.org\/{rel}","templated":true}]}}