{"id":571125,"date":"2025-12-01T14:48:18","date_gmt":"2025-12-01T14:48:18","guid":{"rendered":"https:\/\/www.europesays.com\/fr\/571125\/"},"modified":"2025-12-01T14:48:18","modified_gmt":"2025-12-01T14:48:18","slug":"metz-rennes-la-reaction-de-stephane-le-mignan-football-club-de-metz-infos-fc-metz-entrainements-fc-metz","status":"publish","type":"post","link":"https:\/\/www.europesays.com\/fr\/571125\/","title":{"rendered":"Metz &#8211; Rennes, la r\u00e9action de St\u00e9phane Le Mignan | Football Club de Metz &#8211; Infos FC Metz &#8211; Entra\u00eenements FC Metz"},"content":{"rendered":"<p>\t\tActualit\u00e9s\n<\/p>\n<p>Le dimanche 7\u00a0d\u00e9cembre,\u00a0le FC Metz se rendra sur la pelouse de l&rsquo;AJ Auxerre,\u00a0dans le cadre de la 15\u00e8me journ\u00e9e de Ligue 1 McDonald&rsquo;s. Le coup d&rsquo;envoi&#8230;<\/p>\n<p><a href=\"https:\/\/www.fcmetz.com\/2025-2026\/actualites\/equipe-pro\/auxerre-metz-les-modalites-billetterie\" class=\"btn-or-xs\" target=\"_blank\" rel=\"noopener\">Lire la suite<\/a>\t\t\t<\/p>\n<p>\t \tWeb TV\n<\/p>\n<p>Dimanche, nos Grenats sont tomb\u00e9s \u00e0 domicile face au Stade Rennais (0-1). D\u00e9couvrez le r\u00e9sum\u00e9 vid\u00e9o de la rencontre.\n<\/p>\n<p><a href=\"https:\/\/www.fcmetz.com\/2025-2026\/actualites\/equipe-pro\/metz-rennes-le-resume-video\" class=\"btn-or-xs\" target=\"_blank\" rel=\"noopener\">Lire la suite<\/a>\t\t\t<\/p>\n","protected":false},"excerpt":{"rendered":"Actualit\u00e9s Le dimanche 7\u00a0d\u00e9cembre,\u00a0le FC Metz se rendra sur la pelouse de l&rsquo;AJ Auxerre,\u00a0dans le cadre de la&hellip;\n","protected":false},"author":2,"featured_media":571126,"comment_status":"","ping_status":"","sticky":false,"template":"","format":"standard","meta":{"footnotes":""},"categories":[2821],"tags":[1111,11,829,19298,1777,674,1011,27,19297,12,584,25,19299],"class_list":{"0":"post-571125","1":"post","2":"type-post","3":"status-publish","4":"format-standard","5":"has-post-thumbnail","7":"category-rennes","8":"tag-actu","9":"tag-actualites","10":"tag-bretagne","11":"tag-entrainements-fc-metz","12":"tag-eu","13":"tag-europe","14":"tag-fr","15":"tag-france","16":"tag-infos-fc-metz","17":"tag-news","18":"tag-rennes","19":"tag-republique-francaise","20":"tag-videos-fc-metz"},"share_on_mastodon":{"url":"https:\/\/pubeurope.com\/@fr\/115644865252923530","error":""},"_links":{"self":[{"href":"https:\/\/www.europesays.com\/fr\/wp-json\/wp\/v2\/posts\/571125","targetHints":{"allow":["GET"]}}],"collection":[{"href":"https:\/\/www.europesays.com\/fr\/wp-json\/wp\/v2\/posts"}],"about":[{"href":"https:\/\/www.europesays.com\/fr\/wp-json\/wp\/v2\/types\/post"}],"author":[{"embeddable":true,"href":"https:\/\/www.europesays.com\/fr\/wp-json\/wp\/v2\/users\/2"}],"replies":[{"embeddable":true,"href":"https:\/\/www.europesays.com\/fr\/wp-json\/wp\/v2\/comments?post=571125"}],"version-history":[{"count":0,"href":"https:\/\/www.europesays.com\/fr\/wp-json\/wp\/v2\/posts\/571125\/revisions"}],"wp:featuredmedia":[{"embeddable":true,"href":"https:\/\/www.europesays.com\/fr\/wp-json\/wp\/v2\/media\/571126"}],"wp:attachment":[{"href":"https:\/\/www.europesays.com\/fr\/wp-json\/wp\/v2\/media?parent=571125"}],"wp:term":[{"taxonomy":"category","embeddable":true,"href":"https:\/\/www.europesays.com\/fr\/wp-json\/wp\/v2\/categories?post=571125"},{"taxonomy":"post_tag","embeddable":true,"href":"https:\/\/www.europesays.com\/fr\/wp-json\/wp\/v2\/tags?post=571125"}],"curies":[{"name":"wp","href":"https:\/\/api.w.org\/{rel}","templated":true}]}}