{"id":571129,"date":"2025-12-01T14:50:16","date_gmt":"2025-12-01T14:50:16","guid":{"rendered":"https:\/\/www.europesays.com\/fr\/571129\/"},"modified":"2025-12-01T14:50:16","modified_gmt":"2025-12-01T14:50:16","slug":"easyjet-ouvre-une-ligne-vers-lune-des-villes-les-plus-envoutantes-deurope","status":"publish","type":"post","link":"https:\/\/www.europesays.com\/fr\/571129\/","title":{"rendered":"easyJet ouvre une ligne vers l\u2019une des villes les plus envo\u00fbtantes d\u2019Europe"},"content":{"rendered":"<p>                    Par<br \/>\n        <strong><br \/>\n            <a href=\"https:\/\/actu.fr\/auteur\/ivan-capecchi\" title=\"Consulter tous les articles de Ivan CAPECCHI\" target=\"_blank\" rel=\"noopener\">Ivan CAPECCHI<\/a><br \/>\n                    <\/strong><\/p>\n<p>        Publi\u00e9 le<\/p>\n<p>            1 d\u00e9c. 2025 \u00e0 15h10        <\/p>\n<p>easyJet renforce sa pr\u00e9sence \u00e0 l\u2019<a href=\"https:\/\/actu.fr\/tag\/aeroport-de-strasbourg\" target=\"_blank\" rel=\"noopener\">a\u00e9roport de Strasbourg-Entzheim<\/a>.<\/p>\n<p class=\" wall-content\">Ce lundi, la <strong>compagnie a\u00e9rienne low cost<\/strong> inaugure une nouvelle liaison vers <strong>Rome Fiumicino<\/strong>, op\u00e9r\u00e9e deux fois par semaine, le lundi et le vendredi. Ce vol direct permet d\u00e9sormais de rejoindre la capitale italienne en un peu plus de deux heures.<\/p>\n<p>Milan et Manchester \u00e9galement desservies par easyJet<\/p>\n<p class=\" wall-content\">Cette liaison vers Rome compl\u00e8te deux autres ouvertures r\u00e9centes chez <a href=\"https:\/\/actu.fr\/tag\/easy-jet\" target=\"_blank\" rel=\"noopener\">easyJet<\/a>\u2009:<\/p>\n<ul class=\" wall-content\">\n<li><strong>Strasbourg \u2013 Milan Malpensa<\/strong>, mise en service le 7\u00a0novembre, programm\u00e9e les lundis et vendredis\u2009;<\/li>\n<li><strong>Strasbourg \u2013 Manchester<\/strong>, lanc\u00e9e le 28\u00a0novembre, assur\u00e9e les vendredis et dimanches jusqu\u2019au 4\u00a0janvier.<\/li>\n<\/ul>\n<p class=\" wall-content\">Les billets pour ces trois destinations sont disponibles \u00e0 la vente.<\/p>\n<p class=\" wall-content\">Personnalisez votre actualit\u00e9 en ajoutant vos villes et m\u00e9dias en favori avec <a href=\"https:\/\/moncompte.actu.fr\" title=\"D\u00e9couvez Mon Actu\" rel=\"nofollow noopener\" data-trk=\"{&quot;cta&quot;:{&quot;action&quot;:&quot;https:\\\/\\\/moncompte.actu.fr&quot;,&quot;category&quot;:&quot;mon compte&quot;,&quot;from&quot;:&quot;article footer&quot;,&quot;name&quot;:&quot;Mon actu&quot;,&quot;type&quot;:&quot;cta&quot;}}\" target=\"_blank\">Mon Actu<\/a>.<\/p>\n","protected":false},"excerpt":{"rendered":"Par Ivan CAPECCHI Publi\u00e9 le 1 d\u00e9c. 2025 \u00e0 15h10 easyJet renforce sa pr\u00e9sence \u00e0 l\u2019a\u00e9roport de Strasbourg-Entzheim.&hellip;\n","protected":false},"author":2,"featured_media":571130,"comment_status":"","ping_status":"","sticky":false,"template":"","format":"standard","meta":{"footnotes":""},"categories":[2820],"tags":[1111,11,30491,12527,1777,674,1011,27,775,1652,12,25,640],"class_list":{"0":"post-571129","1":"post","2":"type-post","3":"status-publish","4":"format-standard","5":"has-post-thumbnail","7":"category-strasbourg","8":"tag-actu","9":"tag-actualites","10":"tag-aeroport-de-strasbourg","11":"tag-easy-jet","12":"tag-eu","13":"tag-europe","14":"tag-fr","15":"tag-france","16":"tag-grand-est","17":"tag-loisirs-culture","18":"tag-news","19":"tag-republique-francaise","20":"tag-strasbourg"},"share_on_mastodon":{"url":"https:\/\/pubeurope.com\/@fr\/115644873142564767","error":""},"_links":{"self":[{"href":"https:\/\/www.europesays.com\/fr\/wp-json\/wp\/v2\/posts\/571129","targetHints":{"allow":["GET"]}}],"collection":[{"href":"https:\/\/www.europesays.com\/fr\/wp-json\/wp\/v2\/posts"}],"about":[{"href":"https:\/\/www.europesays.com\/fr\/wp-json\/wp\/v2\/types\/post"}],"author":[{"embeddable":true,"href":"https:\/\/www.europesays.com\/fr\/wp-json\/wp\/v2\/users\/2"}],"replies":[{"embeddable":true,"href":"https:\/\/www.europesays.com\/fr\/wp-json\/wp\/v2\/comments?post=571129"}],"version-history":[{"count":0,"href":"https:\/\/www.europesays.com\/fr\/wp-json\/wp\/v2\/posts\/571129\/revisions"}],"wp:featuredmedia":[{"embeddable":true,"href":"https:\/\/www.europesays.com\/fr\/wp-json\/wp\/v2\/media\/571130"}],"wp:attachment":[{"href":"https:\/\/www.europesays.com\/fr\/wp-json\/wp\/v2\/media?parent=571129"}],"wp:term":[{"taxonomy":"category","embeddable":true,"href":"https:\/\/www.europesays.com\/fr\/wp-json\/wp\/v2\/categories?post=571129"},{"taxonomy":"post_tag","embeddable":true,"href":"https:\/\/www.europesays.com\/fr\/wp-json\/wp\/v2\/tags?post=571129"}],"curies":[{"name":"wp","href":"https:\/\/api.w.org\/{rel}","templated":true}]}}