{"id":571131,"date":"2025-12-01T14:51:13","date_gmt":"2025-12-01T14:51:13","guid":{"rendered":"https:\/\/www.europesays.com\/fr\/571131\/"},"modified":"2025-12-01T14:51:13","modified_gmt":"2025-12-01T14:51:13","slug":"en-liquidation-judiciaire-ce-magasin-de-puericulture-a-definitivement-tire-le-rideau-a-nice","status":"publish","type":"post","link":"https:\/\/www.europesays.com\/fr\/571131\/","title":{"rendered":"En liquidation judiciaire, ce magasin de pu\u00e9riculture a d\u00e9finitivement tir\u00e9 le rideau \u00e0 Nice"},"content":{"rendered":"<p class=\"fs-5 \">Allons-nous assister \u00e0 une renaissance\u00a0? Visiblement confront\u00e9 \u00e0 une baisse de son chiffre d\u2019affaires, le<strong> magasin B\u00e9b\u00e9 9<\/strong>, situ\u00e9 avenue Pierre-Isnard \u00e0 <strong>Nice-Ouest<\/strong>, <strong>a ferm\u00e9 fin octobre<\/strong>.<\/p>\n<p class=\"fs-5 \">La liquidation judiciaire a \u00e9t\u00e9 prononc\u00e9e le 13 novembre.<\/p>\n<p class=\"fs-5 \">L\u2019enseigne, qui vend des articles de pu\u00e9riculture, avait ouvert en d\u00e9cembre 2022. C\u2019\u00e9tait le deuxi\u00e8me magasin de la marque dans le d\u00e9partement, apr\u00e8s celui de Mandelieu-La Napoule. Son voisin outre-Var qui a lui aussi mis la clef sous la porte, le 21 juin.<\/p>\n<p>                                                                                Des travaux avant de rouvrir\u00a0?<\/p>\n<p class=\"fs-5 \">\u00c0 Nice, les salari\u00e9es semblaient inqui\u00e8tes. En octobre, aucune information sur une date de fermeture pr\u00e9cise ou sur la suite de leur vie professionnelle n\u2019a filtr\u00e9.<\/p>\n<p class=\"fs-5 \">Une rumeur dit que le magasin va faire l\u2019objet de travaux avant de rouvrir &#8211; potentiellement sous un nouveau nom.<\/p>\n<p class=\"fs-5 \">Sollicit\u00e9, le si\u00e8ge social de B\u00e9b\u00e9 9 n\u2019est pas revenu vers nous.<\/p>\n","protected":false},"excerpt":{"rendered":"Allons-nous assister \u00e0 une renaissance\u00a0? Visiblement confront\u00e9 \u00e0 une baisse de son chiffre d\u2019affaires, le magasin B\u00e9b\u00e9 9,&hellip;\n","protected":false},"author":2,"featured_media":571132,"comment_status":"","ping_status":"","sticky":false,"template":"","format":"standard","meta":{"footnotes":""},"categories":[2819],"tags":[1111,11,1777,674,1011,27,12,2401,882,25],"class_list":{"0":"post-571131","1":"post","2":"type-post","3":"status-publish","4":"format-standard","5":"has-post-thumbnail","7":"category-nice","8":"tag-actu","9":"tag-actualites","10":"tag-eu","11":"tag-europe","12":"tag-fr","13":"tag-france","14":"tag-news","15":"tag-nice","16":"tag-provence-alpes-cote-dazur","17":"tag-republique-francaise"},"share_on_mastodon":{"url":"https:\/\/pubeurope.com\/@fr\/115644877089436222","error":""},"_links":{"self":[{"href":"https:\/\/www.europesays.com\/fr\/wp-json\/wp\/v2\/posts\/571131","targetHints":{"allow":["GET"]}}],"collection":[{"href":"https:\/\/www.europesays.com\/fr\/wp-json\/wp\/v2\/posts"}],"about":[{"href":"https:\/\/www.europesays.com\/fr\/wp-json\/wp\/v2\/types\/post"}],"author":[{"embeddable":true,"href":"https:\/\/www.europesays.com\/fr\/wp-json\/wp\/v2\/users\/2"}],"replies":[{"embeddable":true,"href":"https:\/\/www.europesays.com\/fr\/wp-json\/wp\/v2\/comments?post=571131"}],"version-history":[{"count":0,"href":"https:\/\/www.europesays.com\/fr\/wp-json\/wp\/v2\/posts\/571131\/revisions"}],"wp:featuredmedia":[{"embeddable":true,"href":"https:\/\/www.europesays.com\/fr\/wp-json\/wp\/v2\/media\/571132"}],"wp:attachment":[{"href":"https:\/\/www.europesays.com\/fr\/wp-json\/wp\/v2\/media?parent=571131"}],"wp:term":[{"taxonomy":"category","embeddable":true,"href":"https:\/\/www.europesays.com\/fr\/wp-json\/wp\/v2\/categories?post=571131"},{"taxonomy":"post_tag","embeddable":true,"href":"https:\/\/www.europesays.com\/fr\/wp-json\/wp\/v2\/tags?post=571131"}],"curies":[{"name":"wp","href":"https:\/\/api.w.org\/{rel}","templated":true}]}}