{"id":571133,"date":"2025-12-01T14:52:11","date_gmt":"2025-12-01T14:52:11","guid":{"rendered":"https:\/\/www.europesays.com\/fr\/571133\/"},"modified":"2025-12-01T14:52:11","modified_gmt":"2025-12-01T14:52:11","slug":"coups-crachats-insultesles-coulisses-de-la-confrontation-violente-entre-les-joueurs-de-nice-et-leurs-supporters","status":"publish","type":"post","link":"https:\/\/www.europesays.com\/fr\/571133\/","title":{"rendered":"Coups, crachats, insultes\u2026les coulisses de la confrontation violente entre les joueurs de Nice et leurs supporters"},"content":{"rendered":"<p>Depuis quelques semaines, l\u2019OGC Nice traverse une p\u00e9riode de crise sportive sans pr\u00e9c\u00e9dent. Malgr\u00e9 un effectif taill\u00e9 pour se battre pour les places europ\u00e9ennes, les Aiglons sont \u00e0 la peine au classement <a href=\"https:\/\/www.footmercato.net\/france\/ligue-1\/classement\" target=\"_blank\" rel=\"noopener\">avec une dixi\u00e8me place inqui\u00e9tante<\/a>. Bons derniers de Ligue Europa avec un z\u00e9ro point\u00e9 inqui\u00e9tant en cinq journ\u00e9es, les Azur\u00e9ens sont surtout dans une p\u00e9riode de doute qui s\u2019\u00e9ternise. Lors des six derniers matches toutes comp\u00e9titions confondues, le Gym s\u2019est inclin\u00e9 et a montr\u00e9 un visage inqui\u00e9tant. En parall\u00e8le, la tension monte depuis des semaines avec les d\u00e9clarations de plus en plus lunaires de <a href=\"https:\/\/www.footmercato.net\/entraineur\/franck-haise\" target=\"_blank\" rel=\"noopener\">Franck Haise<\/a> sur son avenir en C\u00f4te d\u2019Azur. <\/p>\n<p>            La suite apr\u00e8s cette publicit\u00e9<\/p>\n<p>Toujours plus proche d\u2019un d\u00e9part au gr\u00e9 des d\u00e9clarations et des d\u00e9convenues sportives, le coach de 54 ans n\u2019est pas satisfait de son groupe et n\u2019h\u00e9site pas \u00e0 le faire savoir. En parall\u00e8le, le groupe conna\u00eet une grosse p\u00e9riode de turbulences. Outre le doute qu\u2019engendre de telles d\u00e9sillusions sportives, la tension monte chaque jour un peu plus avec les supporters. Apr\u00e8s la nouvelle d\u00e9faite cuisante sur la pelouse de Lorient ce dimanche (3-1), une s\u00e9quence a montr\u00e9 Sofiane Diop en train de se justifier devant des fans m\u00e9contents au cours d\u2019un \u00e9change tendu. Mais le pire s\u2019est assur\u00e9ment produit \u00e0 <a href=\"https:\/\/www.footmercato.net\/club\/ogc-nice\/\" target=\"_blank\" rel=\"noopener\">Nice<\/a>, apr\u00e8s le retour des joueurs de leur voyage en Bretagne.<\/p>\n<p>            La suite apr\u00e8s cette publicit\u00e9<\/p>\n<p>        Les supporters de l\u2019OGC Nice ont frapp\u00e9 J\u00e9r\u00e9mie Boga et Terem Moffi<\/p>\n<p>En effet, apr\u00e8s leur arriv\u00e9e \u00e0 l\u2019a\u00e9roport dans une ambiance moribonde apr\u00e8s cette s\u00e9rie de mauvais r\u00e9sultats, les joueurs ni\u00e7ois ont \u00e9t\u00e9 inform\u00e9s que 200 supporters les attendraient \u00e0 leur arriv\u00e9e au centre d\u2019entra\u00eenement. Dans le car, plusieurs joueurs ont fait part de leur crainte face \u00e0 cette confrontation qui pourrait \u00eatre dangereuse pour eux. Ces derniers ne se sont pas tromp\u00e9s : d\u00e8s leur arriv\u00e9e au camp d\u2019entra\u00eenement, 400 fans \u00e9taient pr\u00e9sents. Un de ces derniers a \u00e9t\u00e9 autoris\u00e9 \u00e0 entrer dans le bus pour confronter les joueurs en leur disant de descendre et les a menac\u00e9s. Peu aid\u00e9s par une s\u00e9curit\u00e9 bizarrement tr\u00e8s docile avec les supporters, les joueurs se sont ex\u00e9cut\u00e9s et le ton est mont\u00e9 avec les fans, qui ont d\u2019abord scand\u00e9 des \u00ab\u00a0Haise D\u00e9mission\u00a0\u00bb avant de laisser l\u2019entra\u00eeneur tranquille. C\u2019est alors que la ligne rouge a \u00e9t\u00e9 franchie par les supporters azur\u00e9ens qui s\u2019en sont pris \u00e0 leurs joueurs verbalement et physiquement. Terem Moffi et J\u00e9r\u00e9mie Boga ont \u00e9t\u00e9 particuli\u00e8rement vis\u00e9s : les deux attaquants ont \u00e9t\u00e9 frapp\u00e9s par des coups de pied, des claques et des crachats. <\/p>\n<p>Pris \u00e0 partie par des dizaines de supporters, les deux joueurs ont re\u00e7u des coups par plusieurs de ces derniers. L\u2019attaquant nig\u00e9rian a r\u00e9ussi \u00e0 s\u2019en sortir difficilement. Signe du divorce, de nombreux supporters ni\u00e7ois ont d\u00e9clar\u00e9 sur les r\u00e9seaux sociaux que les deux joueurs ne joueront plus sous le maillot des Aiglons apr\u00e8s cet \u00e9v\u00e9nement d\u2019une violence inou\u00efe. M\u00eame Florian Maurice a \u00e9t\u00e9 frapp\u00e9 avant d\u2019\u00eatre \u00e9vacu\u00e9 par la s\u00e9curit\u00e9. Une situation ubuesque \u00e0 laquelle n\u2019a pas assist\u00e9 Fabrice Bocquet : disposant de sa voiture \u00e0 l\u2019a\u00e9roport, le pr\u00e9sident du Gym ne s\u2019est pas rendu au centre d\u2019entra\u00eenement pour accompagner ses joueurs. Recherch\u00e9 par les supporters, son absence suscite des interrogations au club, o\u00f9 beaucoup de personnes se questionnent sur son absence \u00e0 ce moment-l\u00e0. Une situation assez lunaire alors que les joueurs ni\u00e7ois sont tous choqu\u00e9s apr\u00e8s cette s\u00e9quence surr\u00e9aliste, qui devrait avoir de lourdes cons\u00e9quences. <\/p>\n<p>\n    Pub. le 01\/12\/2025 15:45<br \/>\n            &#8211; MAJ le 01\/12\/2025 15:46\n    <\/p>\n","protected":false},"excerpt":{"rendered":"Depuis quelques semaines, l\u2019OGC Nice traverse une p\u00e9riode de crise sportive sans pr\u00e9c\u00e9dent. Malgr\u00e9 un effectif taill\u00e9 pour&hellip;\n","protected":false},"author":2,"featured_media":571134,"comment_status":"","ping_status":"","sticky":false,"template":"","format":"standard","meta":{"footnotes":""},"categories":[2819],"tags":[1111,11,1777,674,1011,27,12,2401,882,25],"class_list":{"0":"post-571133","1":"post","2":"type-post","3":"status-publish","4":"format-standard","5":"has-post-thumbnail","7":"category-nice","8":"tag-actu","9":"tag-actualites","10":"tag-eu","11":"tag-europe","12":"tag-fr","13":"tag-france","14":"tag-news","15":"tag-nice","16":"tag-provence-alpes-cote-dazur","17":"tag-republique-francaise"},"share_on_mastodon":{"url":"https:\/\/pubeurope.com\/@fr\/115644881045804464","error":""},"_links":{"self":[{"href":"https:\/\/www.europesays.com\/fr\/wp-json\/wp\/v2\/posts\/571133","targetHints":{"allow":["GET"]}}],"collection":[{"href":"https:\/\/www.europesays.com\/fr\/wp-json\/wp\/v2\/posts"}],"about":[{"href":"https:\/\/www.europesays.com\/fr\/wp-json\/wp\/v2\/types\/post"}],"author":[{"embeddable":true,"href":"https:\/\/www.europesays.com\/fr\/wp-json\/wp\/v2\/users\/2"}],"replies":[{"embeddable":true,"href":"https:\/\/www.europesays.com\/fr\/wp-json\/wp\/v2\/comments?post=571133"}],"version-history":[{"count":0,"href":"https:\/\/www.europesays.com\/fr\/wp-json\/wp\/v2\/posts\/571133\/revisions"}],"wp:featuredmedia":[{"embeddable":true,"href":"https:\/\/www.europesays.com\/fr\/wp-json\/wp\/v2\/media\/571134"}],"wp:attachment":[{"href":"https:\/\/www.europesays.com\/fr\/wp-json\/wp\/v2\/media?parent=571133"}],"wp:term":[{"taxonomy":"category","embeddable":true,"href":"https:\/\/www.europesays.com\/fr\/wp-json\/wp\/v2\/categories?post=571133"},{"taxonomy":"post_tag","embeddable":true,"href":"https:\/\/www.europesays.com\/fr\/wp-json\/wp\/v2\/tags?post=571133"}],"curies":[{"name":"wp","href":"https:\/\/api.w.org\/{rel}","templated":true}]}}