{"id":571135,"date":"2025-12-01T14:53:25","date_gmt":"2025-12-01T14:53:25","guid":{"rendered":"https:\/\/www.europesays.com\/fr\/571135\/"},"modified":"2025-12-01T14:53:25","modified_gmt":"2025-12-01T14:53:25","slug":"sida-pour-le-dr-billaud-il-faudrait-en-parler-toute-lannee","status":"publish","type":"post","link":"https:\/\/www.europesays.com\/fr\/571135\/","title":{"rendered":"SIDA. Pour le Dr Billaud, \u00ab\u00a0il faudrait en parler toute l&rsquo;ann\u00e9e !\u00a0\u00bb"},"content":{"rendered":"<p><img decoding=\"async\" class=\"\" style=\"width:100%\" src=\"https:\/\/www.europesays.com\/fr\/wp-content\/uploads\/2025\/12\/Sida_preservatif1764595103328.jpg\" alt=\"pr\u00e9servatif\"\/>C\u2019est la journ\u00e9e mondiale de lutte contre le SIDA, ce lundi 1er d\u00e9cembre. On fait le point avec le Dr Eric Billaud du CHU de Nantes, il pr\u00e9side le CORESS en Pays de la Loire, le Comit\u00e9 de coordination r\u00e9gionale de la sant\u00e9 sexuelle. <\/p>\n<p>Parmi les patients chez qui on d\u00e9couvre une s\u00e9ropositivit\u00e9, il y a des hommes qui ont des relations avec les hommes, contamin\u00e9s vers la trentaine, et des migrants d\u2019origine sub-Saharienne qui d\u00e9couvrent assez tard leur contamination au VIH faute de d\u00e9pistage. Deux cat\u00e9gories qui repr\u00e9sentent \u00e0 plus de 80% les personnes atteintes de la maladie en Pays de la Loire.<\/p>\n<p>\u00a0<\/p>\n<blockquote><p>\nL&rsquo;\u00e9volution des pratiques sexuelles\n<\/p><\/blockquote>\n<p>\u00a0<\/p>\n<p>Toutefois pour le Dr Eric Billaud, du CHU de Nantes, il y a aujourd\u2019hui une diversification des pratiques sexuelles, et une augmentation du nombre de partenaires, notamment chez les plus jeunes. \u00ab\u00a0Le probl\u00e8me, selon lui, c&rsquo;est qu&rsquo;il y a des hommes qui ne se consid\u00e8rent pas comme homosexuels et qui pourtant ont de temps en temps ou rarement un rapport avec d&rsquo;autres hommes, et qu&rsquo;ils ne se consid\u00e8rent pas comme homosexuels. Ils ne vont pas aller se faire d\u00e9pister et ils risquent de vivre avec le virus pendant longtemps avant de commencer un traitement. Il faut donc \u00e9viter de parler des homosexuels parce que les gens, s&rsquo;ils ne se retrouvent pas dans cette cat\u00e9gorie, ne pensent pas qu&rsquo;ils ont pu prendre des risques. <\/p>\n<p>L&rsquo;ANRS, l&rsquo;Agence nationale de recherche sur le sida, a commandit\u00e9 une \u00e9tude sur la sexualit\u00e9 des Fran\u00e7ais et <strong>on constate qu&rsquo;il y a de plus en plus de femmes qui ont des rapports avec des femmes, et d&rsquo;hommes qui ont des rapports avec des hommes, et qui ne se consid\u00e8rent pas pour autant homosexuels.\u00a0\u00bb<\/strong><\/p>\n<p>Dr Eric Billaud du CHU de NantesDr Eric Billaud du CHU de Nantes<\/p>\n<p>Cr\u00e9dit : Dolor\u00e8s CHARLES<\/p>\n<p>Pour le Dr Eric Billaud, le d\u00e9pistage est diversement r\u00e9alis\u00e9 chez les populations \u00e0 risque. \u00ab\u00a0Le d\u00e9pistage ne pose pas de probl\u00e8me chez les hommes qui ont des rapports avec des hommes, et qui se consid\u00e8rent comme homosexuels parce qu&rsquo;ils ont au sein de la communaut\u00e9 une communication autour de ce probl\u00e8me et ils se d\u00e9pistent assez r\u00e9guli\u00e8rement. Ceci est d&rsquo;ailleurs facilit\u00e9 par le fait qu&rsquo;<strong>on peut avoir un d\u00e9pistage sans ordonnance en allant dans son laboratoire d&rsquo;analyse m\u00e9dicale directement. Pour les moins de 26 ans c&rsquo;est rembours\u00e9 \u00e0 100%, et pour les plus de 26 ans il y a un reste \u00e0 charge qui peut \u00eatre pris en charge par la mutuelle.<\/strong><\/p>\n<p>\u00a0<\/p>\n<blockquote><p>\nUn d\u00e9pistage gratuit et sans ordonnance\n<\/p><\/blockquote>\n<p>\u00a0<\/p>\n<p>En revanche, il y a un d\u00e9ficit clair de d\u00e9pistage dans la communaut\u00e9 des migrants, et notamment des migrants subsahariens, sachant que les femmes par contre sont d\u00e9pist\u00e9es plus jeunes. Comme elles ont des grossesses, elles ont plus facilement acc\u00e8s au d\u00e9pistage.\u00a0\u00bb<\/p>\n<p>Dr Eric Billaud du CHU de NantesDr Eric Billaud du CHU de Nantes <\/p>\n<p>Le pr\u00e9servatif est l\u00e0 pour nous prot\u00e9ger mais il est moins utilis\u00e9, selon le Dr Billaud, car la maladie ne fait plus peur. \u00ab\u00a0Il y a une perte d&rsquo;utilisation du pr\u00e9servatif sur les derni\u00e8res ann\u00e9es, ce que prouve d&rsquo;ailleurs l&rsquo;enqu\u00eate de l&rsquo;ANRS, avec moins de gens qui utilisent le pr\u00e9servatif au premier rapport ou lors d&rsquo;un changement de partenaire.\u00a0\u00bb<\/p>\n<p>\u00a0<\/p>\n<p><img loading=\"lazy\" decoding=\"async\" style=\"display: block; margin-left: auto; margin-right: auto;\" src=\"https:\/\/www.europesays.com\/fr\/wp-content\/uploads\/2025\/12\/pBfepAFtRM.jpeg\" alt=\"\" width=\"500\" height=\"373\"\/><\/p>\n<p>Parce qu&rsquo;on n&rsquo;a plus peur du SIDA aujourd&rsquo;hui, c&rsquo;est \u00e7a la principale raison avanc\u00e9e ?\u00a0<strong>\u00ab\u00a0Je pense qu&rsquo;on en parle de moins en moins, \u00e0 part au 1er d\u00e9cembre, alors qu&rsquo;il faudrait en parler toute l&rsquo;ann\u00e9e. <\/strong>Il faut parler des infections sexuellement transmissibles (IST), du papillomavirus, etc. Il y a toutes ces pathologies qui peuvent survenir et le pr\u00e9servatif prot\u00e8ge de toutes ces maladies.\u00a0\u00bb<\/p>\n<p>Dr Eric Billaud du CHU de NantesDr Eric Billaud du CHU de Nantes <\/p>\n<p>Il existe aujourd\u2019hui, pas un vaccin, mais un traitement contre le SIDA, \u00ab\u00a0simple, efficace et bien tol\u00e9r\u00e9\u00a0\u00bb mais le virus peut toujours tuer sans prise de m\u00e9dicament et peut influer sur la vie des patients pour le Dr Billaud. \u00ab\u00a0On est oblig\u00e9 de prendre le traitement toute sa vie. Et, si on projette de faire le tour du monde ou d&rsquo;aller s&rsquo;installer dans un autre pays, c&rsquo;est une complication ou parfois une impossibilit\u00e9.\u00a0\u00bb<\/p>\n<p>\u00a0<\/p>\n<blockquote><p>\nUn antibiotoque une fois par an, pour traiter le SIDA\n<\/p><\/blockquote>\n<p>\u00a0<\/p>\n<p>A propos du vaccin, \u00ab\u00a0il est peu probable qu&rsquo;on en voit un dans les ann\u00e9es qui viennent, ce d&rsquo;autant qu&rsquo;il y a des recherches pour trouver un m\u00e9dicament injectable une fois par an et qui permettrait d&rsquo;\u00e9viter d&rsquo;attraper le VIH, ce qui revient \u00e0 vacciner une fois par an contre la grippe, contre le Covid. Mais ce n&rsquo;est pas un vaccin, c&rsquo;est un m\u00e9dicament, c&rsquo;est un antibiotique.\u00a0\u00bb<\/p>\n<p>Le Dr Billaud pr\u00e9side le CORESS en Pays de la Loire (*), le Comit\u00e9 de coordination r\u00e9gionale de la sant\u00e9 sexuelle. Environ 630.000 personnes sont d\u00e9c\u00e9d\u00e9es de maladies li\u00e9es au Sida l&rsquo;an dernier, soit une diminution de 54 % depuis 2010 et de 15 % depuis 2020.<\/p>\n<p>\u00a0<\/p>\n<blockquote><p>\nDes coupes budg\u00e9taires d\u00e9nonc\u00e9es par l&rsquo;Onusida\n<\/p><\/blockquote>\n<p>\u00a0<\/p>\n<p>Dans le m\u00eame temps, l\u2019Onusida a d\u00e9nonc\u00e9 les \u00ab\u00a0cons\u00e9quences des coupes budg\u00e9taires internationales de nombreux donateurs, et en particulier l&rsquo;arr\u00eat brutal des financements par les \u00c9tats-Unis\u00a0\u00bb. L&rsquo;an dernier, plus de 18 milliards de dollars \u00e9taient disponibles pour la riposte mondiale au sida, soit 17% de moins que les besoins annuels \u00e9valu\u00e9s d&rsquo;ici 2030. Cons\u00e9quence, des ruptures de stock de kits de d\u00e9pistage du VIH et de m\u00e9dicaments ont \u00e9t\u00e9 signal\u00e9es dans des pays comme l&rsquo;\u00c9thiopie et la R\u00e9publique d\u00e9mocratique du Congo (AFP).<\/p>\n<p>\u00a0<\/p>\n<p>(*) Depuis mars 2025, les COREVIH (Comit\u00e9s de coordination r\u00e9gionale de la lutte contre le VIH et les infections sexuellement transmissibles) ont \u00e9volu\u00e9 pour devenir des Comit\u00e9s de coordination r\u00e9gionale de la sant\u00e9 sexuelle (CoReSS).<\/p>\n","protected":false},"excerpt":{"rendered":"C\u2019est la journ\u00e9e mondiale de lutte contre le SIDA, ce lundi 1er d\u00e9cembre. On fait le point avec&hellip;\n","protected":false},"author":2,"featured_media":571136,"comment_status":"","ping_status":"","sticky":false,"template":"","format":"standard","meta":{"footnotes":""},"categories":[2818],"tags":[1111,11,4309,68625,1777,674,1011,27,766,12,2636,26248,25,20167],"class_list":{"0":"post-571135","1":"post","2":"type-post","3":"status-publish","4":"format-standard","5":"has-post-thumbnail","7":"category-nantes","8":"tag-actu","9":"tag-actualites","10":"tag-chu","11":"tag-dr-billaud","12":"tag-eu","13":"tag-europe","14":"tag-fr","15":"tag-france","16":"tag-nantes","17":"tag-news","18":"tag-pays-de-la-loire","19":"tag-preservatif","20":"tag-republique-francaise","21":"tag-sida"},"share_on_mastodon":{"url":"https:\/\/pubeurope.com\/@fr\/115644885962898278","error":""},"_links":{"self":[{"href":"https:\/\/www.europesays.com\/fr\/wp-json\/wp\/v2\/posts\/571135","targetHints":{"allow":["GET"]}}],"collection":[{"href":"https:\/\/www.europesays.com\/fr\/wp-json\/wp\/v2\/posts"}],"about":[{"href":"https:\/\/www.europesays.com\/fr\/wp-json\/wp\/v2\/types\/post"}],"author":[{"embeddable":true,"href":"https:\/\/www.europesays.com\/fr\/wp-json\/wp\/v2\/users\/2"}],"replies":[{"embeddable":true,"href":"https:\/\/www.europesays.com\/fr\/wp-json\/wp\/v2\/comments?post=571135"}],"version-history":[{"count":0,"href":"https:\/\/www.europesays.com\/fr\/wp-json\/wp\/v2\/posts\/571135\/revisions"}],"wp:featuredmedia":[{"embeddable":true,"href":"https:\/\/www.europesays.com\/fr\/wp-json\/wp\/v2\/media\/571136"}],"wp:attachment":[{"href":"https:\/\/www.europesays.com\/fr\/wp-json\/wp\/v2\/media?parent=571135"}],"wp:term":[{"taxonomy":"category","embeddable":true,"href":"https:\/\/www.europesays.com\/fr\/wp-json\/wp\/v2\/categories?post=571135"},{"taxonomy":"post_tag","embeddable":true,"href":"https:\/\/www.europesays.com\/fr\/wp-json\/wp\/v2\/tags?post=571135"}],"curies":[{"name":"wp","href":"https:\/\/api.w.org\/{rel}","templated":true}]}}