{"id":571139,"date":"2025-12-01T14:55:14","date_gmt":"2025-12-01T14:55:14","guid":{"rendered":"https:\/\/www.europesays.com\/fr\/571139\/"},"modified":"2025-12-01T14:55:14","modified_gmt":"2025-12-01T14:55:14","slug":"des-2026-la-lgv-paris-bordeaux-ajoutera-2-000-places-supplementaires-par-jour","status":"publish","type":"post","link":"https:\/\/www.europesays.com\/fr\/571139\/","title":{"rendered":"D\u00e8s 2026 la LGV Paris-Bordeaux ajoutera 2 000 places suppl\u00e9mentaires par jour"},"content":{"rendered":"<p>La <a href=\"https:\/\/www.sncf-connect.com\/\" target=\"_blank\" rel=\"noreferrer noopener\">SNCF <\/a>renforce ses liaisons TGV vers le Sud-Ouest. Paris-Bordeaux, Tours et la C\u00f4te basque verront leur offre de transport optimis\u00e9e d\u00e8s 2026.<\/p>\n<p>Plus de confort et de choix pour les voyageurs<\/p>\n<p>Si tu voyages r\u00e9guli\u00e8rement entre <strong>Paris et Bordeaux<\/strong>, tu vas sentir la diff\u00e9rence. \u00c0 partir du printemps 2026, <strong>la SNCF ajoutera 2 000 places par jour<\/strong> sur la LGV Atlantique, soit <strong>une augmentation de 10 % <\/strong>de la capacit\u00e9 actuelle. Comment ? En doublant certaines rames aux heures de pointe et en cr\u00e9ant une nouvelle fr\u00e9quence \u00e0 la mi-journ\u00e9e. Les d\u00e9parts concern\u00e9s : <strong>7h45 <\/strong>et <strong>17h08 <\/strong>de Bordeaux, <strong>8h01 <\/strong>de Paris, et un d\u00e9part suppl\u00e9mentaire \u00e0 <strong>12h54 <\/strong>depuis la capitale.<\/p>\n<p><strong>Franck Dubourdieu<\/strong>, <strong>PDG de TGV Atlantique<\/strong>, parle d\u2019un souffle nouveau pour une ligne satur\u00e9e, offrant une capacit\u00e9 \u00ab bien sup\u00e9rieure aux projets initiaux \u00bb. Pour toi, cela se traduit par moins de stress, plus de confort et davantage de flexibilit\u00e9 dans tes d\u00e9placements.<\/p>\n<p><img fetchpriority=\"high\" decoding=\"async\" width=\"1024\" height=\"582\" src=\"https:\/\/www.europesays.com\/fr\/wp-content\/uploads\/2025\/12\/image-19-1024x582.png\" alt=\"\" class=\"wp-image-87157\" style=\"width:702px;height:auto\"  \/>\u00c0 partir du printemps 2026, 2\u202f000 places suppl\u00e9mentaires par jour seront ajout\u00e9es sur Paris-Bordeaux. \u00a9Bordeaux Tourisme<\/p>\n<p>De nouvelles liaisons et horaires pour le Sud-Ouest<\/p>\n<p><strong><a href=\"https:\/\/www.sncf-connect.com\/\" target=\"_blank\" rel=\"noreferrer noopener\">La SNCF<\/a><\/strong> ne s\u2019arr\u00eate pas l\u00e0. D\u00e8s <strong>le 14 d\u00e9cembre 2025<\/strong>, <strong>Ouigo Grande Vitesse<\/strong> reliera <strong>Paris \u00e0 la C\u00f4te basque<\/strong> avec un aller-retour quotidien <strong>\u00e0 partir de 19 \u20ac <\/strong>et <strong>des rames de 1 288 places<\/strong>, soit <strong>25 % de capacit\u00e9 suppl\u00e9mentaire<\/strong>.<\/p>\n<p>Et d\u00e8s 2027, un <strong>TGV Inoui<\/strong> reliera <strong>Tours \u00e0 Bordeaux<\/strong> en semaine, via <strong>Poitiers et Angoul\u00eame<\/strong>, permettant d\u2019arriver plus t\u00f4t \u00e0 Bordeaux et de rentrer plus tard le soir. Les amplitudes horaires seront \u00e9galement \u00e9largies dans tout le Sud-Ouest, avec des arriv\u00e9es plus matinales \u00e0 Dax, Pau, Lourdes ou Tarbes et des d\u00e9parts tardifs vers La Rochelle, Niort et Surg\u00e8res.<\/p>\n<p>\u00c0 lire aussi : <a href=\"https:\/\/www.bougerabordeaux.com\/actu\/news\/le-cabaret-incontournable-pour-celebrer-le-nouvel-an-a-bordeaux\/\" target=\"_blank\" rel=\"noreferrer noopener\">Le cabaret incontournable pour c\u00e9l\u00e9brer le Nouvel An \u00e0 Bordeaux<\/a><\/p>\n","protected":false},"excerpt":{"rendered":"La SNCF renforce ses liaisons TGV vers le Sud-Ouest. Paris-Bordeaux, Tours et la C\u00f4te basque verront leur offre&hellip;\n","protected":false},"author":2,"featured_media":571140,"comment_status":"","ping_status":"","sticky":false,"template":"","format":"standard","meta":{"footnotes":""},"categories":[2817],"tags":[1111,11,1997,1777,674,1011,27,12,2219,25],"class_list":{"0":"post-571139","1":"post","2":"type-post","3":"status-publish","4":"format-standard","5":"has-post-thumbnail","7":"category-bordeaux","8":"tag-actu","9":"tag-actualites","10":"tag-bordeaux","11":"tag-eu","12":"tag-europe","13":"tag-fr","14":"tag-france","15":"tag-news","16":"tag-nouvelle-aquitaine","17":"tag-republique-francaise"},"share_on_mastodon":{"url":"https:\/\/pubeurope.com\/@fr\/115644893822316058","error":""},"_links":{"self":[{"href":"https:\/\/www.europesays.com\/fr\/wp-json\/wp\/v2\/posts\/571139","targetHints":{"allow":["GET"]}}],"collection":[{"href":"https:\/\/www.europesays.com\/fr\/wp-json\/wp\/v2\/posts"}],"about":[{"href":"https:\/\/www.europesays.com\/fr\/wp-json\/wp\/v2\/types\/post"}],"author":[{"embeddable":true,"href":"https:\/\/www.europesays.com\/fr\/wp-json\/wp\/v2\/users\/2"}],"replies":[{"embeddable":true,"href":"https:\/\/www.europesays.com\/fr\/wp-json\/wp\/v2\/comments?post=571139"}],"version-history":[{"count":0,"href":"https:\/\/www.europesays.com\/fr\/wp-json\/wp\/v2\/posts\/571139\/revisions"}],"wp:featuredmedia":[{"embeddable":true,"href":"https:\/\/www.europesays.com\/fr\/wp-json\/wp\/v2\/media\/571140"}],"wp:attachment":[{"href":"https:\/\/www.europesays.com\/fr\/wp-json\/wp\/v2\/media?parent=571139"}],"wp:term":[{"taxonomy":"category","embeddable":true,"href":"https:\/\/www.europesays.com\/fr\/wp-json\/wp\/v2\/categories?post=571139"},{"taxonomy":"post_tag","embeddable":true,"href":"https:\/\/www.europesays.com\/fr\/wp-json\/wp\/v2\/tags?post=571139"}],"curies":[{"name":"wp","href":"https:\/\/api.w.org\/{rel}","templated":true}]}}