{"id":571141,"date":"2025-12-01T14:56:12","date_gmt":"2025-12-01T14:56:12","guid":{"rendered":"https:\/\/www.europesays.com\/fr\/571141\/"},"modified":"2025-12-01T14:56:12","modified_gmt":"2025-12-01T14:56:12","slug":"le-dernier-salon-dorientation-de-la-region-avant-louverture-de-parcoursup-aura-lieu-le-6-decembre","status":"publish","type":"post","link":"https:\/\/www.europesays.com\/fr\/571141\/","title":{"rendered":"le dernier salon d\u2019orientation de la r\u00e9gion avant l\u2019ouverture de Parcoursup aura lieu le 6\u00a0d\u00e9cembre"},"content":{"rendered":"<p>Avant l\u2019ouverture de Parcoursup pr\u00e9vue le 17\u00a0d\u00e9cembre, un salon d\u2019orientation Studyrama sera organis\u00e9 le samedi 6\u00a0d\u00e9cembre de 10\u00a0heures \u00e0 14\u00a0heures au Hangar 17 \u00e0 Bordeaux. Le salon regroupera 800 formations de Bac \u00e0 Bac +\u00a05 (fili\u00e8res longues ou courtes), un espace d\u00e9di\u00e9 aux grandes \u00e9coles (ing\u00e9nieurs, commerce, management), de nombreux parcours repr\u00e9sent\u00e9s (licences, BUT, masters, mast\u00e8res, MS, MBS) dans diff\u00e9rents secteurs (art, sport, management, ing\u00e9nieur, num\u00e9rique, commerce, marketing, luxe, sant\u00e9, sciences\u2026). Ce jour-l\u00e0, 13 conf\u00e9rences et ateliers seront propos\u00e9s pour r\u00e9pondre \u00e0 toutes les questions.<\/p>\n","protected":false},"excerpt":{"rendered":"Avant l\u2019ouverture de Parcoursup pr\u00e9vue le 17\u00a0d\u00e9cembre, un salon d\u2019orientation Studyrama sera organis\u00e9 le samedi 6\u00a0d\u00e9cembre de 10\u00a0heures&hellip;\n","protected":false},"author":2,"featured_media":571142,"comment_status":"","ping_status":"","sticky":false,"template":"","format":"standard","meta":{"footnotes":""},"categories":[2817],"tags":[1111,11,1997,1777,674,1011,27,12,2219,25],"class_list":{"0":"post-571141","1":"post","2":"type-post","3":"status-publish","4":"format-standard","5":"has-post-thumbnail","7":"category-bordeaux","8":"tag-actu","9":"tag-actualites","10":"tag-bordeaux","11":"tag-eu","12":"tag-europe","13":"tag-fr","14":"tag-france","15":"tag-news","16":"tag-nouvelle-aquitaine","17":"tag-republique-francaise"},"share_on_mastodon":{"url":"https:\/\/pubeurope.com\/@fr\/115644896724885261","error":""},"_links":{"self":[{"href":"https:\/\/www.europesays.com\/fr\/wp-json\/wp\/v2\/posts\/571141","targetHints":{"allow":["GET"]}}],"collection":[{"href":"https:\/\/www.europesays.com\/fr\/wp-json\/wp\/v2\/posts"}],"about":[{"href":"https:\/\/www.europesays.com\/fr\/wp-json\/wp\/v2\/types\/post"}],"author":[{"embeddable":true,"href":"https:\/\/www.europesays.com\/fr\/wp-json\/wp\/v2\/users\/2"}],"replies":[{"embeddable":true,"href":"https:\/\/www.europesays.com\/fr\/wp-json\/wp\/v2\/comments?post=571141"}],"version-history":[{"count":0,"href":"https:\/\/www.europesays.com\/fr\/wp-json\/wp\/v2\/posts\/571141\/revisions"}],"wp:featuredmedia":[{"embeddable":true,"href":"https:\/\/www.europesays.com\/fr\/wp-json\/wp\/v2\/media\/571142"}],"wp:attachment":[{"href":"https:\/\/www.europesays.com\/fr\/wp-json\/wp\/v2\/media?parent=571141"}],"wp:term":[{"taxonomy":"category","embeddable":true,"href":"https:\/\/www.europesays.com\/fr\/wp-json\/wp\/v2\/categories?post=571141"},{"taxonomy":"post_tag","embeddable":true,"href":"https:\/\/www.europesays.com\/fr\/wp-json\/wp\/v2\/tags?post=571141"}],"curies":[{"name":"wp","href":"https:\/\/api.w.org\/{rel}","templated":true}]}}