{"id":571149,"date":"2025-12-01T15:00:41","date_gmt":"2025-12-01T15:00:41","guid":{"rendered":"https:\/\/www.europesays.com\/fr\/571149\/"},"modified":"2025-12-01T15:00:41","modified_gmt":"2025-12-01T15:00:41","slug":"moulin-estaminet-mine-decouvrez-une-incroyable-creche-regionale-chti-a-leglise-saint-etienne-de-lille","status":"publish","type":"post","link":"https:\/\/www.europesays.com\/fr\/571149\/","title":{"rendered":"Moulin, estaminet, mine&#8230; D\u00e9couvrez une incroyable cr\u00e8che r\u00e9gionale ch\u2019ti \u00e0 l\u2019\u00e9glise Saint-Etienne de Lille"},"content":{"rendered":"<p>                    Par<br \/>\n        <strong><br \/>\n            <a href=\"https:\/\/actu.fr\/auteur\/annesophie-2\" title=\"Consulter tous les articles de Anne-Sophie Hourdeaux\" target=\"_blank\" rel=\"noopener\">Anne-Sophie Hourdeaux<\/a><br \/>\n                    <\/strong><\/p>\n<p>        Publi\u00e9 le<\/p>\n<p>            1 d\u00e9c. 2025 \u00e0 15h38        <\/p>\n<p>Vous <b>ne verrez pas deux cr\u00e8ches comme celle install\u00e9e dans l\u2019\u00e9glise Saint-Etienne<\/b> de <a href=\"https:\/\/actu.fr\/hauts-de-france\/lille_59350\" target=\"_blank\" rel=\"noopener\">Lille<\/a> (Nord), tout pr\u00e8s du <a href=\"https:\/\/actu.fr\/hauts-de-france\/lille_59350\/en-images-le-marche-de-noel-ouvre-a-lille-jadore-lambiance-je-pourrais-tout-acheter_63458095.html\" target=\"_blank\" rel=\"noopener\">march\u00e9 de No\u00ebl place Rihour<\/a>. Son originalit\u00e9\u2009: elle pr\u00e9sente autour de la Sainte Famille traditionnelle les d\u00e9cors et personnages de notre r\u00e9gion\u2009! On est <b>\u00e9merveill\u00e9 par tous les d\u00e9tails<\/b>, les objets miniatures, les reconstitutions pr\u00e9cises, les visages expressifs et costumes faits sur mesure. Elle est \u00e0 voir <b>jusqu\u2019au 1er f\u00e9vrier 2026<\/b>, avec des <b>permanences sp\u00e9ciales le week-end<\/b>.<\/p>\n<p>    <img   decoding=\"async\" loading=\"lazy\" class=\"size-large\" src=\"https:\/\/www.europesays.com\/fr\/wp-content\/uploads\/2025\/12\/cd5e72de79296b16e72de7929646e7v-960x640.jpg\" alt=\"cr\u00e8che \u00e9glise saint etienne lille 2025\" width=\"960\" height=\"640\"\/><br \/>\n    Ambiance carnaval de Bailleul dans la cr\u00e8che r\u00e9gionale de l\u2019\u00e9glise St-Etienne de Lille\u2009! \u00a9AS Hourdeaux\/Croix du Nord50 santons dans cette incroyable cr\u00e8che r\u00e9gionale \u00e0 Lille<\/p>\n<p class=\" wall-content\">C\u2019est la 2e ann\u00e9e que l\u2019\u00e9quipe paroissiale propose une cr\u00e8che ch\u2019ti. Elle est situ\u00e9e \u00e0 droite du ch\u0153ur, dans le fond de l\u2019\u00e9glise. Autour d\u2019un grand sapin de No\u00ebl lumineux, et aux sons des chants de No\u00ebl, un <b>paysage nordiste s\u2019\u00e9tale sur 30\u00a0m2<\/b>, m\u00ealant diverses r\u00e9alit\u00e9s typiques de chez nous et des m\u00e9tiers d\u2019antan. \u00ab\u2009Constitu\u00e9e de <b>50 santons<\/b>, cette cr\u00e8che est une <b>v\u00e9ritable immersion dans la culture r\u00e9gionale du XIXe\u00a0si\u00e8cle<\/b>\u2009\u00bb, r\u00e9sume St\u00e9phane Chavanon, de l\u2019\u00e9quipe cr\u00e8che. \u00ab\u2009Une dizaine de paroissiens a cr\u00e9\u00e9 les \u00e9l\u00e9ments, et nous \u00e9tions une trentaine \u00e0 monter l\u2019ensemble samedi 22 novembre. Cela nous a pris 6\u2009heures\u2009!\u2009\u00bb<\/p>\n<p>    <img   decoding=\"async\" loading=\"lazy\" class=\"size-large\" src=\"https:\/\/www.europesays.com\/fr\/wp-content\/uploads\/2025\/12\/1fd8ceeab9296b3e8ceeab92918e8cv-960x640.jpg\" alt=\"Nouveaut\u00e9 2025 : une houblonni\u00e8re. cr\u00e8che lille\" width=\"960\" height=\"640\"\/><br \/>\n    Nouveaut\u00e9 2025\u00a0: une houblonni\u00e8re. \u00a9AS Hourdeaux\/Croix du Nord<\/p>\n<p class=\" wall-content\">On retrouve les grands \u00e9l\u00e9ments de notre r\u00e9gion\u2009: <b>un moulin, les g\u00e9ants<\/b> de <a href=\"https:\/\/actu.fr\/hauts-de-france\/bailleul_59043\" target=\"_blank\" rel=\"noopener\">Bailleul<\/a>, une <b>\u00e9cole, un b\u00e2timent typiquement flamand, un carillon mobile, un chevalet<\/b>\u2026 \u00ab\u2009Les d\u00e9cors sont r\u00e9alis\u00e9s \u00e0 la main, les personnages proviennent de <a href=\"https:\/\/actu.fr\/tag\/brocante\" target=\"_blank\" rel=\"noopener\">brocante<\/a> ou ont \u00e9t\u00e9 remodel\u00e9s, leurs habits con\u00e7us sp\u00e9cialement, les chevaux ont \u00e9t\u00e9 fabriqu\u00e9s avec une imprimante 3D\u2026\u2009\u00bb Les ailes du moulin tournent, l\u2019int\u00e9rieur de l\u2019estaminet est illumin\u00e9 et \u00e9quip\u00e9 en mobilier miniature. Tous les talents ont \u00e9t\u00e9 mis \u00e0 contribution\u2009!<\/p>\n<p>    <img   decoding=\"async\" loading=\"lazy\" class=\"size-large\" src=\"https:\/\/www.europesays.com\/fr\/wp-content\/uploads\/2025\/12\/c1d862de79296b5d862de7929bdd86v-960x640.jpg\" alt=\"cr\u00e8che \u00e9glise saint etienne lille 2025\" width=\"960\" height=\"640\"\/><br \/>\n    L\u2019abb\u00e9 Lemire a cr\u00e9\u00e9 les jardins-ouvriers \u00e0 Hazebrouck. \u00a9AS Hourdeaux\/Croix du NordNouveau\u2009: pigeon, houblon, cit\u00e9 ouvri\u00e8re<\/p>\n<p class=\" wall-content\">Il y a \u00e9videmment des nouveaut\u00e9s cette ann\u00e9e. \u00ab\u2009Regardez la <b>houblonni\u00e8re<\/b>, qui rappelle la production de <a href=\"https:\/\/actu.fr\/tag\/biere\" target=\"_blank\" rel=\"noopener\">bi\u00e8res<\/a>\u2009! Il y a aussi le coulonneux, c\u2019est le <b>pigeonnier<\/b> avec les pigeons qui volent autour. Une chapelle et un calvaire rappellent cette tradition tr\u00e8s forte visible dans les campagnes. Le grand b\u00e2timent devant pr\u00e9sente une cit\u00e9 ouvri\u00e8re\u2009\u00bb, pr\u00e9sente le paroissien.<\/p>\n<p>Votre r\u00e9gion, votre actu !<\/p>\n<p>Recevez chaque jour les infos qui comptent pour vous.<\/p>\n<p>\t<a href=\"https:\/\/actu.fr\/newsletter\" class=\"ac-btn ac-btn--corner ac-btn--medium ac-btn--blue800\" target=\"_blank\" rel=\"noopener\">S&rsquo;incrire<\/a><\/p>\n<p class=\" wall-content\">L\u2019\u00e9l\u00e9ment qui attire le plus le regard est peut-\u00eatre ce plateau tournant\u2009: \u00ab\u2009On a repr\u00e9sent\u00e9 3 sc\u00e8nes \u00e9voquant deux figures du XIXe\u00a0si\u00e8cle de Lille\u2009: Philibert et Camille F\u00e9ron-Vrau (voir ci-dessous)\u2009\u00bb.<\/p>\n<p class=\" wall-content\">Vous reconna\u00eetrez peut-\u00eatre un d\u00f4me c\u00e9l\u00e8bre dans notre r\u00e9gion\u2009: \u00ab\u2009C\u2019est celui de la cath\u00e9drale de <a href=\"https:\/\/actu.fr\/hauts-de-france\/boulogne-sur-mer_62160\" target=\"_blank\" rel=\"noopener\">Boulogne-sur-Mer<\/a>. L\u2019an prochain, on devrait avoir l\u2019\u00e9difice en entier\u2009!\u2009\u00bb Car les <b>paroissiens pensent d\u00e9j\u00e0 \u00e0 la prochaine \u00e9dition<\/b>. \u00ab\u2009On peut encore agrandir, et on a des id\u00e9es\u2009!\u2009\u00bb<\/p>\n<p>    <img   decoding=\"async\" loading=\"lazy\" class=\"size-large\" src=\"https:\/\/www.europesays.com\/fr\/wp-content\/uploads\/2025\/12\/b34842de79296e84842de79291d484v-960x640.jpg\" alt=\"cr\u00e8che \u00e9glise saint etienne lille 2025\" width=\"960\" height=\"640\"\/><br \/>\n    Philibert Vrau est pr\u00e9sent dans la cr\u00e8che de l\u2019\u00e9glise St-Etienne de Lille\u2009: ce patron du textile du XIXe sera peut-\u00eatre un jour b\u00e9atifi\u00e9. \u00a9AS Hourdeaux\/Croix du NordR\u00e9unir, \u00e9vang\u00e9liser par le beau<\/p>\n<p class=\" wall-content\">Le but est de r\u00e9unir autour d\u2019un symbole fort, et favoriser l\u2019\u00e9merveillement\u2009: \u00ab\u2009Il y a une dimension culturelle autour des symboles de la r\u00e9gion, et c\u2019est pour tous les \u00e2ges. On veut aussi \u00e9vang\u00e9liser par le beau\u2009\u00bb.<\/p>\n<p class=\" wall-content\">Comme cette \u00e9glise est peu connue, malgr\u00e9 sa situation au centre-ville, car elle est ins\u00e9r\u00e9e parmi les habitations, l\u2019\u00e9quipe va distribuer plus de 1000 flyers pour la faire conna\u00eetre.<\/p>\n<p class=\" wall-content\">\u00c0 noter que la paroisse a pens\u00e9 \u00e0 tous les d\u00e9tails\u2009: des <b>permanences avec des \u00ab\u2009guides\u2009\u00bb sont pr\u00e9vues le week-end<\/b>. La <b>bande-son diffusant des chants de No\u00ebl<\/b> a \u00e9t\u00e9 enregistr\u00e9e par la <b>chorale paroissiale<\/b>. La cr\u00e8che est locale jusqu\u2019au bout\u2009!<\/p>\n<p>Au 47 rue de l\u2019H\u00f4pital Militaire, Lille, jusqu\u2019au 1er\u00a0f\u00e9vrier 2025. Acc\u00e8s aux horaires d\u2019ouverture de l\u2019\u00e9glise. Entr\u00e9e libre. Permanences les samedi de 12\u2009h \u00e0 16\u2009h et le dimanche de 12\u2009h\u200930 \u00e0 17\u2009h\u200930. Contact\u2009: <a href=\"https:\/\/actu.fr\/cdn-cgi\/l\/email-protection\" class=\"__cf_email__\" data-cfemail=\"1675797862777562727f7365787762777a7f6556717b777f7a3875797b\" target=\"_blank\" rel=\"noopener\">[email\u00a0protected]<\/a><\/p>\n<p class=\" wall-content\">Personnalisez votre actualit\u00e9 en ajoutant vos villes et m\u00e9dias en favori avec <a href=\"https:\/\/moncompte.actu.fr\" title=\"D\u00e9couvez Mon Actu\" rel=\"nofollow noopener\" data-trk=\"{&quot;cta&quot;:{&quot;action&quot;:&quot;https:\\\/\\\/moncompte.actu.fr&quot;,&quot;category&quot;:&quot;mon compte&quot;,&quot;from&quot;:&quot;article footer&quot;,&quot;name&quot;:&quot;Mon actu&quot;,&quot;type&quot;:&quot;cta&quot;}}\" target=\"_blank\">Mon Actu<\/a>.<\/p>\n","protected":false},"excerpt":{"rendered":"Par Anne-Sophie Hourdeaux Publi\u00e9 le 1 d\u00e9c. 2025 \u00e0 15h38 Vous ne verrez pas deux cr\u00e8ches comme celle&hellip;\n","protected":false},"author":2,"featured_media":571150,"comment_status":"","ping_status":"","sticky":false,"template":"","format":"standard","meta":{"footnotes":""},"categories":[2815],"tags":[1111,11,1777,674,1011,27,811,1307,1652,12,15830,4020,25],"class_list":{"0":"post-571149","1":"post","2":"type-post","3":"status-publish","4":"format-standard","5":"has-post-thumbnail","7":"category-lille","8":"tag-actu","9":"tag-actualites","10":"tag-eu","11":"tag-europe","12":"tag-fr","13":"tag-france","14":"tag-hauts-de-france","15":"tag-lille","16":"tag-loisirs-culture","17":"tag-news","18":"tag-noel","19":"tag-religion","20":"tag-republique-francaise"},"share_on_mastodon":{"url":"https:\/\/pubeurope.com\/@fr\/115644916152463668","error":""},"_links":{"self":[{"href":"https:\/\/www.europesays.com\/fr\/wp-json\/wp\/v2\/posts\/571149","targetHints":{"allow":["GET"]}}],"collection":[{"href":"https:\/\/www.europesays.com\/fr\/wp-json\/wp\/v2\/posts"}],"about":[{"href":"https:\/\/www.europesays.com\/fr\/wp-json\/wp\/v2\/types\/post"}],"author":[{"embeddable":true,"href":"https:\/\/www.europesays.com\/fr\/wp-json\/wp\/v2\/users\/2"}],"replies":[{"embeddable":true,"href":"https:\/\/www.europesays.com\/fr\/wp-json\/wp\/v2\/comments?post=571149"}],"version-history":[{"count":0,"href":"https:\/\/www.europesays.com\/fr\/wp-json\/wp\/v2\/posts\/571149\/revisions"}],"wp:featuredmedia":[{"embeddable":true,"href":"https:\/\/www.europesays.com\/fr\/wp-json\/wp\/v2\/media\/571150"}],"wp:attachment":[{"href":"https:\/\/www.europesays.com\/fr\/wp-json\/wp\/v2\/media?parent=571149"}],"wp:term":[{"taxonomy":"category","embeddable":true,"href":"https:\/\/www.europesays.com\/fr\/wp-json\/wp\/v2\/categories?post=571149"},{"taxonomy":"post_tag","embeddable":true,"href":"https:\/\/www.europesays.com\/fr\/wp-json\/wp\/v2\/tags?post=571149"}],"curies":[{"name":"wp","href":"https:\/\/api.w.org\/{rel}","templated":true}]}}