{"id":571151,"date":"2025-12-01T15:03:23","date_gmt":"2025-12-01T15:03:23","guid":{"rendered":"https:\/\/www.europesays.com\/fr\/571151\/"},"modified":"2025-12-01T15:03:23","modified_gmt":"2025-12-01T15:03:23","slug":"greve-du-2-decembre-2025-metro-bus-tram-les-transports-de-la-rtm-impactes-a-marseille","status":"publish","type":"post","link":"https:\/\/www.europesays.com\/fr\/571151\/","title":{"rendered":"Gr\u00e8ve du 2 d\u00e9cembre 2025. M\u00e9tro, bus, tram, les transports de la RTM impact\u00e9s \u00e0 Marseille\u00a0?"},"content":{"rendered":"<p>                    Par<br \/>\n        <strong><br \/>\n            <a href=\"https:\/\/actu.fr\/auteur\/fabien-binacchi\" title=\"Consulter tous les articles de Fabien Binacchi\" target=\"_blank\" rel=\"noopener\">Fabien Binacchi<\/a><br \/>\n                    <\/strong><\/p>\n<p>        Publi\u00e9 le<\/p>\n<p>            1 d\u00e9c. 2025 \u00e0 13h06        <\/p>\n<p>Le <strong>mouvement social national<\/strong> annonc\u00e9 ce mardi 2 d\u00e9cembre 2025 \u00e0 l\u2019approche du vote du budget sera-t-il suivi dans les transports en commun de <a href=\"https:\/\/actu.fr\/marseille\/\" target=\"_blank\" rel=\"noopener\">Marseille<\/a> et des <a href=\"https:\/\/actu.fr\/provence-alpes-cote-d-azur\/marseille_13055\/greve-du-2-decembre-2025-les-manifestations-prevues-a-marseille-et-dans-les-bouches-du-rhone_63510565.html\" target=\"_blank\" rel=\"noopener\">Bouches-du-Rh\u00f4ne<\/a>\u2009? La <a href=\"https:\/\/actu.fr\/tag\/rtm\" target=\"_blank\" rel=\"noopener\">RTM<\/a> a livr\u00e9 ses pr\u00e9visions de trafic pour la journ\u00e9e.<\/p>\n<p>Un trafic \u00ab\u2009normal\u2009\u00bb\u2026<\/p>\n<p class=\" wall-content\">Si un rassemblement est bien pr\u00e9vu dans la cit\u00e9 phoc\u00e9enne d\u00e8s 10h30, au d\u00e9part des R\u00e9form\u00e9s, ce mardi, les salari\u00e9s de la RTM ne devraient pas y prendre part, en tout cas pas en nombre. La r\u00e9gie annonce un trafic \u00ab\u2009normal\u2009\u00bb sur l\u2019ensemble de ses lignes.<\/p>\n<p class=\" wall-content\">\n<p class=\" wall-content\">Ce mouvement national ne sera donc <strong>pas suivi (ou tr\u00e8s peu)<\/strong> dans les rangs du r\u00e9seau de transports en commun m\u00e9tropolitain. A l\u2019inverse de la gr\u00e8ve interne qui avaient perturb\u00e9 de nombreuses lignes<a href=\"https:\/\/actu.fr\/provence-alpes-cote-d-azur\/marseille_13055\/marseille-une-greve-massive-va-toucher-la-rtm-les-previsions-de-trafic_63495486.html\" target=\"_blank\" rel=\"noopener\"> toute la journ\u00e9e du 28 novembre.<\/a><\/p>\n<p>\u2026Sauf sur le parcours des manifestations<\/p>\n<p class=\" wall-content\">Ce mardi, la RTM n\u2019exclut pas par contre que la circulation, notamment des tramways \u00e0 Marseille, puisse \u00ab\u2009\u00eatre <strong>impact\u00e9e par des manifestations<\/strong> sur la voie publique\u2009\u00bb.<\/p>\n<p class=\" wall-content\">Il est donc conseill\u00e9 de consulter les conditions en temps r\u00e9el, <a href=\"https:\/\/www.rtm.fr\/infos-trafic\" target=\"_blank\" rel=\"noopener\">\u00e0 cette adresse,<\/a> si aviez pr\u00e9vu d\u2019emprunter les transports en commun dans la matin\u00e9e.<\/p>\n<p>Et dans les trains\u2009?<\/p>\n<p class=\" wall-content\">Du c\u00f4t\u00e9 des rails, la SNCF a d\u2019ores et d\u00e9j\u00e0 fait savoir que <strong>des annulations et retards \u00e9taient jug\u00e9s \u00ab\u2009probables\u2009\u00bb<\/strong> sur les liaisons r\u00e9gionales ou nationales ce mardi.<\/p>\n<p class=\" wall-content\">Les pr\u00e9visions pr\u00e9cises pour chaque ligne seront publi\u00e9es en fin de journ\u00e9e. Il faudra donc v\u00e9rifier sur le site de la SNCF (ou l\u2019application) d\u00e8s que disponible.<\/p>\n<p class=\" wall-content\">Personnalisez votre actualit\u00e9 en ajoutant vos villes et m\u00e9dias en favori avec <a href=\"https:\/\/moncompte.actu.fr\" title=\"D\u00e9couvez Mon Actu\" rel=\"nofollow noopener\" data-trk=\"{&quot;cta&quot;:{&quot;action&quot;:&quot;https:\\\/\\\/moncompte.actu.fr&quot;,&quot;category&quot;:&quot;mon compte&quot;,&quot;from&quot;:&quot;article footer&quot;,&quot;name&quot;:&quot;Mon actu&quot;,&quot;type&quot;:&quot;cta&quot;}}\" target=\"_blank\">Mon Actu<\/a>.<\/p>\n","protected":false},"excerpt":{"rendered":"Par Fabien Binacchi Publi\u00e9 le 1 d\u00e9c. 2025 \u00e0 13h06 Le mouvement social national annonc\u00e9 ce mardi 2&hellip;\n","protected":false},"author":2,"featured_media":117178,"comment_status":"","ping_status":"","sticky":false,"template":"","format":"standard","meta":{"footnotes":""},"categories":[2814],"tags":[1111,11,1777,674,1011,27,884,39669,12,882,25,10783,104,2803],"class_list":{"0":"post-571151","1":"post","2":"type-post","3":"status-publish","4":"format-standard","5":"has-post-thumbnail","7":"category-marseille","8":"tag-actu","9":"tag-actualites","10":"tag-eu","11":"tag-europe","12":"tag-fr","13":"tag-france","14":"tag-marseille","15":"tag-metro-de-marseille","16":"tag-news","17":"tag-provence-alpes-cote-dazur","18":"tag-republique-francaise","19":"tag-rtm","20":"tag-societe","21":"tag-transport"},"share_on_mastodon":{"url":"https:\/\/pubeurope.com\/@fr\/115644924102923247","error":""},"_links":{"self":[{"href":"https:\/\/www.europesays.com\/fr\/wp-json\/wp\/v2\/posts\/571151","targetHints":{"allow":["GET"]}}],"collection":[{"href":"https:\/\/www.europesays.com\/fr\/wp-json\/wp\/v2\/posts"}],"about":[{"href":"https:\/\/www.europesays.com\/fr\/wp-json\/wp\/v2\/types\/post"}],"author":[{"embeddable":true,"href":"https:\/\/www.europesays.com\/fr\/wp-json\/wp\/v2\/users\/2"}],"replies":[{"embeddable":true,"href":"https:\/\/www.europesays.com\/fr\/wp-json\/wp\/v2\/comments?post=571151"}],"version-history":[{"count":0,"href":"https:\/\/www.europesays.com\/fr\/wp-json\/wp\/v2\/posts\/571151\/revisions"}],"wp:featuredmedia":[{"embeddable":true,"href":"https:\/\/www.europesays.com\/fr\/wp-json\/wp\/v2\/media\/117178"}],"wp:attachment":[{"href":"https:\/\/www.europesays.com\/fr\/wp-json\/wp\/v2\/media?parent=571151"}],"wp:term":[{"taxonomy":"category","embeddable":true,"href":"https:\/\/www.europesays.com\/fr\/wp-json\/wp\/v2\/categories?post=571151"},{"taxonomy":"post_tag","embeddable":true,"href":"https:\/\/www.europesays.com\/fr\/wp-json\/wp\/v2\/tags?post=571151"}],"curies":[{"name":"wp","href":"https:\/\/api.w.org\/{rel}","templated":true}]}}