{"id":571152,"date":"2025-12-01T15:05:14","date_gmt":"2025-12-01T15:05:14","guid":{"rendered":"https:\/\/www.europesays.com\/fr\/571152\/"},"modified":"2025-12-01T15:05:14","modified_gmt":"2025-12-01T15:05:14","slug":"martine-vassal-provoque-la-colere-de-ses-soutiens-en-restant-ambigue-sur-une-alliance-avec-le-rn","status":"publish","type":"post","link":"https:\/\/www.europesays.com\/fr\/571152\/","title":{"rendered":"Martine Vassal provoque la col\u00e8re de ses soutiens en restant ambigu\u00eb sur une alliance avec le RN"},"content":{"rendered":"<p>                     <img loading=\"lazy\" decoding=\"async\" src=\"https:\/\/www.europesays.com\/fr\/wp-content\/uploads\/2025\/12\/db33a95_upload-1-vonear400qug-000-84me87q.jpg\" alt=\"La pr\u00e9sidente du conseil d\u00e9partemental des Bouches-du-Rh\u00f4ne, Martine Vassal, devant la pr\u00e9fecture des Bouches-du-Rh\u00f4ne, \u00e0 Marseille, le 20\u00a0novembre 2025.\"   width=\"664\" height=\"443\"\/>    La pr\u00e9sidente du conseil d\u00e9partemental des Bouches-du-Rh\u00f4ne, Martine Vassal, devant la pr\u00e9fecture des Bouches-du-Rh\u00f4ne, \u00e0 Marseille, le 20\u00a0novembre 2025.  CLEMENT MAHOUDEAU\/AFP                 <\/p>\n<p class=\"article__paragraph  \">Moins d\u2019un mois apr\u00e8s avoir \u00e9t\u00e9 officiellement investie par Renaissance, l<a href=\"https:\/\/www.lemonde.fr\/politique\/article\/2025\/09\/13\/municipales-a-marseille-martine-vassal-officialise-sa-candidature_6640867_823448.html\" target=\"_blank\" rel=\"noopener\" title=\"Nouvelle fen\u00eatre\">a candidate divers droite \u00e0 la mairie de Marseille Martine Vassal<\/a> a provoqu\u00e9 une temp\u00eate parmi ses alli\u00e9s macronistes. La faute \u00e0 une petite phrase prononc\u00e9e lundi 1er\u00a0d\u00e9cembre, \u00e0 la fin d\u2019une interview <a href=\"https:\/\/www.sudradio.fr\/linvite-politique\/martine-vassal-on-nest-pas-en-securite-dans-le-centre-ville-de-marseille\" target=\"_blank\" rel=\"noopener\" title=\"Nouvelle fen\u00eatre\">sur Sud Radio<\/a>, laissant la porte ouverte \u00e0 une alliance avec le Rassemblement national (RN).<\/p>\n<p class=\"article__paragraph  \">Press\u00e9e de questions par le journaliste Jean-Fran\u00e7ois Achilli sur un potentiel accord programmatique avec le RN au second tour, la pr\u00e9sidente du d\u00e9partement des Bouches-du-Rh\u00f4ne et de la m\u00e9tropole Aix-Marseille a finalement r\u00e9pondu\u00a0: \u00ab\u00a0On verra \u00e0 ce moment-l\u00e0.\u00a0\u00bb Une ambigu\u00eft\u00e9 qui a fait bondir ses soutiens dans le parti macroniste et ravi le d\u00e9put\u00e9 Franck Allisio, candidat du parti d\u2019extr\u00eame droite \u00e0 Marseille.<\/p>\n<p class=\"article__paragraph  \">Hasard du calendrier, une partie de la classe politique locale \u00e9tait r\u00e9unie en fin de matin\u00e9e lundi 1er\u00a0d\u00e9cembre, \u00e0 la pr\u00e9fecture des Bouches-du-Rh\u00f4ne, pour l\u2019intronisation du nouveau pr\u00e9fet de la r\u00e9gion Provence-Alpes-C\u00f4te d\u2019Azur. Et se montrait plus int\u00e9ress\u00e9e par les cons\u00e9quences de l\u2019interview de Mme Vassal que par le discours du pr\u00e9fet Jacques Witkowski. L\u2019ex-secr\u00e9taire d\u2019Etat \u00e0 la Ville Sabrina Agresti-Roubache, soutien historique du pr\u00e9sident Emmanuel Macron, bouillonnait.<\/p>\n<p class=\"reading-mode-only \"><strong>Il vous reste 75.21% de cet article \u00e0 lire. La suite est r\u00e9serv\u00e9e aux abonn\u00e9s.<\/strong><\/p>\n","protected":false},"excerpt":{"rendered":"La pr\u00e9sidente du conseil d\u00e9partemental des Bouches-du-Rh\u00f4ne, Martine Vassal, devant la pr\u00e9fecture des Bouches-du-Rh\u00f4ne, \u00e0 Marseille, le 20\u00a0novembre&hellip;\n","protected":false},"author":2,"featured_media":571153,"comment_status":"","ping_status":"","sticky":false,"template":"","format":"standard","meta":{"footnotes":""},"categories":[2814],"tags":[1111,11,1777,674,1011,27,884,12,882,25],"class_list":{"0":"post-571152","1":"post","2":"type-post","3":"status-publish","4":"format-standard","5":"has-post-thumbnail","7":"category-marseille","8":"tag-actu","9":"tag-actualites","10":"tag-eu","11":"tag-europe","12":"tag-fr","13":"tag-france","14":"tag-marseille","15":"tag-news","16":"tag-provence-alpes-cote-dazur","17":"tag-republique-francaise"},"share_on_mastodon":{"url":"https:\/\/pubeurope.com\/@fr\/115644932937315606","error":""},"_links":{"self":[{"href":"https:\/\/www.europesays.com\/fr\/wp-json\/wp\/v2\/posts\/571152","targetHints":{"allow":["GET"]}}],"collection":[{"href":"https:\/\/www.europesays.com\/fr\/wp-json\/wp\/v2\/posts"}],"about":[{"href":"https:\/\/www.europesays.com\/fr\/wp-json\/wp\/v2\/types\/post"}],"author":[{"embeddable":true,"href":"https:\/\/www.europesays.com\/fr\/wp-json\/wp\/v2\/users\/2"}],"replies":[{"embeddable":true,"href":"https:\/\/www.europesays.com\/fr\/wp-json\/wp\/v2\/comments?post=571152"}],"version-history":[{"count":0,"href":"https:\/\/www.europesays.com\/fr\/wp-json\/wp\/v2\/posts\/571152\/revisions"}],"wp:featuredmedia":[{"embeddable":true,"href":"https:\/\/www.europesays.com\/fr\/wp-json\/wp\/v2\/media\/571153"}],"wp:attachment":[{"href":"https:\/\/www.europesays.com\/fr\/wp-json\/wp\/v2\/media?parent=571152"}],"wp:term":[{"taxonomy":"category","embeddable":true,"href":"https:\/\/www.europesays.com\/fr\/wp-json\/wp\/v2\/categories?post=571152"},{"taxonomy":"post_tag","embeddable":true,"href":"https:\/\/www.europesays.com\/fr\/wp-json\/wp\/v2\/tags?post=571152"}],"curies":[{"name":"wp","href":"https:\/\/api.w.org\/{rel}","templated":true}]}}