{"id":571154,"date":"2025-12-01T15:06:11","date_gmt":"2025-12-01T15:06:11","guid":{"rendered":"https:\/\/www.europesays.com\/fr\/571154\/"},"modified":"2025-12-01T15:06:11","modified_gmt":"2025-12-01T15:06:11","slug":"preparez-votre-soiree-avec-notre-carte-des-illuminations","status":"publish","type":"post","link":"https:\/\/www.europesays.com\/fr\/571154\/","title":{"rendered":"pr\u00e9parez votre soir\u00e9e avec notre carte des illuminations"},"content":{"rendered":"<p>                    Par<br \/>\n        <strong><br \/>\n            <a href=\"https:\/\/actu.fr\/auteur\/theo-zuili\" title=\"Consulter tous les articles de Th\u00e9o Zuili\" target=\"_blank\" rel=\"noopener\">Th\u00e9o Zuili<\/a><br \/>\n                    <\/strong><\/p>\n<p>        Publi\u00e9 le<\/p>\n<p>            1 d\u00e9c. 2025 \u00e0 16h00        <\/p>\n<p>Le lancement de l\u2019\u00e9dition 2025 de la <a href=\"https:\/\/actu.fr\/tag\/fete-des-lumieres-de-lyon\" target=\"_blank\" rel=\"noopener\">F\u00eate des Lumi\u00e8res<\/a> approche \u00e0 grands pas ! La ville de <a href=\"https:\/\/actu.fr\/auvergne-rhone-alpes\/lyon_69123\" target=\"_blank\" rel=\"noopener\">Lyon<\/a> s\u2019illuminera <strong>avec 23 illuminations<\/strong> et un p\u00e9rim\u00e8tre moins ambitieux que les ann\u00e9es pr\u00e9c\u00e9dentes pour ces festivit\u00e9s cultes dont l\u2019acc\u00e8s est gratuit.<br \/>Il peut \u00eatre difficile de s\u2019y retrouver sans utiliser de plan : si des agents de la Ville (reconnaissables \u00e0 leurs ballons bleus lumineux) peuvent vous aider le soir m\u00eame, actu Lyon vous propose<strong> une carte interactive<\/strong> pour vous guider \u00e0 travers les illuminations incontournables de l\u2019\u00e9dition 2025 et ses nouveaut\u00e9s.<\/p>\n<p>Carte interactive de la F\u00eate des Lumi\u00e8res 2025 \u00e0 Lyon<\/p>\n<p class=\" wall-content\">Retrouvez ci-dessous notre carte interactive et naviguez entre les diff\u00e9rents points, symbolis\u00e9s par <strong>des symboles de lions bleus<\/strong> : il s\u2019agit des emplacements <a href=\"https:\/\/actu.fr\/auvergne-rhone-alpes\/lyon_69123\/fete-des-lumieres-2025-a-lyon-decouvrez-le-programme-complet-des-illuminations_63395646.html\" target=\"_blank\" rel=\"noopener\">des 23 illuminations<\/a> dispers\u00e9es \u00e0 Lyon lors de la F\u00eate des Lumi\u00e8res.<\/p>\n<p>    <a href=\"https:\/\/www.google.com\/maps\/d\/u\/0\/embed?mid=1jguEG35Pd_h8WoKsp305nUi1io5lzhs7&amp;ehbc=2E312F\" title=\"Ouvrie le lien\" target=\"_blank\" rel=\"noopener\">Cliquez ici pour visualiser le contenu<\/a><\/p>\n<p>Pour afficher la carte en grand ou mieux interagir avec,\u00a0<a href=\"https:\/\/www.google.com\/maps\/d\/u\/0\/edit?mid=1jguEG35Pd_h8WoKsp305nUi1io5lzhs7&amp;usp=sharing\" target=\"_blank\" rel=\"noopener\">cliquez ici<\/a>.<\/p>\n<p class=\" wall-content\">S\u00e9lectionnez un point sur cette carte pour d\u00e9couvrir une \u0153uvre, accompagn\u00e9e de la description r\u00e9alis\u00e9e par la Ville et d\u2019une photo pour savoir \u00e0 quoi s\u2019attendre et lesquelles sont susceptibles de vous int\u00e9resser.<\/p>\n<p>Vous ne savez pas o\u00f9 aller ?\u00a0<\/p>\n<p class=\" wall-content\">Entre les illuminations pr\u00e9vues en <a href=\"https:\/\/actu.fr\/tag\/presqu-ile\" target=\"_blank\" rel=\"noopener\">Presqu\u2019\u00eele<\/a>, au Parc de la T\u00eate d\u2019Or, \u00e0 <a href=\"https:\/\/actu.fr\/tag\/vieux-lyon\" target=\"_blank\" rel=\"noopener\">Vieux-Lyon<\/a>, Fourvi\u00e8re ou Terreaux, il est difficile de tout d\u00e9couvrir le m\u00eame soir. N\u2019h\u00e9sitez pas \u00e0 pr\u00e9voir votre d\u00e9ambulation en \u00e9laborant votre parcours !<\/p>\n<p>Votre r\u00e9gion, votre actu !<\/p>\n<p>Recevez chaque jour les infos qui comptent pour vous.<\/p>\n<p>\t<a href=\"https:\/\/actu.fr\/newsletter\" class=\"ac-btn ac-btn--corner ac-btn--medium ac-btn--blue800\" target=\"_blank\" rel=\"noopener\">S&rsquo;incrire<\/a><\/p>\n<p class=\" wall-content\">Si vous n\u2019avez aucune id\u00e9e de quelles \u0153uvres ne surtout pas manquer, nous vous conseillons <strong>en priorit\u00e9 de passer par la place des Jacobins<\/strong> (pour l\u2019ambiance magique des Lumignons du C\u0153ur), Fourvi\u00e8re et Saint-Jean (<a href=\"https:\/\/actu.fr\/auvergne-rhone-alpes\/lyon_69123\/fete-des-lumieres-a-lyon-la-basilique-de-fourviere-a-nouveau-illuminee-par-un-sublime-spectacle_63438786.html\" target=\"_blank\" rel=\"noopener\">pour deux spectacles de mapping d\u2019excellence<\/a>) et T\u00eate d\u2019Or (<a href=\"https:\/\/actu.fr\/auvergne-rhone-alpes\/lyon_69123\/fete-des-lumieres-2025-a-lyon-une-enorme-surprise-au-parc-de-la-tete-d-or_63396504.html\" target=\"_blank\" rel=\"noopener\">pour le nouveau show de drones<\/a>).<\/p>\n<p class=\" wall-content\">Un stand de restauration est pr\u00e9vu \u00e0 Bellecour, <a href=\"https:\/\/actu.fr\/auvergne-rhone-alpes\/lyon_69123\/fete-des-lumieres-a-lyon-triste-pourquoi-la-place-bellecour-est-privee-d-illuminations_63399252.html\" target=\"_blank\" rel=\"noopener\">place d\u00e9pourvue d\u2019\u0153uvre cette ann\u00e9e<\/a>. L\u2019acc\u00e8s au parc de la T\u00eate d\u2019Or s\u2019effectue via le boulevard des Belges, par la Porte T\u00eate d\u2019Or (situ\u00e9e face \u00e0 la rue T\u00eate d\u2019Or). La Porte des Enfants du Rh\u00f4ne est uniquement r\u00e9serv\u00e9e aux personnes en situation de handicap.<\/p>\n<p class=\" wall-content\">Pas de craintes, si vous manquez une \u0153uvre : notre r\u00e9daction sera <strong>en direct toute la soir\u00e9e<\/strong> d\u2019inauguration \u00e0 travers la ville !<\/p>\n<p class=\" wall-content\">Personnalisez votre actualit\u00e9 en ajoutant vos villes et m\u00e9dias en favori avec <a href=\"https:\/\/moncompte.actu.fr\" title=\"D\u00e9couvez Mon Actu\" rel=\"nofollow noopener\" data-trk=\"{&quot;cta&quot;:{&quot;action&quot;:&quot;https:\\\/\\\/moncompte.actu.fr&quot;,&quot;category&quot;:&quot;mon compte&quot;,&quot;from&quot;:&quot;article footer&quot;,&quot;name&quot;:&quot;Mon actu&quot;,&quot;type&quot;:&quot;cta&quot;}}\" target=\"_blank\">Mon Actu<\/a>.<\/p>\n","protected":false},"excerpt":{"rendered":"Par Th\u00e9o Zuili Publi\u00e9 le 1 d\u00e9c. 2025 \u00e0 16h00 Le lancement de l\u2019\u00e9dition 2025 de la F\u00eate&hellip;\n","protected":false},"author":2,"featured_media":571155,"comment_status":"","ping_status":"","sticky":false,"template":"","format":"standard","meta":{"footnotes":""},"categories":[1889],"tags":[1111,11,2430,1777,674,48837,1011,27,1652,2428,12,25],"class_list":{"0":"post-571154","1":"post","2":"type-post","3":"status-publish","4":"format-standard","5":"has-post-thumbnail","7":"category-lyon","8":"tag-actu","9":"tag-actualites","10":"tag-auvergne-rhone-alpes","11":"tag-eu","12":"tag-europe","13":"tag-fete-des-lumieres-de-lyon","14":"tag-fr","15":"tag-france","16":"tag-loisirs-culture","17":"tag-lyon","18":"tag-news","19":"tag-republique-francaise"},"share_on_mastodon":{"url":"https:\/\/pubeurope.com\/@fr\/115644936020586846","error":""},"_links":{"self":[{"href":"https:\/\/www.europesays.com\/fr\/wp-json\/wp\/v2\/posts\/571154","targetHints":{"allow":["GET"]}}],"collection":[{"href":"https:\/\/www.europesays.com\/fr\/wp-json\/wp\/v2\/posts"}],"about":[{"href":"https:\/\/www.europesays.com\/fr\/wp-json\/wp\/v2\/types\/post"}],"author":[{"embeddable":true,"href":"https:\/\/www.europesays.com\/fr\/wp-json\/wp\/v2\/users\/2"}],"replies":[{"embeddable":true,"href":"https:\/\/www.europesays.com\/fr\/wp-json\/wp\/v2\/comments?post=571154"}],"version-history":[{"count":0,"href":"https:\/\/www.europesays.com\/fr\/wp-json\/wp\/v2\/posts\/571154\/revisions"}],"wp:featuredmedia":[{"embeddable":true,"href":"https:\/\/www.europesays.com\/fr\/wp-json\/wp\/v2\/media\/571155"}],"wp:attachment":[{"href":"https:\/\/www.europesays.com\/fr\/wp-json\/wp\/v2\/media?parent=571154"}],"wp:term":[{"taxonomy":"category","embeddable":true,"href":"https:\/\/www.europesays.com\/fr\/wp-json\/wp\/v2\/categories?post=571154"},{"taxonomy":"post_tag","embeddable":true,"href":"https:\/\/www.europesays.com\/fr\/wp-json\/wp\/v2\/tags?post=571154"}],"curies":[{"name":"wp","href":"https:\/\/api.w.org\/{rel}","templated":true}]}}