{"id":571156,"date":"2025-12-01T15:07:12","date_gmt":"2025-12-01T15:07:12","guid":{"rendered":"https:\/\/www.europesays.com\/fr\/571156\/"},"modified":"2025-12-01T15:07:12","modified_gmt":"2025-12-01T15:07:12","slug":"on-attend-beaucoup-de-monde-au-parc-de-la-tete-dor","status":"publish","type":"post","link":"https:\/\/www.europesays.com\/fr\/571156\/","title":{"rendered":"\u00ab\u00a0On attend beaucoup de monde\u00a0\u00bb au parc de la T\u00eate d&rsquo;Or"},"content":{"rendered":"<p>                    Par<br \/>\n        <strong><br \/>\n            <a href=\"https:\/\/actu.fr\/auteur\/anthony-soudani\" title=\"Consulter tous les articles de Anthony Soudani\" target=\"_blank\" rel=\"noopener\">Anthony Soudani<\/a><br \/>\n                    <\/strong><\/p>\n<p>        Publi\u00e9 le<\/p>\n<p>            1 d\u00e9c. 2025 \u00e0 15h52        <\/p>\n<p>La mairie de <a href=\"https:\/\/actu.fr\/auvergne-rhone-alpes\/lyon_69123\" target=\"_blank\" rel=\"noopener\">Lyon<\/a> et la pr\u00e9fecture du Rh\u00f4ne ont conjointement fait le point sur le dispositif de s\u00e9curit\u00e9 pour la <a href=\"https:\/\/actu.fr\/auvergne-rhone-alpes\/lyon_69123\/lyon-fete-des-lumieres-2025-les-dates-et-les-horaires-complets-avec-du-changement_63494023.html\" target=\"_blank\" rel=\"noopener\">F\u00eate des Lumi\u00e8res 2025<\/a> qui se tient du vendredi 5 au lundi 8 d\u00e9cembre. Deux p\u00e9rim\u00e8tres sont d\u00e9finis : la<strong> Presqu\u2019\u00eele<\/strong>, des pentes au sud de Bellecour, ainsi que le <strong>Vieux-Lyon<\/strong>, et le parc de la <strong>T\u00eate d\u2019Or<\/strong>. Ce dernier fait l\u2019objet d\u2019une attention particuli\u00e8re cette ann\u00e9e.<\/p>\n<p>Une seule entr\u00e9e pour le spectacle de drones<\/p>\n<p class=\" wall-content\"><a href=\"https:\/\/actu.fr\/auvergne-rhone-alpes\/lyon_69123\/fete-des-lumieres-2025-a-lyon-une-enorme-surprise-au-parc-de-la-tete-d-or_63396504.html\" target=\"_blank\" rel=\"noopener\">Un spectacle de drones<\/a> in\u00e9dit est pr\u00e9vu dans le plus grand espace vert de la ville. Pas moins de 500 drones offriront un show lumineux dans le ciel du parc de la T\u00eate d\u2019Or pendant environ une dizaine de minutes. Un temps d\u2019attente de trente minutes est estim\u00e9e entre chaque repr\u00e9sentation. Il faudra donc faire patienter la foule et bien g\u00e9rer les flux.\u00a0<\/p>\n<p class=\" wall-content\">Mohamed Chihi, adjoint d\u00e9l\u00e9gu\u00e9 \u00e0 la S\u00e9curit\u00e9 aupr\u00e8s du maire de Lyon, <a href=\"https:\/\/actu.fr\/auvergne-rhone-alpes\/lyon_69123\/lyon-la-police-municipale-part-au-clash-avec-gregory-doucet-sur-ces-sujets-sensibles_63485643.html\" target=\"_blank\" rel=\"noopener\">Gr\u00e9gory Doucet<\/a>, explique \u00e0 la r\u00e9daction d\u2019actu Lyon comment l\u2019organisation mise en place doit permettre la meilleure fluidit\u00e9 possible alors que deux millions de personnes sont attendues \u00e0 la F\u00eate des Lumi\u00e8res.<\/p>\n<p class=\" wall-content\">\u00ab\u00a0Il y aura une seule entr\u00e9e du parc, au niveau de la porte de la T\u00eate d\u2019Or. <strong>La file d\u2019attente commencera depuis cette entr\u00e9e<\/strong> et ira jusqu\u2019\u00e0 cette animation\u00a0\u00bb, explique l\u2019adjoint.<\/p>\n<p class=\" wall-content\">\u00ab\u00a0On attend beaucoup de monde. On sait que les animations du parc de la T\u00eate d\u2019Or ont toujours beaucoup de succ\u00e8s et attirent toujours de nombreux visiteurs. Par cons\u00e9quent, on a fait en sorte de mettre la file d\u2019attente le plus possible \u00e0 l\u2019int\u00e9rieur du parc pour que les personnes soient en <strong>s\u00e9curit\u00e9 \u00e0 l\u2019int\u00e9rieur<\/strong> du parc et non sur la voie publique\u00a0\u00bb.<\/p>\n<p>En cas de forte affluence, le boulevard des Belges coup\u00e9<\/p>\n<p class=\" wall-content\">En cas de trop forte affluence, les autorit\u00e9s et la mairie de Lyon ont anticip\u00e9 cette ann\u00e9e. Il y a deux ans, la file d\u2019attente avait d\u00e9bord\u00e9 dans les rues, \u00e0 l\u2019ext\u00e9rieur du parc. De quoi en tirer des le\u00e7ons pour cette \u00e9dition.\u00a0<\/p>\n<p>Votre r\u00e9gion, votre actu !<\/p>\n<p>Recevez chaque jour les infos qui comptent pour vous.<\/p>\n<p>\t<a href=\"https:\/\/actu.fr\/newsletter\" class=\"ac-btn ac-btn--corner ac-btn--medium ac-btn--blue800\" target=\"_blank\" rel=\"noopener\">S&rsquo;incrire<\/a><\/p>\n<p class=\" wall-content\">\u00ab\u00a0Si nous devions constater qu\u2019il y a \u00e9norm\u00e9ment de monde, on a pr\u00e9vu de <strong>bloquer la circulation des v\u00e9hicules boulevard des Belges<\/strong> sur les abords imm\u00e9diats du parc de la T\u00eate d\u2019Or\u00a0\u00bb, affirme l\u2019\u00e9lu.<\/p>\n<p class=\" wall-content\">\u00c0 noter qu\u2019<strong>en cas de mauvaises conditions m\u00e9t\u00e9orologiques, le spectacle de drones sera annul\u00e9<\/strong>. \u00ab\u00a0Cela sera communiqu\u00e9 suffisamment en amont si c\u2019est le cas\u00a0\u00bb, assure Mohamed Chihi.<\/p>\n<p>Le parc de la T\u00eate d&rsquo;Or enti\u00e8rement \u00e9vacu\u00e9 l&rsquo;apr\u00e8s-midi<\/p>\n<p>Derni\u00e8res entr\u00e9es dans le parc \u00e0 22h les 5, 6 et 8 d\u00e9cembre et \u00e0 21h le 7 d\u00e9cembre.<br \/>Attention : le parc de la T\u00eate d&rsquo;or est enti\u00e8rement \u00e9vacu\u00e9 de tout public \u00e0 15h30 les 4, 5, 6 et 8 d\u00e9cembre et \u00e0 14h30 le 7 d\u00e9cembre.<\/p>\n<p>La s\u00e9curit\u00e9 renforc\u00e9e dans le p\u00e9rim\u00e8tre<\/p>\n<p class=\" wall-content\">Au total,<strong> 500 policiers nationaux, 200 policiers municipaux<\/strong>, 420 agents de s\u00e9curit\u00e9 municipaux et 122 pompiers seront mobilis\u00e9s sur l\u2019ensemble du dispositif de s\u00e9curit\u00e9 de la F\u00eate des Lumi\u00e8res. Les militaires de la mission sentinelle seront aussi pr\u00e9sents avec sept sections qui s\u00e9curiseront les ponts et la p\u00e9riph\u00e9rie.<\/p>\n<p class=\" wall-content\">Du c\u00f4t\u00e9 des <a href=\"https:\/\/actu.fr\/tag\/transports-en-commun-lyonnais-tcl\" target=\"_blank\" rel=\"noopener\">TCL<\/a>, 350 agents assureront la s\u00e9curit\u00e9 des visiteurs.<\/p>\n<p class=\" wall-content\">Cependant, une <a href=\"https:\/\/actu.fr\/auvergne-rhone-alpes\/lyon_69123\/lyon-la-police-municipale-part-au-clash-avec-gregory-doucet-sur-ces-sujets-sensibles_63485643.html\" target=\"_blank\" rel=\"noopener\">gr\u00e8ve des policiers municipaux<\/a> et des sapeurs-pompiers menace cette \u00e9dition compte tenu d\u2019un contexte socio-\u00e9conomique tr\u00e8s tendu.<\/p>\n<p class=\" wall-content\">Personnalisez votre actualit\u00e9 en ajoutant vos villes et m\u00e9dias en favori avec <a href=\"https:\/\/moncompte.actu.fr\" title=\"D\u00e9couvez Mon Actu\" rel=\"nofollow noopener\" data-trk=\"{&quot;cta&quot;:{&quot;action&quot;:&quot;https:\\\/\\\/moncompte.actu.fr&quot;,&quot;category&quot;:&quot;mon compte&quot;,&quot;from&quot;:&quot;article footer&quot;,&quot;name&quot;:&quot;Mon actu&quot;,&quot;type&quot;:&quot;cta&quot;}}\" target=\"_blank\">Mon Actu<\/a>.<\/p>\n","protected":false},"excerpt":{"rendered":"Par Anthony Soudani Publi\u00e9 le 1 d\u00e9c. 2025 \u00e0 15h52 La mairie de Lyon et la pr\u00e9fecture du&hellip;\n","protected":false},"author":2,"featured_media":571157,"comment_status":"","ping_status":"","sticky":false,"template":"","format":"standard","meta":{"footnotes":""},"categories":[1889],"tags":[1111,11,2430,1777,674,48837,1011,27,2428,12,13760,25,104],"class_list":{"0":"post-571156","1":"post","2":"type-post","3":"status-publish","4":"format-standard","5":"has-post-thumbnail","7":"category-lyon","8":"tag-actu","9":"tag-actualites","10":"tag-auvergne-rhone-alpes","11":"tag-eu","12":"tag-europe","13":"tag-fete-des-lumieres-de-lyon","14":"tag-fr","15":"tag-france","16":"tag-lyon","17":"tag-news","18":"tag-parc-de-la-tete-dor","19":"tag-republique-francaise","20":"tag-societe"},"share_on_mastodon":{"url":"https:\/\/pubeurope.com\/@fr\/115644939818409818","error":""},"_links":{"self":[{"href":"https:\/\/www.europesays.com\/fr\/wp-json\/wp\/v2\/posts\/571156","targetHints":{"allow":["GET"]}}],"collection":[{"href":"https:\/\/www.europesays.com\/fr\/wp-json\/wp\/v2\/posts"}],"about":[{"href":"https:\/\/www.europesays.com\/fr\/wp-json\/wp\/v2\/types\/post"}],"author":[{"embeddable":true,"href":"https:\/\/www.europesays.com\/fr\/wp-json\/wp\/v2\/users\/2"}],"replies":[{"embeddable":true,"href":"https:\/\/www.europesays.com\/fr\/wp-json\/wp\/v2\/comments?post=571156"}],"version-history":[{"count":0,"href":"https:\/\/www.europesays.com\/fr\/wp-json\/wp\/v2\/posts\/571156\/revisions"}],"wp:featuredmedia":[{"embeddable":true,"href":"https:\/\/www.europesays.com\/fr\/wp-json\/wp\/v2\/media\/571157"}],"wp:attachment":[{"href":"https:\/\/www.europesays.com\/fr\/wp-json\/wp\/v2\/media?parent=571156"}],"wp:term":[{"taxonomy":"category","embeddable":true,"href":"https:\/\/www.europesays.com\/fr\/wp-json\/wp\/v2\/categories?post=571156"},{"taxonomy":"post_tag","embeddable":true,"href":"https:\/\/www.europesays.com\/fr\/wp-json\/wp\/v2\/tags?post=571156"}],"curies":[{"name":"wp","href":"https:\/\/api.w.org\/{rel}","templated":true}]}}