{"id":571158,"date":"2025-12-01T15:09:11","date_gmt":"2025-12-01T15:09:11","guid":{"rendered":"https:\/\/www.europesays.com\/fr\/571158\/"},"modified":"2025-12-01T15:09:11","modified_gmt":"2025-12-01T15:09:11","slug":"ce-virus-touche-pres-de-4000-personnes-sans-quelles-le-sachent-lars-renforce-ses-actions","status":"publish","type":"post","link":"https:\/\/www.europesays.com\/fr\/571158\/","title":{"rendered":"ce virus touche pr\u00e8s de 4000 personnes sans qu&rsquo;elles le sachent, l&rsquo;ARS renforce ses actions"},"content":{"rendered":"<p>                    Par<br \/>\n        <strong><br \/>\n            <a href=\"https:\/\/actu.fr\/auteur\/redaction-paris\" title=\"Consulter tous les articles de R\u00e9daction Paris\" target=\"_blank\" rel=\"noopener\">R\u00e9daction Paris<\/a><br \/>\n                    <\/strong><\/p>\n<p>        Publi\u00e9 le<\/p>\n<p>            1 d\u00e9c. 2025 \u00e0 16h02        <\/p>\n<p>Les chiffres ont de quoi alerter : selon les estimations de Sant\u00e9 publique France, l\u2019\u00cele-de-France concentre <strong>40 % des cas de VIH<\/strong> en France, alors qu\u2019elle ne repr\u00e9sente que 18 % de la population. En 2024, environ 3 940 Franciliens ignoraient leur s\u00e9ropositivit\u00e9. C\u2019est en partant de ce constat que l\u2019ANRS et l\u2019ARS pr\u00e9sentent, \u00e0 l\u2019occasion de la Journ\u00e9e mondiale de lutte contre le VIH, les actions du programme \u00ab VIH Z\u00e9ro en \u00cele-de-France en 2030 \u00bb.<\/p>\n<p>Le d\u00e9pistage encore trop tardif<\/p>\n<p class=\" wall-content\">Le but est simple : \u00ab\u00a0atteindre, d\u2019ici 2030, l\u2019\u00e9limination de la <strong>transmission du VIH<\/strong> dans la r\u00e9gion en agissant sur les disparit\u00e9s sociales et territoriales\u00a0\u00bb, d\u00e9taille l\u2019Agence nationale de recherches sur le sida (ANRS). Trois axes principaux ont \u00e9t\u00e9 d\u00e9finis : d\u00e9pister, renforcer l\u2019acc\u00e8s \u00e0 l\u2019information et \u00e9tendre l\u2019acc\u00e8s \u00e0 la prophylaxie pr\u00e9-exposition (PrEP).<\/p>\n<p class=\" wall-content\">\u00ab\u00a0Pierre angulaire de la r\u00e9ponse au VIH\u00a0\u00bb, le d\u00e9pistage pr\u00e9coce reste encore trop tardif. Un retard qui \u00ab\u00a0alourdit le poids de l\u2019\u00e9pid\u00e9mie, tant collectivement (risque de transmission) qu\u2019individuellement (retard de prise en charge th\u00e9rapeutique)\u00a0\u00bb, d\u00e9plore l\u2019ANRS. Une <strong>carte<\/strong> r\u00e9pertoriant les lieux de d\u00e9pistage (horaires, prestations, publics cibl\u00e9s) sera prochainement mise en ligne.<\/p>\n<p class=\" wall-content\">Deuxi\u00e8me axe de cette vaste campagne : <strong>mieux informer<\/strong> sur le virus. Des rencontres avec les collectivit\u00e9s et d\u2019autres institutions vont \u00eatre mises en place \u00ab\u00a0afin de d\u00e9velopper des interventions adapt\u00e9es aux r\u00e9alit\u00e9s\u00a0\u00bb de chaque territoire.<\/p>\n<p>L\u2019importance de la PrEP<\/p>\n<p class=\" wall-content\">Et enfin, faciliter l\u2019acc\u00e8s \u00e0 la PrEP. Pour rappel, elle s\u2019adresse aux personnes qui n\u2019ont pas le VIH et consiste \u00e0 prendre un m\u00e9dicament afin d\u2019\u00e9viter de se contaminer. Toujours selon les chiffres de l\u2019ANRS, <strong>le nombre d\u2019utilisateurs a augment\u00e9<\/strong> (6 580 utilisateurs de plus entre 2023 et 2024) mais reste concentr\u00e9 chez les hommes vivant \u00e0 Paris et ayant eu des relations sexuelles avec un autre homme.<\/p>\n<p class=\" wall-content\">Les femmes et les jeunes n\u2019ont pas encore suffisamment ce r\u00e9flexe. Plusieurs initiatives ont donc \u00e9t\u00e9 prises, dont la mise en place d\u2019un acc\u00e8s \u00e0 <strong>la PrEP pour les femmes migrantes<\/strong> ou propose proposer le m\u00e9dicament dans les locaux des associations communautaires\u2026<\/p>\n<p class=\" wall-content\">Une carte r\u00e9pertoriant toutes les actions organis\u00e9es par l\u2019ARS \u00cele-de-France est \u00e0 retrouver <a href=\"https:\/\/santegraphie.fr\/mviewer\/?config=apps\/journee_vih.xml\" target=\"_blank\" rel=\"noopener\">ici<\/a>.<\/p>\n<p class=\" wall-content\">Personnalisez votre actualit\u00e9 en ajoutant vos villes et m\u00e9dias en favori avec <a href=\"https:\/\/moncompte.actu.fr\" title=\"D\u00e9couvez Mon Actu\" rel=\"nofollow noopener\" data-trk=\"{&quot;cta&quot;:{&quot;action&quot;:&quot;https:\\\/\\\/moncompte.actu.fr&quot;,&quot;category&quot;:&quot;mon compte&quot;,&quot;from&quot;:&quot;article footer&quot;,&quot;name&quot;:&quot;Mon actu&quot;,&quot;type&quot;:&quot;cta&quot;}}\" target=\"_blank\">Mon Actu<\/a>.<\/p>\n","protected":false},"excerpt":{"rendered":"Par R\u00e9daction Paris Publi\u00e9 le 1 d\u00e9c. 2025 \u00e0 16h02 Les chiffres ont de quoi alerter : selon&hellip;\n","protected":false},"author":2,"featured_media":571159,"comment_status":"","ping_status":"","sticky":false,"template":"","format":"standard","meta":{"footnotes":""},"categories":[1592],"tags":[1111,11,1777,674,1011,27,662,12,626,25,71,104],"class_list":{"0":"post-571158","1":"post","2":"type-post","3":"status-publish","4":"format-standard","5":"has-post-thumbnail","7":"category-ile-de-france","8":"tag-actu","9":"tag-actualites","10":"tag-eu","11":"tag-europe","12":"tag-fr","13":"tag-france","14":"tag-ile-de-france","15":"tag-news","16":"tag-paris","17":"tag-republique-francaise","18":"tag-sante","19":"tag-societe"},"share_on_mastodon":{"url":"https:\/\/pubeurope.com\/@fr\/115644947695293634","error":""},"_links":{"self":[{"href":"https:\/\/www.europesays.com\/fr\/wp-json\/wp\/v2\/posts\/571158","targetHints":{"allow":["GET"]}}],"collection":[{"href":"https:\/\/www.europesays.com\/fr\/wp-json\/wp\/v2\/posts"}],"about":[{"href":"https:\/\/www.europesays.com\/fr\/wp-json\/wp\/v2\/types\/post"}],"author":[{"embeddable":true,"href":"https:\/\/www.europesays.com\/fr\/wp-json\/wp\/v2\/users\/2"}],"replies":[{"embeddable":true,"href":"https:\/\/www.europesays.com\/fr\/wp-json\/wp\/v2\/comments?post=571158"}],"version-history":[{"count":0,"href":"https:\/\/www.europesays.com\/fr\/wp-json\/wp\/v2\/posts\/571158\/revisions"}],"wp:featuredmedia":[{"embeddable":true,"href":"https:\/\/www.europesays.com\/fr\/wp-json\/wp\/v2\/media\/571159"}],"wp:attachment":[{"href":"https:\/\/www.europesays.com\/fr\/wp-json\/wp\/v2\/media?parent=571158"}],"wp:term":[{"taxonomy":"category","embeddable":true,"href":"https:\/\/www.europesays.com\/fr\/wp-json\/wp\/v2\/categories?post=571158"},{"taxonomy":"post_tag","embeddable":true,"href":"https:\/\/www.europesays.com\/fr\/wp-json\/wp\/v2\/tags?post=571158"}],"curies":[{"name":"wp","href":"https:\/\/api.w.org\/{rel}","templated":true}]}}