{"id":57116,"date":"2025-04-27T15:33:04","date_gmt":"2025-04-27T15:33:04","guid":{"rendered":"https:\/\/www.europesays.com\/fr\/57116\/"},"modified":"2025-04-27T15:33:04","modified_gmt":"2025-04-27T15:33:04","slug":"cma-cgm-rachete-une-societe-turque-pour-386-millions-deuros","status":"publish","type":"post","link":"https:\/\/www.europesays.com\/fr\/57116\/","title":{"rendered":"CMA CGM rach\u00e8te une soci\u00e9t\u00e9 turque pour 386 millions d\u2019euros"},"content":{"rendered":"<p>La filiale logistique du g\u00e9ant fran\u00e7ais du transport maritime esp\u00e8re renforcer \u00absa position dans un march\u00e9 porteur\u00bb.<\/p>\n<p class=\"fig-paragraph\">Ceva, la filiale logistique du g\u00e9ant fran\u00e7ais du transport maritime\u00a0<a href=\"http:\/\/www.lefigaro.fr\/societes\/rodolphe-saade-si-la-fiscalite-augmente-cma-cgm-sera-moins-en-mesure-d-investir-20241021\" data-fig-type=\"Article\" data-gtm-custom-categorie=\"navigation\" data-gtm-custom-action=\"crossclick\" data-gtm-custom-label=\"Contextuel\" data-gtm-event=\"customEventSPE\" data-fig-domain=\"LEFIGARO\" target=\"_blank\" rel=\"noopener\">CMA CGM<\/a>, a conclu samedi un accord pour l&rsquo;acquisition de Borusan Tedarik, \u00ableader de la logistique\u00bb en Turquie, pour 440 millions de dollars (environ 386 millions d&rsquo;euros). Ceva, qui se revendique num\u00e9ro 5 mondial de la logistique, esp\u00e8re, avec cette acquisition, renforcer \u00absa position en Turquie, un march\u00e9 porteur\u00bb a estim\u00e9 Mathieu Friedberg, directeur g\u00e9n\u00e9ral de Ceva, lors d&rsquo;un rapide point avec des journalistes.<\/p>\n<p class=\"fig-paragraph\">\u00abBorusan Tedarik nous permettra notamment de nous positionner sur le march\u00e9 automobile turc, la Turquie \u00e9tant un grand producteur d&rsquo;automobiles\u00bb a-t-il ajout\u00e9. Borusan Tedarik a r\u00e9alis\u00e9 567 millions de dollars de chiffre d&rsquo;affaires en 2024, et sert, selon Ceva, \u00abune client\u00e8le diversifi\u00e9e\u00bb dans le monde. Avec cette acquisition, quelque 4000 employ\u00e9s de Borusan Tedarik seraient accueillis par Ceva. Le capital de Borusan Tedarik sera acquis par Ceva via un transfert d&rsquo;actions.<\/p>\n<p class=\"fig-paragraph\">CMA CGM avait d\u00e9j\u00e0 finalis\u00e9 en f\u00e9vrier l&rsquo;acquisition de Bollor\u00e9 Logistics pour 4,85 milliards d&rsquo;euros, la plus importante du groupe depuis 1978. Ceva, qui revendique 110.000 collaborateurs, bas\u00e9 \u00e0 Marseille, a r\u00e9alis\u00e9 18,3 milliards de dollars de chiffre d&rsquo;affaires en 2024, ce qui repr\u00e9sente \u00e0 peu pr\u00e8s un tiers du chiffre d&rsquo;affaires de CMA CGM.<\/p>\n","protected":false},"excerpt":{"rendered":"La filiale logistique du g\u00e9ant fran\u00e7ais du transport maritime esp\u00e8re renforcer \u00absa position dans un march\u00e9 porteur\u00bb. Ceva,&hellip;\n","protected":false},"author":2,"featured_media":57117,"comment_status":"","ping_status":"","sticky":false,"template":"","format":"standard","meta":{"footnotes":""},"categories":[6],"tags":[631,627,630,340,398,35,343,15289,634,405,629,636,33,34,632,638,1011,27,637,399,639,635,401,628,3496,633,407],"class_list":{"0":"post-57116","1":"post","2":"type-post","3":"status-publish","4":"format-standard","5":"has-post-thumbnail","7":"category-economie","8":"tag-action","9":"tag-actions-francaise","10":"tag-actualite-bourse","11":"tag-bourse","12":"tag-bourse-de-paris","13":"tag-business","14":"tag-cac-40","15":"tag-cma-cgm","16":"tag-cotation","17":"tag-cotations","18":"tag-cours-des-societes-francaises","19":"tag-devises","20":"tag-economie","21":"tag-economy","22":"tag-fcp","23":"tag-figaro","24":"tag-fr","25":"tag-france","26":"tag-indices","27":"tag-investissement","28":"tag-le-figaro","29":"tag-marches","30":"tag-sicav","31":"tag-societes-etrangeres","32":"tag-turquie","33":"tag-warrant","34":"tag-warrants"},"share_on_mastodon":{"url":"https:\/\/pubeurope.com\/@fr\/114410658444734809","error":""},"_links":{"self":[{"href":"https:\/\/www.europesays.com\/fr\/wp-json\/wp\/v2\/posts\/57116","targetHints":{"allow":["GET"]}}],"collection":[{"href":"https:\/\/www.europesays.com\/fr\/wp-json\/wp\/v2\/posts"}],"about":[{"href":"https:\/\/www.europesays.com\/fr\/wp-json\/wp\/v2\/types\/post"}],"author":[{"embeddable":true,"href":"https:\/\/www.europesays.com\/fr\/wp-json\/wp\/v2\/users\/2"}],"replies":[{"embeddable":true,"href":"https:\/\/www.europesays.com\/fr\/wp-json\/wp\/v2\/comments?post=57116"}],"version-history":[{"count":0,"href":"https:\/\/www.europesays.com\/fr\/wp-json\/wp\/v2\/posts\/57116\/revisions"}],"wp:featuredmedia":[{"embeddable":true,"href":"https:\/\/www.europesays.com\/fr\/wp-json\/wp\/v2\/media\/57117"}],"wp:attachment":[{"href":"https:\/\/www.europesays.com\/fr\/wp-json\/wp\/v2\/media?parent=57116"}],"wp:term":[{"taxonomy":"category","embeddable":true,"href":"https:\/\/www.europesays.com\/fr\/wp-json\/wp\/v2\/categories?post=57116"},{"taxonomy":"post_tag","embeddable":true,"href":"https:\/\/www.europesays.com\/fr\/wp-json\/wp\/v2\/tags?post=57116"}],"curies":[{"name":"wp","href":"https:\/\/api.w.org\/{rel}","templated":true}]}}