{"id":571164,"date":"2025-12-01T15:12:12","date_gmt":"2025-12-01T15:12:12","guid":{"rendered":"https:\/\/www.europesays.com\/fr\/571164\/"},"modified":"2025-12-01T15:12:12","modified_gmt":"2025-12-01T15:12:12","slug":"paris-elue-2eme-meilleure-destination-pour-la-vie-nocturne","status":"publish","type":"post","link":"https:\/\/www.europesays.com\/fr\/571164\/","title":{"rendered":"Paris \u00e9lue 2\u00e8me meilleure destination pour la vie nocturne !"},"content":{"rendered":"\n<p style=\"font-weight: 400;\">Paris est d\u00e9finitivement la ville lumi\u00e8re ! Selon une nouvelle \u00e9tude mondiale r\u00e9alis\u00e9e par la plateforme de divertissement JB, la capitale fran\u00e7aise d\u00e9croche la deuxi\u00e8me place des meilleures villes pour faire la f\u00eate en 2025. Avec ses quartiers branch\u00e9s comme <strong>Pigalle<\/strong>, <strong>Oberkampf<\/strong>, <strong>Le Marais<\/strong> ou encore les <strong>Grands Boulevards<\/strong>, ce classement ne surprend \u00e9videmment personne.<\/p>\n<p style=\"font-weight: 400;\">L\u2019Europe, dont 5 villes sont dans ce Top 10, se distingue par sa densit\u00e9 exceptionnelle de bars et clubs, ses horaires de fermeture tardifs et la diversit\u00e9 de sa sc\u00e8ne nocturne. Avec ces atouts, Paris confirme son statut de premi\u00e8re destination touristique au monde, accueillant en 2024 pr\u00e8s de <strong>36,3 millions de visiteurs<\/strong> dans le Grand Paris. Ici, les touristes n\u2019ont plus qu\u2019\u00e0 ranger les cartes postales et sortir les crop tops et lunettes techno !<\/p>\n<p style=\"font-weight: 400;\">Barcelone, la capitale catalane, reste n\u00e9anmoins la reine incontest\u00e9e de la f\u00eate, avec <strong>plus de 300 bars et pubs<\/strong> pour 100 km\u00b2, des boissons tr\u00e8s abordables et une culture de la f\u00eate qui s\u2019\u00e9tend jusqu\u2019au lever du soleil. Derri\u00e8re ce duo de t\u00eate, l\u2019\u00e9tude JB place plusieurs grandes m\u00e9tropoles dans le top 10 mondial des villes o\u00f9 il fait bon sortir la nuit : Prague, Budapest, Tokyo, S\u00e9oul, Bangkok et Tbilissi la capitale Georgienne.<\/p>\n<p style=\"font-weight: 400;\">L\u2019\u00e9tude souligne \u00e9galement que 60 % des voyageurs choisissent d\u00e9sormais leur <strong>destination en fonction de la vie nocturne<\/strong>, un crit\u00e8re devenu central dans l\u2019attractivit\u00e9 des grandes villes. Avec cette reconnaissance, Paris confirme qu\u2019elle ne brille pas seulement le jour mais aussi la nuit, et que sa r\u00e9putation de ville romantique est peut-\u00eatre li\u00e9e \u00e0 celle de ville festive. Plus qu\u2019une place \u00e0 gravir pour notre capitale afin d\u2019\u00eatre en t\u00eate du classement, ce qui arrivera bient\u00f4t si on compte sur la popularit\u00e9 croissante des clubs de la capitale.\u00a0<\/p>\n","protected":false},"excerpt":{"rendered":"Paris est d\u00e9finitivement la ville lumi\u00e8re ! Selon une nouvelle \u00e9tude mondiale r\u00e9alis\u00e9e par la plateforme de divertissement&hellip;\n","protected":false},"author":2,"featured_media":571165,"comment_status":"","ping_status":"","sticky":false,"template":"","format":"standard","meta":{"footnotes":""},"categories":[1888],"tags":[11,4791,7168,68626,5244,11500,1777,674,14537,1011,27,873,12,626,68627,57158,68629,25,38417,68628],"class_list":{"0":"post-571164","1":"post","2":"type-post","3":"status-publish","4":"format-standard","5":"has-post-thumbnail","7":"category-paris","8":"tag-actualites","9":"tag-barcelone","10":"tag-bars","11":"tag-classement-villes-festives","12":"tag-club","13":"tag-electro","14":"tag-eu","15":"tag-europe","16":"tag-fetes","17":"tag-fr","18":"tag-france","19":"tag-musique","20":"tag-news","21":"tag-paris","22":"tag-paris-nuit","23":"tag-pigalle","24":"tag-quartiers-branches-paris","25":"tag-republique-francaise","26":"tag-top-10","27":"tag-ville-lumiere"},"share_on_mastodon":{"url":"https:\/\/pubeurope.com\/@fr\/115644959490745118","error":""},"_links":{"self":[{"href":"https:\/\/www.europesays.com\/fr\/wp-json\/wp\/v2\/posts\/571164","targetHints":{"allow":["GET"]}}],"collection":[{"href":"https:\/\/www.europesays.com\/fr\/wp-json\/wp\/v2\/posts"}],"about":[{"href":"https:\/\/www.europesays.com\/fr\/wp-json\/wp\/v2\/types\/post"}],"author":[{"embeddable":true,"href":"https:\/\/www.europesays.com\/fr\/wp-json\/wp\/v2\/users\/2"}],"replies":[{"embeddable":true,"href":"https:\/\/www.europesays.com\/fr\/wp-json\/wp\/v2\/comments?post=571164"}],"version-history":[{"count":0,"href":"https:\/\/www.europesays.com\/fr\/wp-json\/wp\/v2\/posts\/571164\/revisions"}],"wp:featuredmedia":[{"embeddable":true,"href":"https:\/\/www.europesays.com\/fr\/wp-json\/wp\/v2\/media\/571165"}],"wp:attachment":[{"href":"https:\/\/www.europesays.com\/fr\/wp-json\/wp\/v2\/media?parent=571164"}],"wp:term":[{"taxonomy":"category","embeddable":true,"href":"https:\/\/www.europesays.com\/fr\/wp-json\/wp\/v2\/categories?post=571164"},{"taxonomy":"post_tag","embeddable":true,"href":"https:\/\/www.europesays.com\/fr\/wp-json\/wp\/v2\/tags?post=571164"}],"curies":[{"name":"wp","href":"https:\/\/api.w.org\/{rel}","templated":true}]}}