{"id":571172,"date":"2025-12-01T15:16:15","date_gmt":"2025-12-01T15:16:15","guid":{"rendered":"https:\/\/www.europesays.com\/fr\/571172\/"},"modified":"2025-12-01T15:16:15","modified_gmt":"2025-12-01T15:16:15","slug":"droits-de-douane-medicaments-deal-choc-entre-les-etats-unis-et-le-royaume-uni","status":"publish","type":"post","link":"https:\/\/www.europesays.com\/fr\/571172\/","title":{"rendered":"Droits de douane: M\u00e9dicaments: deal choc entre les \u00c9tats-Unis et le Royaume-Uni"},"content":{"rendered":"<p>Actualis\u00e91. d\u00e9cembre 2025, 16:08<\/p>\n<p>Droits de douane: M\u00e9dicaments: deal choc entre les \u00c9tats-Unis et le Royaume-Uni<\/p>\n<p>Washington supprime les taxes sur la pharma britannique, mais Londres accepte une hausse de 25% des prix pour \u00e9viter la riposte am\u00e9ricaine.<\/p>\n<p><img loading=\"lazy\" decoding=\"async\" src=\"https:\/\/www.europesays.com\/fr\/wp-content\/uploads\/2025\/12\/d0381e8d-3a3a-40e5-afe6-9f720117c85e.jpg\" alt=\"Les Etats-Unis ont communiqu\u00e9 lundi sur cet accord.\" title=\"Les Etats-Unis ont communiqu\u00e9 lundi sur cet accord.\"  width=\"1200\" height=\"800\"\/><\/p>\n<p>Les Etats-Unis ont communiqu\u00e9 lundi sur cet accord.<\/p>\n<p>Getty Images<\/p>\n<p>Washington a annonc\u00e9 lundi \u00eatre parvenu \u00e0 un accord avec Londres en vue d\u2019annuler les droits de douane appliqu\u00e9s jusqu\u2019ici aux produits pharmaceutiques britanniques, comme \u00e0 ceux du reste du monde, en \u00e9change d\u2019une hausse de 25% du prix de m\u00e9dicaments au Royaume-Uni.<\/p>\n<p>L\u2019accord vise \u00e0 s\u2019assurer, selon le gouvernement am\u00e9ricain, que \u00ables patients am\u00e9ricains ne payent pas leurs m\u00e9dicaments au prix fort pour subventionner la sant\u00e9 dans les autres pays d\u00e9velopp\u00e9s\u00bb, a point\u00e9 le repr\u00e9sentant de la Maison Blanche au Commerce (USTR), Jamieson Greer, cit\u00e9 dans le communiqu\u00e9.<\/p>\n<p>L\u2019augmentation des prix concernent les nouveaux m\u00e9dicaments consid\u00e9r\u00e9s comme \u00abinnovants\u00bb et dans le cadre des achats r\u00e9alis\u00e9s par le NHS, le service de sant\u00e9 public au Royaume-Uni.<\/p>\n<p>Selon le communiqu\u00e9 de la Maison Blanche, Londres s\u2019engage par ailleurs \u00e0 ne pas compenser cette hausse des prix par une baisse de ceux appliqu\u00e9s sur d\u2019autres produits du catalogues des laboratoires pharmaceutiques.<\/p>\n<p>En \u00e9change Washington annule donc les droits de douane sur les produits pharmaceutiques provenant du Royaume-Uni, appliqu\u00e9s depuis d\u00e9but octobre comme pour ceux du reste du monde, et s\u2019engage \u00e0 ne pas en mettre en place de nouveaux \u00e0 l\u2019avenir.<\/p>\n<p>\u00abLes Am\u00e9ricains ne devraient pas faire face au prix du m\u00e9dicament le plus \u00e9lev\u00e9 au monde pour les m\u00e9dicaments qu\u2019ils ont aid\u00e9 \u00e0 financer\u00bb, a d\u00e9clar\u00e9 dans le communiqu\u00e9 le secr\u00e9taire \u00e0 la Sant\u00e9 Robert Kennedy, Jr, cet accord avec le Royaume-Uni renforce l\u2019environnement mondial pour les m\u00e9dicaments innovants et apporte un \u00e9quilibre longtemps attendu au commerce pharmaceutique des \u00c9tats-Unis et du Royaume-Uni\u00bb.<\/p>\n<p>Une possible surtaxe douani\u00e8re de 100%<\/p>\n<p>Les prix des m\u00e9dicaments aux Etats-Unis figurent parmi les plus \u00e9lev\u00e9s au monde et d\u00e9passent ceux appliqu\u00e9s chez leurs voisins et en Europe.<\/p>\n<p>Selon une \u00e9tude de la Rand Corporation, les Am\u00e9ricains payent ainsi en moyenne 2,5 fois plus cher pour les m\u00e9dicaments sur ordonnance que les Fran\u00e7ais par exemple, un \u00e9cart que Donald Trump s\u2019\u00e9tait engag\u00e9 \u00e0 r\u00e9duire.<\/p>\n<p>Le pr\u00e9sident am\u00e9ricain a brandi \u00e0 plusieurs reprises la menace d\u2019une possible surtaxe douani\u00e8re de 100% sur tout m\u00e9dicament brevet\u00e9 import\u00e9, \u00e0 moins que les laboratoires ne construisent des sites de production aux \u00c9tats-Unis.<\/p>\n<p>Plusieurs laboratoires, dont AstraZeneca ou Pfizer, ont sign\u00e9 des accords d\u2019investissements aux \u00c9tats-Unis en \u00e9change d\u2019un moratoire sur leurs produits import\u00e9s, le temps que leurs investissements se mat\u00e9rialisent.<\/p>\n<p>Annonc\u00e9s fin septembre, les droits de douane sur les produits pharmaceutiques sont entr\u00e9s en vigueur en octobre et doivent progressivement atteindre 100%.<\/p>\n<p>Ceux provenant de certaines r\u00e9gions ou pays, comme l\u2019Union europ\u00e9enne (UE) ne sont cependant pas concern\u00e9s, l\u2019accord commercial entre Bruxelles et Washington pr\u00e9voyant que les produits europ\u00e9ens ne peuvent pas \u00eatre tax\u00e9s au-del\u00e0 de 15%.<\/p>\n<p>(afp)<\/p>\n","protected":false},"excerpt":{"rendered":"Actualis\u00e91. d\u00e9cembre 2025, 16:08 Droits de douane: M\u00e9dicaments: deal choc entre les \u00c9tats-Unis et le Royaume-Uni Washington supprime&hellip;\n","protected":false},"author":2,"featured_media":571173,"comment_status":"","ping_status":"","sticky":false,"template":"","format":"standard","meta":{"footnotes":""},"categories":[1589],"tags":[11,73,1866,12,1864,1865,1863,308],"class_list":{"0":"post-571172","1":"post","2":"type-post","3":"status-publish","4":"format-standard","5":"has-post-thumbnail","7":"category-etats-unis","8":"tag-actualites","9":"tag-etats-unis","10":"tag-etats-unis-damerique","11":"tag-news","12":"tag-united-states","13":"tag-united-states-of-america","14":"tag-us","15":"tag-usa"},"share_on_mastodon":{"url":"https:\/\/pubeurope.com\/@fr\/115644976290472035","error":""},"_links":{"self":[{"href":"https:\/\/www.europesays.com\/fr\/wp-json\/wp\/v2\/posts\/571172","targetHints":{"allow":["GET"]}}],"collection":[{"href":"https:\/\/www.europesays.com\/fr\/wp-json\/wp\/v2\/posts"}],"about":[{"href":"https:\/\/www.europesays.com\/fr\/wp-json\/wp\/v2\/types\/post"}],"author":[{"embeddable":true,"href":"https:\/\/www.europesays.com\/fr\/wp-json\/wp\/v2\/users\/2"}],"replies":[{"embeddable":true,"href":"https:\/\/www.europesays.com\/fr\/wp-json\/wp\/v2\/comments?post=571172"}],"version-history":[{"count":0,"href":"https:\/\/www.europesays.com\/fr\/wp-json\/wp\/v2\/posts\/571172\/revisions"}],"wp:featuredmedia":[{"embeddable":true,"href":"https:\/\/www.europesays.com\/fr\/wp-json\/wp\/v2\/media\/571173"}],"wp:attachment":[{"href":"https:\/\/www.europesays.com\/fr\/wp-json\/wp\/v2\/media?parent=571172"}],"wp:term":[{"taxonomy":"category","embeddable":true,"href":"https:\/\/www.europesays.com\/fr\/wp-json\/wp\/v2\/categories?post=571172"},{"taxonomy":"post_tag","embeddable":true,"href":"https:\/\/www.europesays.com\/fr\/wp-json\/wp\/v2\/tags?post=571172"}],"curies":[{"name":"wp","href":"https:\/\/api.w.org\/{rel}","templated":true}]}}