{"id":571179,"date":"2025-12-01T15:21:17","date_gmt":"2025-12-01T15:21:17","guid":{"rendered":"https:\/\/www.europesays.com\/fr\/571179\/"},"modified":"2025-12-01T15:21:17","modified_gmt":"2025-12-01T15:21:17","slug":"guerre-en-ukraine-zelensky-et-macron-ont-eu-un-echange-avec-le-negociateur-americain-witkoff","status":"publish","type":"post","link":"https:\/\/www.europesays.com\/fr\/571179\/","title":{"rendered":"Guerre en Ukraine : Zelensky et Macron ont eu un \u00e9change avec le n\u00e9gociateur am\u00e9ricain Witkoff"},"content":{"rendered":"<p>Cette semaine s&rsquo;annonce \u00ab\u00a0cruciale\u00a0\u00bb pour l&rsquo;Ukraine, a affirm\u00e9 lundi la cheffe de la diplomatie de l&rsquo;Union europ\u00e9enne Kaja Kallas, avant une r\u00e9union des ministres de la D\u00e9fense de l&rsquo;UE \u00e0 Bruxelles. Les Europ\u00e9ens esp\u00e8rent que l&rsquo;administration Trump, qu&rsquo;ils soup\u00e7onnent de complaisance vis-\u00e0-vis de Vladimir Poutine, ne sacrifiera pas l&rsquo;Ukraine, consid\u00e9r\u00e9e comme un rempart face aux ambitions russes.<\/p>\n<p>Les Etats-Unis ont pr\u00e9sent\u00e9 il y a 10\u00a0jours un premier projet en 28 points tr\u00e8s favorable \u00e0 Moscou, r\u00e9dig\u00e9 sans les alli\u00e9s europ\u00e9ens de Kiev, cens\u00e9 mettre fin au conflit d\u00e9clench\u00e9 par l&rsquo;offensive russe contre l&rsquo;Ukraine en f\u00e9vrier 2022. Washington a ensuite amend\u00e9 ce projet avec les Ukrainiens et les Europ\u00e9ens \u00e0 Gen\u00e8ve, avant de retravailler dessus en bilat\u00e9ral avec les Ukrainiens dimanche en Floride.<\/p>\n<p>Le chancelier allemand Friedrich Merz, a affirm\u00e9 ce lundi que les Europ\u00e9ens s&rsquo;opposeront \u00e0 une \u00ab\u00a0paix dict\u00e9e\u00a0\u00bb \u00e0 l&rsquo;Ukraine.\u00a0\u00ab\u00a0Nous suivons une ligne claire : aucune d\u00e9cision concernant l&rsquo;Ukraine et l&rsquo;Europe sans les Ukrainiens et sans les Europ\u00e9ens, aucune paix dict\u00e9e dans le dos de l&rsquo;Ukraine, aucun affaiblissement ou division de l&rsquo;Union europ\u00e9enne et de l&rsquo;Otan\u00a0\u00bb, a d\u00e9clar\u00e9 le dirigeant allemand ce lundi.\u00a0<\/p>\n","protected":false},"excerpt":{"rendered":"Cette semaine s&rsquo;annonce \u00ab\u00a0cruciale\u00a0\u00bb pour l&rsquo;Ukraine, a affirm\u00e9 lundi la cheffe de la diplomatie de l&rsquo;Union europ\u00e9enne Kaja&hellip;\n","protected":false},"author":2,"featured_media":571180,"comment_status":"","ping_status":"","sticky":false,"template":"","format":"standard","meta":{"footnotes":""},"categories":[1586],"tags":[11,1777,674,1779,1011,27,12,25,1778,364],"class_list":{"0":"post-571179","1":"post","2":"type-post","3":"status-publish","4":"format-standard","5":"has-post-thumbnail","7":"category-europe","8":"tag-actualites","9":"tag-eu","10":"tag-europe","11":"tag-european-union","12":"tag-fr","13":"tag-france","14":"tag-news","15":"tag-republique-francaise","16":"tag-ue","17":"tag-union-europeenne"},"share_on_mastodon":{"url":"https:\/\/pubeurope.com\/@fr\/115644994966204563","error":""},"_links":{"self":[{"href":"https:\/\/www.europesays.com\/fr\/wp-json\/wp\/v2\/posts\/571179","targetHints":{"allow":["GET"]}}],"collection":[{"href":"https:\/\/www.europesays.com\/fr\/wp-json\/wp\/v2\/posts"}],"about":[{"href":"https:\/\/www.europesays.com\/fr\/wp-json\/wp\/v2\/types\/post"}],"author":[{"embeddable":true,"href":"https:\/\/www.europesays.com\/fr\/wp-json\/wp\/v2\/users\/2"}],"replies":[{"embeddable":true,"href":"https:\/\/www.europesays.com\/fr\/wp-json\/wp\/v2\/comments?post=571179"}],"version-history":[{"count":0,"href":"https:\/\/www.europesays.com\/fr\/wp-json\/wp\/v2\/posts\/571179\/revisions"}],"wp:featuredmedia":[{"embeddable":true,"href":"https:\/\/www.europesays.com\/fr\/wp-json\/wp\/v2\/media\/571180"}],"wp:attachment":[{"href":"https:\/\/www.europesays.com\/fr\/wp-json\/wp\/v2\/media?parent=571179"}],"wp:term":[{"taxonomy":"category","embeddable":true,"href":"https:\/\/www.europesays.com\/fr\/wp-json\/wp\/v2\/categories?post=571179"},{"taxonomy":"post_tag","embeddable":true,"href":"https:\/\/www.europesays.com\/fr\/wp-json\/wp\/v2\/tags?post=571179"}],"curies":[{"name":"wp","href":"https:\/\/api.w.org\/{rel}","templated":true}]}}