{"id":571197,"date":"2025-12-01T15:34:35","date_gmt":"2025-12-01T15:34:35","guid":{"rendered":"https:\/\/www.europesays.com\/fr\/571197\/"},"modified":"2025-12-01T15:34:35","modified_gmt":"2025-12-01T15:34:35","slug":"un-canari-disparu-des-radars-finalement-mis-a-lecart-par-la-direction","status":"publish","type":"post","link":"https:\/\/www.europesays.com\/fr\/571197\/","title":{"rendered":"Un Canari disparu des radars finalement mis \u00e0 l&rsquo;\u00e9cart par la direction ?"},"content":{"rendered":"<p>                                            Publi\u00e9 le 01\/12\/2025 \u00e0 13h46<br \/>\n                                                                                3 minutes de lecture\n                                                                    <\/p>\n<p>F\u00e9ru de sport et plus particuli\u00e8rement de ballon rond depuis ma plus tendre enfance.<\/p>\n<p>                                            Lire la suite<\/p>\n<p>L\u00a0\u00bbabsence surprenante de <strong>Dehmaine Tabibou<\/strong> dans le groupe nantais pour le d\u00e9placement \u00e0 Lyon soul\u00e8ve de nombreuses interrogations parmi les observateurs du FC Nantes. Le milieu de terrain de <strong>20 ans<\/strong>, qui avait disput\u00e9 <strong>13 matches depuis le d\u00e9but de la saison<\/strong>, se retrouve inexplicablement \u00e9cart\u00e9 par <strong>Luis Castro<\/strong> pour cette rencontre cruciale de la <strong>14e journ\u00e9e de Ligue 1 sold\u00e9e par une d\u00e9faite cuisante<\/strong>. Cette d\u00e9cision inattendue intervient alors que le jeune joueur \u00e9tait devenu un \u00e9l\u00e9ment r\u00e9gulier de l&rsquo;effectif canari, encha\u00eenant les titularisations ces derni\u00e8res semaines. Son absence totale du groupe, et non pas seulement du onze de d\u00e9part, alimente les sp\u00e9culations sur les v\u00e9ritables raisons de cette mise \u00e0 l&rsquo;\u00e9cart soudaine. Les supporters nantais, habitu\u00e9s \u00e0 voir \u00e9voluer le prometteur milieu de terrain, s&rsquo;interrogent l\u00e9gitimement sur les circonstances entourant cette d\u00e9cision technique surprenante de l&rsquo;entra\u00eeneur portugais.<\/p>\n<p>                                <img decoding=\"async\" src=\"https:\/\/www.europesays.com\/fr\/wp-content\/uploads\/2025\/04\/1744123449_543_logo.png\" alt=\"Logo\"\/><\/p>\n<p>100\u20ac offerts sur ton 1er pari !<\/p>\n<p>                            <a href=\"https:\/\/www.score.fr\/redirection\/1\/\" class=\"headband-button\" target=\"_blank\" rel=\"noopener\">J&rsquo;en profite<\/a><\/p>\n<p>                                                                <img loading=\"lazy\" decoding=\"async\" src=\"https:\/\/www.europesays.com\/fr\/wp-content\/uploads\/2025\/12\/fc-nantes-un-canari-disparu-des-radars-finalement-mis-a-l-ecart-par-la-direction.jpg\" alt=\"Illustration : &quot;FC Nantes : Un Canari disparu des radars finalement mis \u00e0 l'\u00e9cart par la direction ?&quot;\" class=\"figure-img img-fluid\" width=\"780\" height=\"478\"\/><\/p>\n<p>                                    \u00a9 Site officiel du FC Nantes                                <\/p>\n<p>Une absence qui interroge les supporters<\/p>\n<p>Les r\u00e9actions des fid\u00e8les du FC Nantes ne se sont pas fait attendre face \u00e0 cette absence inexpliqu\u00e9e. <strong>Emmanuel Merceron<\/strong>, insider influent sur les r\u00e9seaux sociaux, exprime parfaitement l&rsquo;incompr\u00e9hension g\u00e9n\u00e9rale : \u00ab\u00a0J&rsquo;avais pas percut\u00e9 que Tabibou \u00e9tait pas l\u00e0. Il devait sortir du 11 apr\u00e8s sa prestation foir\u00e9e de Lorient, mais \u00e9cart\u00e9 carr\u00e9ment ? Il est bless\u00e9 ?\u00a0\u00bb Cette interrogation refl\u00e8te le sentiment partag\u00e9 par de nombreux observateurs qui ne comprennent pas pourquoi un joueur de <strong>20 ans<\/strong> aux qualit\u00e9s reconnues se retrouve totalement \u00e9cart\u00e9 du groupe. Le retour de <strong>Johann Lepenant<\/strong> pourrait certes expliquer une concurrence accrue au milieu de terrain, mais cela ne justifie pas une absence compl\u00e8te du groupe \u00e9largi. Les supporters soulignent que m\u00eame si ses derni\u00e8res prestations n&rsquo;ont pas \u00e9t\u00e9 parfaites, notamment lors du match contre Lorient, cela ne m\u00e9rite pas un tel traitement pour un joueur qui \u00e9tait devenu un titulaire r\u00e9gulier de l&rsquo;\u00e9quipe nantaise.<\/p>\n<p>Hypoth\u00e8ses sur un possible probl\u00e8me disciplinaire<\/p>\n<p>Face \u00e0 l&rsquo;absence d&rsquo;explications officielles, les sp\u00e9culations vont bon train concernant les v\u00e9ritables motifs de cette mise \u00e0 l&rsquo;\u00e9cart. L&rsquo;insider du FC Nantes, particuli\u00e8rement suivi par les supporters, soul\u00e8ve une question pertinente : \u00ab\u00a0Et donc passe du 11 8 matchs de suite \u00e0 \u00e9cart\u00e9 ?\u00a0\u00bb Cette interrogation met en lumi\u00e8re l&rsquo;aspect soudain et radical de cette d\u00e9cision. L&rsquo;hypoth\u00e8se d&rsquo;un probl\u00e8me disciplinaire prend de l&rsquo;ampleur, comme le sugg\u00e8re <strong>Ablinho<\/strong>, autre observateur influent du club : \u00ab\u00a0C&rsquo;est vrai que c&rsquo;est bizarre, apr\u00e8s il a peut-\u00eatre pas eu l&rsquo;attitude ad\u00e9quate \u00e0 l&rsquo;entra\u00eenement.\u00a0\u00bb Cette th\u00e9orie d&rsquo;un comportement inappropri\u00e9 \u00e0 <strong>La Joneli\u00e8re<\/strong> semble \u00eatre la piste privil\u00e9gi\u00e9e par les connaisseurs du club, d&rsquo;autant plus que l&rsquo;insider confirme cette possibilit\u00e9 en d\u00e9clarant : \u00ab\u00a0Sil est pas bless\u00e9, tr\u00e8s probablement\u00a0\u00bb lorsqu&rsquo;il \u00e9voque l&rsquo;hypoth\u00e8se d&rsquo;un acte r\u00e9pr\u00e9hensible du jeune joueur.<\/p>\n<p>Attente des explications de Luis Castro<\/p>\n<p>Dans ce contexte d&rsquo;incertitude, tous les regards se tournent d\u00e9sormais vers <strong>Luis Castro<\/strong> qui pourrait apporter des \u00e9claircissements lors de ses prochaines d\u00e9clarations. L&rsquo;entra\u00eeneur portugais, connu pour sa franchise, devra probablement s&rsquo;expliquer sur cette d\u00e9cision qui surprend par son caract\u00e8re radical. Les supporters nantais esp\u00e8rent obtenir des r\u00e9ponses claires sur l&rsquo;avenir de <strong>Tabibou<\/strong> dans l&rsquo;effectif, d&rsquo;autant plus que le jeune milieu de terrain repr\u00e9sentait un espoir pour l&rsquo;avenir du club. Cette situation illustre parfaitement les d\u00e9fis auxquels font face les jeunes joueurs professionnels, o\u00f9 les aspects techniques et disciplinaires s&rsquo;entrem\u00ealent constamment dans la gestion d&rsquo;un effectif professionnel.<\/p>\n<p dir=\"ltr\" style=\"line-height:1.38;margin-top:12pt;margin-bottom:12pt;\">Ce samedi 6 d\u00e9cembre, le FC Nantes re\u00e7oit le RC Lens, leader du championnat, \u00e0 la Beaujoire. \u00c0 cette occasion, profitez de 100\u20ac offerts pour votre premi\u00e8re inscription sur Parions Sport en Ligne.<a href=\"https:\/\/www.score.fr\/redirection\/1\/\" style=\"text-decoration-line: none;\" target=\"_blank\" rel=\"noopener\"> Pariez sur une victoire du FC Nantes face \u00e0 Lens sur le score de 1-0, 2-0 ou 3-0 vous rapporte jusqu\u2019\u00e0 760\u20ac !<\/a><\/p>\n<p dir=\"ltr\" style=\"line-height:1.38;margin-top:12pt;margin-bottom:12pt;\">Pour en profiter, c\u2019est tr\u00e8s simple :<\/p>\n<p dir=\"ltr\" style=\"line-height:1.38;margin-top:12pt;margin-bottom:12pt;\">&#8211; Cr\u00e9ez votre compte joueur en seulement 2 \u00e9tapes <a href=\"https:\/\/www.score.fr\/redirection\/1\/\" style=\"text-decoration-line: none;\" target=\"_blank\" rel=\"noopener\">ici<\/a><\/p>\n<p dir=\"ltr\" style=\"line-height:1.38;margin-top:12pt;margin-bottom:12pt;\">&#8211; R\u00e9alisez votre 1er d\u00e9p\u00f4t puis placez votre 1er pari (Minimum 5\u20ac)<\/p>\n<p dir=\"ltr\" style=\"line-height:1.38;margin-top:12pt;margin-bottom:12pt;\">&#8211; Une fois votre 1er d\u00e9p\u00f4t et votre 1er pari r\u00e9alis\u00e9s, l\u2019int\u00e9gralit\u00e9 du montant de ce 1er pari sera cr\u00e9dit\u00e9e sur votre compte joueur dans la limite de 100\u20ac maximum et sous la forme de cr\u00e9dits de jeu non retirables. Le cr\u00e9dit s\u2019effectuera alors en une seule \u00e9tape et sous 3 jours<\/p>\n<p dir=\"ltr\" style=\"line-height:1.38;margin-top:12pt;margin-bottom:12pt;\">Jouer comporte des risques : endettement, d\u00e9pendance\u2026 Appelez le 09 74 75 13 13 (appel non surtax\u00e9)<\/p>\n","protected":false},"excerpt":{"rendered":"Publi\u00e9 le 01\/12\/2025 \u00e0 13h46 3 minutes de lecture F\u00e9ru de sport et plus particuli\u00e8rement de ballon rond&hellip;\n","protected":false},"author":2,"featured_media":571198,"comment_status":"","ping_status":"","sticky":false,"template":"","format":"standard","meta":{"footnotes":""},"categories":[1410],"tags":[63,1011,27,60],"class_list":{"0":"post-571197","1":"post","2":"type-post","3":"status-publish","4":"format-standard","5":"has-post-thumbnail","7":"category-football","8":"tag-football","9":"tag-fr","10":"tag-france","11":"tag-sports"},"share_on_mastodon":{"url":"https:\/\/pubeurope.com\/@fr\/115645047435850094","error":""},"_links":{"self":[{"href":"https:\/\/www.europesays.com\/fr\/wp-json\/wp\/v2\/posts\/571197","targetHints":{"allow":["GET"]}}],"collection":[{"href":"https:\/\/www.europesays.com\/fr\/wp-json\/wp\/v2\/posts"}],"about":[{"href":"https:\/\/www.europesays.com\/fr\/wp-json\/wp\/v2\/types\/post"}],"author":[{"embeddable":true,"href":"https:\/\/www.europesays.com\/fr\/wp-json\/wp\/v2\/users\/2"}],"replies":[{"embeddable":true,"href":"https:\/\/www.europesays.com\/fr\/wp-json\/wp\/v2\/comments?post=571197"}],"version-history":[{"count":0,"href":"https:\/\/www.europesays.com\/fr\/wp-json\/wp\/v2\/posts\/571197\/revisions"}],"wp:featuredmedia":[{"embeddable":true,"href":"https:\/\/www.europesays.com\/fr\/wp-json\/wp\/v2\/media\/571198"}],"wp:attachment":[{"href":"https:\/\/www.europesays.com\/fr\/wp-json\/wp\/v2\/media?parent=571197"}],"wp:term":[{"taxonomy":"category","embeddable":true,"href":"https:\/\/www.europesays.com\/fr\/wp-json\/wp\/v2\/categories?post=571197"},{"taxonomy":"post_tag","embeddable":true,"href":"https:\/\/www.europesays.com\/fr\/wp-json\/wp\/v2\/tags?post=571197"}],"curies":[{"name":"wp","href":"https:\/\/api.w.org\/{rel}","templated":true}]}}