{"id":571205,"date":"2025-12-01T15:39:17","date_gmt":"2025-12-01T15:39:17","guid":{"rendered":"https:\/\/www.europesays.com\/fr\/571205\/"},"modified":"2025-12-01T15:39:17","modified_gmt":"2025-12-01T15:39:17","slug":"lorie-a-recu-une-belle-surprise-de-ses-fans-au-trianon-pour-ses-20-ans-de-carriere","status":"publish","type":"post","link":"https:\/\/www.europesays.com\/fr\/571205\/","title":{"rendered":"Lorie a re\u00e7u une belle surprise de ses fans au Trianon pour ses 20\u00a0ans de carri\u00e8re"},"content":{"rendered":"\n<p class=\"asset asset-text\" data-lettrine=\"\">MUSIQUE &#8211; Des remerciements en chanson, pour celle qui les fait chanter depuis plus de vingt ans. Les fans de <a href=\"https:\/\/www.huffingtonpost.fr\/culture\/article\/lorie-pester-ne-passe-pas-devant-mais-derriere-la-camera-pour-un-telefilm-policier-de-france-3_247996.html\" target=\"_blank\" rel=\"noopener\">Lorie<\/a> lui avaient pr\u00e9par\u00e9 une jolie surprise pour son concert au Trianon samedi 29\u00a0novembre. La chanteuse donnait trois dates \u00e0 Paris pour sa tourn\u00e9e nostalgique Lorie Party, qui revisite les plus grands succ\u00e8s de sa carri\u00e8re.<\/p>\n<p class=\"asset asset-text\">Avec la complicit\u00e9 de son guitariste, un groupe de fans, le \u00ab\u00a0Lorie Pester Forum\u00a0\u00bb, avait organis\u00e9 une reprise de la chanson <a href=\"https:\/\/www.huffingtonpost.fr\/culture\/article\/lorie-pester-sort-un-remix-de-sur-un-air-latino-pour-feter-les-20-ans-de-son-single-le-plus-vendu_225877.html\" target=\"_blank\" rel=\"noopener\">Sur un air latino<\/a> par le public, <strong>comme le montre la vid\u00e9o ci-dessus. <\/strong>Apr\u00e8s avoir r\u00e9\u00e9crit les paroles, les organisateurs les ont imprim\u00e9es et distribu\u00e9es aux autres spectateurs. Au moment d\u2019interpr\u00e9ter le morceau, Lorie s\u2019est vue tendre une feuille pour la surprise.<\/p>\n<p class=\"asset asset-text\">\u00ab\u00a0Je dois chanter \u00e7a\u00a0\u00bb, a-t-elle demand\u00e9, recevant un \u00ab\u00a0non\u00a0\u00bb en ch\u0153ur en r\u00e9ponse. \u00ab\u00a0C\u2019est vous qui chantez\u00a0\u00bb, a-t-elle alors compris. Le temps d\u2019une chanson, elle a tendu son micro \u00e0 ses fans, qui ont assur\u00e9 le show. \u00ab\u00a0Un zeste de nostalgie, deux d\u00e9cennies d\u2019harmonies, les souvenirs nous unissent ici\u00a0\u00bb, ont-ils clam\u00e9 ensemble. \u00c0 la fin du refrain, transform\u00e9 en \u00ab\u00a0\u00c0 Paris, on te crie \u201con t\u2019aime Lorie\u00a0!\u201d\u00a0\u00bb, la chanteuse n\u2019a pas retenu ses larmes.<\/p>\n<p class=\"asset asset-text\">Elle a salu\u00e9 cette surprise musicale \u00e0 laquelle elle ne s\u2019attendait pas et a exprim\u00e9 toute son affection pour ses fans\u00a0: \u00ab\u00a0Vous me dites \u201cmerci\u201d mais c\u2019est moi qui vous dis merci. Merci d\u2019\u00eatre l\u00e0 depuis plus de vingt ans\u00a0\u00bb. Pour le public, m\u00eame apr\u00e8s deux d\u00e9cennies, Lorie est toujours leur \u00ab\u00a0meilleure amie\u00a0\u00bb.<\/p>\n","protected":false},"excerpt":{"rendered":"MUSIQUE &#8211; Des remerciements en chanson, pour celle qui les fait chanter depuis plus de vingt ans. Les&hellip;\n","protected":false},"author":2,"featured_media":571206,"comment_status":"","ping_status":"","sticky":false,"template":"","format":"standard","meta":{"footnotes":""},"categories":[1355],"tags":[1697,251,58,59,1011,27,5250,1361,873,2532],"class_list":{"0":"post-571205","1":"post","2":"type-post","3":"status-publish","4":"format-standard","5":"has-post-thumbnail","7":"category-musique","8":"tag-concert","9":"tag-culture","10":"tag-divertissement","11":"tag-entertainment","12":"tag-fr","13":"tag-france","14":"tag-lorie","15":"tag-music","16":"tag-musique","17":"tag-nos-videos"},"share_on_mastodon":{"url":"https:\/\/pubeurope.com\/@fr\/115645065880817910","error":""},"_links":{"self":[{"href":"https:\/\/www.europesays.com\/fr\/wp-json\/wp\/v2\/posts\/571205","targetHints":{"allow":["GET"]}}],"collection":[{"href":"https:\/\/www.europesays.com\/fr\/wp-json\/wp\/v2\/posts"}],"about":[{"href":"https:\/\/www.europesays.com\/fr\/wp-json\/wp\/v2\/types\/post"}],"author":[{"embeddable":true,"href":"https:\/\/www.europesays.com\/fr\/wp-json\/wp\/v2\/users\/2"}],"replies":[{"embeddable":true,"href":"https:\/\/www.europesays.com\/fr\/wp-json\/wp\/v2\/comments?post=571205"}],"version-history":[{"count":0,"href":"https:\/\/www.europesays.com\/fr\/wp-json\/wp\/v2\/posts\/571205\/revisions"}],"wp:featuredmedia":[{"embeddable":true,"href":"https:\/\/www.europesays.com\/fr\/wp-json\/wp\/v2\/media\/571206"}],"wp:attachment":[{"href":"https:\/\/www.europesays.com\/fr\/wp-json\/wp\/v2\/media?parent=571205"}],"wp:term":[{"taxonomy":"category","embeddable":true,"href":"https:\/\/www.europesays.com\/fr\/wp-json\/wp\/v2\/categories?post=571205"},{"taxonomy":"post_tag","embeddable":true,"href":"https:\/\/www.europesays.com\/fr\/wp-json\/wp\/v2\/tags?post=571205"}],"curies":[{"name":"wp","href":"https:\/\/api.w.org\/{rel}","templated":true}]}}