{"id":571207,"date":"2025-12-01T15:40:36","date_gmt":"2025-12-01T15:40:36","guid":{"rendered":"https:\/\/www.europesays.com\/fr\/571207\/"},"modified":"2025-12-01T15:40:36","modified_gmt":"2025-12-01T15:40:36","slug":"avengers-doomsday-cest-pour-quand-et-avec-quels-personnages","status":"publish","type":"post","link":"https:\/\/www.europesays.com\/fr\/571207\/","title":{"rendered":"\u00ab\u00a0Avengers : Doomsday\u00a0\u00bb : c&rsquo;est pour quand et avec quels personnages ?"},"content":{"rendered":"<ul class=\"jsx-862013697 ArticleChapo__List\">\n<li class=\"jsx-862013697 ArticleChapo__List_Item flex\">TMC rediffuse le spectaculaire \u00ab\u00a0Avengers : Infinity War\u00a0\u00bb ce lundi \u00e0 21h25.<\/li>\n<li class=\"jsx-862013697 ArticleChapo__List_Item flex\">Il y a quelques jours, de fausses images du tournage du prochain \u00ab\u00a0Avengers : Doomsday\u00a0\u00bb ont circul\u00e9 sur les r\u00e9seaux.<\/li>\n<li class=\"jsx-862013697 ArticleChapo__List_Item flex\">L&rsquo;occasion de faire le point sur le prochain opus de la saga, attendu sur les \u00e9crans pour No\u00ebl 2026.<\/li>\n<\/ul>\n<p data-module=\"article-paragraph\" class=\"jsx-3046738180 Paragraph Paragraph__End\">Les retrouvailles s\u2019annoncent titanesques. Alors que TMC rediffuse ce lundi soir<a href=\"https:\/\/www.tf1info.fr\/culture\/avengers-infinity-war-sortie-mercredi-25-mars-la-critique-l-apocalypse-dont-les-fans-revaient-2085480.html\" target=\"_blank\" rel=\"noopener\"> Avengers : Infinity War<\/a> &#8211; puis Avengers : Endgame le 8 d\u00e9cembre prochain -, les superh\u00e9ros Marvel pr\u00e9parent activement leur retour en coulisses. Si de fausses images de tournage, g\u00e9n\u00e9r\u00e9es par l\u2019IA, ont suscit\u00e9 l\u2019\u00e9moi des fans, <a href=\"https:\/\/www.tf1info.fr\/culture\/des-images-issues-du-tournage-du-prochain-film-de-la-saga-avengers-ont-elles-vraiment-fuite-2409272.html\" target=\"_blank\" rel=\"noopener\">comme TF1info vous l\u2019a expliqu\u00e9 il y a quelques jours<\/a>, les r\u00e9alisateurs Anthony et Joe Russo sont actuellement en plein de travail sur Avengers : Doomsday, un nouvel opus attendu sur les \u00e9crans fran\u00e7ais le 16 d\u00e9cembre 2026.<\/p>\n<p data-module=\"article-paragraph\" class=\"jsx-3046738180 Paragraph Paragraph__End\">Huit ans apr\u00e8s leur dernier film en commun, il s\u2019en est pass\u00e9 des choses au royaume de Thor, Hulk et consorts. La principale surprise ? Le retour de Robert Downey Jr dans un tout nouveau costume. Tony Stark \/ Iron Man ayant p\u00e9ri pour la bonne cause dans <a href=\"https:\/\/www.tf1info.fr\/culture\/avengers-endgame-la-fin-d-une-aventure-2119273.html\" target=\"_blank\" rel=\"noopener\">Avengers : Endgame<\/a>, l\u2019acteur de 60 ans s\u2019est laiss\u00e9 convaincre d\u2019incarner le grand m\u00e9chant du film, le Docteur Victor Van Doom. Un pari \u00e0 la hauteur de celui qui est \u00e0 l\u2019origine d\u2019une incroyable s\u00e9rie de succ\u00e8s pour Marvel Studios depuis Iron Man de Jon Favreau en 2008.<\/p>\n<p>Des nouveaux&#8230; et des revenants !<\/p>\n<p data-module=\"article-paragraph\" class=\"jsx-3046738180 Paragraph Paragraph__End\">Pour affronter le \u00ab\u00a0parrain\u00a0\u00bb de la saga au c\u0153ur d&rsquo;une intrigue encore tenue secr\u00e8te, les producteurs ont en effet d\u00e9cid\u00e9 de r\u00e9unir les derniers Avengers historiques encore en piste comme Thor (Chris Hemsworth), Loki (Tom Hiddleston) Ant-Man (Paul Rudd), Captain America (Anthony Mackie) aux nouveaux du r\u00e9cent <a href=\"https:\/\/www.tf1info.fr\/culture\/thunderbolts-cette-attachante-bande-de-marginaux-au-cinema-va-vous-reconcilier-avec-marvel-2367687.html\" target=\"_blank\" rel=\"noopener\">Thunderbolts <\/a>comme le Soldat de l\u2019Hiver (Sebastian Stan), Black Widow (Florence Pugh) ou encore Red Guardian (David Harbour). Mais pas seulement !\u00a0<\/p>\n<p data-module=\"article-paragraph\" class=\"jsx-3046738180 Paragraph Paragraph__End\">Dans ce qui s\u2019annonce comme l\u2019un des castings les plus impressionnants de tous les temps pour ce genre de film, on retrouvera en effet <a href=\"https:\/\/www.tf1info.fr\/culture\/films-2025-succomberez-vous-au-pedro-pascal-summer-qui-s-empare-des-cinemas-cet-ete-2382997.html\" target=\"_blank\" rel=\"noopener\">la nouvelle \u00e9quipe des Quatre Fantastiques<\/a> avec Mister Fantastic (Pedro Pascal), La Femme Invisible (Vanessa Kirby), La Torche (Joseph Quinn) et la Chose (Ebon Moss-Bachrach)\u2026 mais aussi le retour des X-Men des ann\u00e9es 2000 ! Welcome back au Professeur Xavier (Patrick Stewart), Magneto (Ian McKellen), Cyclope (James Marsden), Gambit (Channing Tatum) ou encore Mystique (Rebecca Romijn). Souvenirs, souvenirs.<\/p>\n<p><a href=\"https:\/\/www.tf1info.fr\/culture\/des-images-issues-du-tournage-du-prochain-film-de-la-saga-avengers-ont-elles-vraiment-fuite-2409272.html\" rel=\"noopener\" class=\"jsx-3308031228 Link flex\" target=\"_blank\"><img decoding=\"async\" src=\"https:\/\/www.europesays.com\/fr\/wp-content\/uploads\/2025\/12\/couv-les-verifs-avengers-80791a-0@1x.jpeg\" alt=\"Captures d'\u00e9cran X \/ Les V\u00e9rificateurs\" loading=\"lazy\" importance=\"low\" fetchpriority=\"low\" class=\"\" aria-hidden=\"true\"\/><\/p>\n<p class=\"jsx-3657663356 ReadMoreArticle__Title\">Lire aussi<\/p>\n<p class=\"jsx-3657663356\">V\u00c9RIF&rsquo; &#8211; Des images issues du tournage du prochain film \u00ab\u00a0Avengers\u00a0\u00bb ont-elles vraiment fuit\u00e9\u202f?<\/p>\n<p><\/a><\/p>\n<p data-module=\"article-paragraph\" class=\"jsx-3046738180 Paragraph Paragraph__End\">Si tous ces noms ont d\u00e9j\u00e0 \u00e9t\u00e9 officialis\u00e9s, les fr\u00e8res Russo font planer le suspense sur la pr\u00e9sence de Hawkeye (Jeremy Renner), Docteur Strange (Benedict Cumberbatch) ou encore de Peter Parker \/ Spiderman jou\u00e9 par Tom Holland. S&rsquo;il pourrait n&rsquo;appara\u00eetre que dans le film suivant, Avengers: Secret Wars, pr\u00e9vu pour 2027, ce dernier sera toutefois de retour dans Spiderman : Brand New Day l\u2019\u00e9t\u00e9 prochain. Enfin \u00e0 l\u2019instar de Robert Downey Jr. la production aurait convaincu Chris Evans de reprendre du service avec un nouveau personnage, apr\u00e8s avoir pass\u00e9 le bouclier de Captain America \u00e0 Anthony Mackie. \u00c0 suivre\u2026<\/p>\n<p>J\u00e9r\u00f4me VERMELIN<\/p>\n","protected":false},"excerpt":{"rendered":"TMC rediffuse le spectaculaire \u00ab\u00a0Avengers : Infinity War\u00a0\u00bb ce lundi \u00e0 21h25. Il y a quelques jours, de&hellip;\n","protected":false},"author":2,"featured_media":571208,"comment_status":"","ping_status":"","sticky":false,"template":"","format":"standard","meta":{"footnotes":""},"categories":[1354],"tags":[1111,11,1921,12488,68632,68631,650,58,59,1346,1011,27,2137,1922,2041,1360,502,133,2040],"class_list":{"0":"post-571207","1":"post","2":"type-post","3":"status-publish","4":"format-standard","5":"has-post-thumbnail","7":"category-films","8":"tag-actu","9":"tag-actualites","10":"tag-article-video","11":"tag-channing-tatum","12":"tag-chris-evans","13":"tag-chris-hemsworth","14":"tag-cinema","15":"tag-divertissement","16":"tag-entertainment","17":"tag-films","18":"tag-fr","19":"tag-france","20":"tag-hollywood","21":"tag-info","22":"tag-medias-et-divertissement","23":"tag-movies","24":"tag-programme-tv","25":"tag-video","26":"tag-video-culture"},"share_on_mastodon":{"url":"https:\/\/pubeurope.com\/@fr\/115645070348006928","error":""},"_links":{"self":[{"href":"https:\/\/www.europesays.com\/fr\/wp-json\/wp\/v2\/posts\/571207","targetHints":{"allow":["GET"]}}],"collection":[{"href":"https:\/\/www.europesays.com\/fr\/wp-json\/wp\/v2\/posts"}],"about":[{"href":"https:\/\/www.europesays.com\/fr\/wp-json\/wp\/v2\/types\/post"}],"author":[{"embeddable":true,"href":"https:\/\/www.europesays.com\/fr\/wp-json\/wp\/v2\/users\/2"}],"replies":[{"embeddable":true,"href":"https:\/\/www.europesays.com\/fr\/wp-json\/wp\/v2\/comments?post=571207"}],"version-history":[{"count":0,"href":"https:\/\/www.europesays.com\/fr\/wp-json\/wp\/v2\/posts\/571207\/revisions"}],"wp:featuredmedia":[{"embeddable":true,"href":"https:\/\/www.europesays.com\/fr\/wp-json\/wp\/v2\/media\/571208"}],"wp:attachment":[{"href":"https:\/\/www.europesays.com\/fr\/wp-json\/wp\/v2\/media?parent=571207"}],"wp:term":[{"taxonomy":"category","embeddable":true,"href":"https:\/\/www.europesays.com\/fr\/wp-json\/wp\/v2\/categories?post=571207"},{"taxonomy":"post_tag","embeddable":true,"href":"https:\/\/www.europesays.com\/fr\/wp-json\/wp\/v2\/tags?post=571207"}],"curies":[{"name":"wp","href":"https:\/\/api.w.org\/{rel}","templated":true}]}}