{"id":571209,"date":"2025-12-01T15:41:12","date_gmt":"2025-12-01T15:41:12","guid":{"rendered":"https:\/\/www.europesays.com\/fr\/571209\/"},"modified":"2025-12-01T15:41:12","modified_gmt":"2025-12-01T15:41:12","slug":"nos-ongles-de-pieds-pourraient-bientot-servir-a-depister-ce-cancer-redoutable","status":"publish","type":"post","link":"https:\/\/www.europesays.com\/fr\/571209\/","title":{"rendered":"Nos ongles de pieds pourraient bient\u00f4t servir \u00e0 d\u00e9pister ce cancer redoutable !"},"content":{"rendered":"<p><strong>Derni\u00e8rement, des biochimistes et sp\u00e9cialistes du cancer canadiens ont publi\u00e9 une \u00e9tude dont la conclusion peut \u00e9tonner. Les r\u00e9sultats de ces travaux indiquent que nos ongles de pieds pourraient, dans un avenir plus ou moins proche, devenir un outil de d\u00e9pistage pr\u00e9coce du cancer du poumon. Il s\u2019av\u00e8re qu\u2019un simple morceau d\u2019ongle peut r\u00e9v\u00e9ler une exposition prolong\u00e9e \u00e0 un gaz canc\u00e9rog\u00e8ne.<\/strong><\/p>\n<p>Le radon, un danger invisible et inodore<\/p>\n<p>Au D\u00e9partement de physique et d\u2019astronomie de l\u2019Universit\u00e9 de Calgary (Canada), une \u00e9quipe a men\u00e9 une \u00e9tude tr\u00e8s int\u00e9ressante, r\u00e9v\u00e9lant <strong>un lien entre le cancer du poumon et les ongles de pied<\/strong>. Selon ces travaux publi\u00e9s dans la revue <a href=\"https:\/\/www.sciencedirect.com\/science\/article\/pii\/S016041202500532X?via%3Dihub\" target=\"_blank\" rel=\"noopener\">Environment International<\/a> le 20 novembre 2025, l\u2019analyse de morceau d\u2019ongles pourrait r\u00e9v\u00e9ler pr\u00e9cis\u00e9ment <strong>l\u2019exposition d\u2019une personne au radon<\/strong>, un gaz radioactif <a href=\"https:\/\/sciencepost.fr\/radon-gaz-deuxieme-cause-cancer-cancer-poumon\/\" target=\"_blank\" rel=\"noopener\">incarnant la deuxi\u00e8me cause du cancer du poumon<\/a> \u2013 apr\u00e8s le tabac \u2013 notamment chez les non-fumeurs.<\/p>\n<p>Invisible et inodore, le radon <strong>se retrouve naturellement dans le sol et les roches<\/strong> \u2013 en particulier celles renfermant de l\u2019uranium \u2013 et s\u2019infiltre dans les b\u00e2timents ainsi que les eaux souterraines. Par ailleurs, le radon peut aussi provenir des mat\u00e9riaux de construction et a <strong>tendance \u00e0 s\u2019accumuler dans les espaces manquant de ventilation<\/strong>, par exemple les sous-sols et autres caves. Les mines, les tunnels, les usines et certains bureaux peuvent \u00eatre expos\u00e9s.<\/p>\n<p>Par ailleurs, le radon <strong>se d\u00e9sint\u00e8gre en une cha\u00eene de radioactivit\u00e9<\/strong> incluant le plomb, celui-ci incarnant le produit final stable de cette cha\u00eene. Or, les tissus \u00e0 \u00e9limination lente comme la peau, les cheveux et surtout les ongles stockent ce plomb. Selon les meneurs de l\u2019\u00e9tude, <strong>les ongles sont de v\u00e9ritables \u00ab\u00a0archives biologiques\u00a0\u00bb<\/strong> des expositions pass\u00e9es, capables d\u2019enregistrer le niveau d\u2019exposition sur le long terme.<\/p>\n<p>Une m\u00e9thode potentiellement r\u00e9volutionnaire<\/p>\n<p>Les chercheurs canadiens sont \u00e0 l\u2019origine d\u2019une m\u00e9thode consistant \u00e0 mesurer la concentration de radon dans le domicile d\u2019une personne \u00e0 l\u2019aide d\u2019un instrument : le dosim\u00e8tre. Ensuite, il s\u2019agit de proc\u00e9der \u00e0 l\u2019analyse de morceaux d\u2019ongles de pieds fournis par les participants. Pour les responsables des travaux, l\u2019approche permettrait de <strong>quantifier efficacement et individuellement l\u2019exposition au radon<\/strong> et ce, sur le long terme.<\/p>\n<p>\u00ab\u00a0Nous avons combin\u00e9 la mesure de la radioactivit\u00e9 avec une analyse biologique de pr\u00e9cision. Les ongles d\u2019orteils se r\u00e9v\u00e8lent \u00eatre un excellent marqueur de notre exposition cumul\u00e9e.\u00a0\u00bb, a d\u00e9clar\u00e9 Aaron Goodarzi, principal auteur de l\u2019\u00e9tude.<\/p>\n<p>En cas de validation \u00e0 grande \u00e9chelle, la m\u00e9thode pourrait <strong>r\u00e9volutionner la pr\u00e9vention du cancer du poumon<\/strong>. Celle-ci donnerait la possibilit\u00e9 d\u2019identifier les personnes \u00e0 risque qui ne fument pas et par cons\u00e9quent, qui ne sont pas concern\u00e9es par les actuelles campagnes de d\u00e9pistage. Surtout, il s\u2019agit l\u00e0 d\u2019un moyen simple, peu invasif et tr\u00e8s accessible pour <strong>d\u00e9tecter les expositions pouvant \u00eatre jug\u00e9es dangereuses<\/strong> et ce, bien avant l\u2019apparition d\u2019\u00e9ventuels sympt\u00f4mes.<\/p>\n<p><img loading=\"lazy\" data-lazyloaded=\"1\" decoding=\"async\" class=\"size-full wp-image-320272\" src=\"https:\/\/www.europesays.com\/fr\/wp-content\/uploads\/2025\/12\/dosimetre.jpg\" alt=\"dosimetre\" width=\"1024\" height=\"680\"  data-\/>Cr\u00e9dit : Jennifer Boyer \/ Wikimedia CommonsUn dosim\u00e8tre.Que faire en cas d\u2019exposition ?<\/p>\n<p>En attendant que la m\u00e9thode fasse son chemin, il est important de souligner qu\u2019il existe d\u00e9j\u00e0 <strong>des gestes simples pour se prot\u00e9ger<\/strong>, principalement a\u00e9rer son logement au moins une dizaine de minutes quotidiennement, afin d\u2019\u00e9viter l\u2019accumulation de radon \u00e0 l\u2019int\u00e9rieur. A savoir que <strong>certaines zones fran\u00e7aises sont particuli\u00e8rement concern\u00e9es<\/strong> en raison de la nature de leurs sols, notamment les Alpes, la Bretagne, la Corse, le Massif Central ainsi que les Vosges. L\u2019Autorit\u00e9 de s\u00fbret\u00e9 nucl\u00e9aire et de radioprotection (ASNR) propose \u00e9galement <a href=\"https:\/\/recherche-expertise.asnr.fr\/savoir-comprendre\/environnement\/connaitre-potentiel-radon-ma-commune\" target=\"_blank\" rel=\"noopener\">une carte interactive<\/a> permettant d\u2019identifier les communes \u00e0 risque.<\/p>\n<p>En cas de doute, il est \u00e9galement possible de<strong> faire installer un dosim\u00e8tre chez soi<\/strong> durant quelques semaines, afin d\u2019\u00e9valuer la concentration de radon dans l\u2019air int\u00e9rieur. Au-del\u00e0 de 300 Bq\/m\u00b3 d\u2019air, des travaux de r\u00e9novation pourraient s\u2019av\u00e9rer judicieux, visant notamment \u00e0 <strong>am\u00e9liorer l\u2019\u00e9tanch\u00e9it\u00e9 entre les murs et le sol<\/strong> ou encore, \u00e0 renforcer (ou moderniser) le syst\u00e8me de ventilation. Au-del\u00e0 de 1 000 Bq\/m\u00b3 d\u2019air, la situation devient plus pr\u00e9occupante et il s\u2019agira de s\u2019attacher les services d\u2019un professionnel du b\u00e2timent afin d\u2019\u00e9valuer la situation et r\u00e9aliser les travaux qui s\u2019imposent.<\/p>\n","protected":false},"excerpt":{"rendered":"Derni\u00e8rement, des biochimistes et sp\u00e9cialistes du cancer canadiens ont publi\u00e9 une \u00e9tude dont la conclusion peut \u00e9tonner. Les&hellip;\n","protected":false},"author":2,"featured_media":571210,"comment_status":"","ping_status":"","sticky":false,"template":"","format":"standard","meta":{"footnotes":""},"categories":[10],"tags":[1011,27,72,71],"class_list":{"0":"post-571209","1":"post","2":"type-post","3":"status-publish","4":"format-standard","5":"has-post-thumbnail","7":"category-sante","8":"tag-fr","9":"tag-france","10":"tag-health","11":"tag-sante"},"share_on_mastodon":{"url":"https:\/\/pubeurope.com\/@fr\/115645074174526943","error":""},"_links":{"self":[{"href":"https:\/\/www.europesays.com\/fr\/wp-json\/wp\/v2\/posts\/571209","targetHints":{"allow":["GET"]}}],"collection":[{"href":"https:\/\/www.europesays.com\/fr\/wp-json\/wp\/v2\/posts"}],"about":[{"href":"https:\/\/www.europesays.com\/fr\/wp-json\/wp\/v2\/types\/post"}],"author":[{"embeddable":true,"href":"https:\/\/www.europesays.com\/fr\/wp-json\/wp\/v2\/users\/2"}],"replies":[{"embeddable":true,"href":"https:\/\/www.europesays.com\/fr\/wp-json\/wp\/v2\/comments?post=571209"}],"version-history":[{"count":0,"href":"https:\/\/www.europesays.com\/fr\/wp-json\/wp\/v2\/posts\/571209\/revisions"}],"wp:featuredmedia":[{"embeddable":true,"href":"https:\/\/www.europesays.com\/fr\/wp-json\/wp\/v2\/media\/571210"}],"wp:attachment":[{"href":"https:\/\/www.europesays.com\/fr\/wp-json\/wp\/v2\/media?parent=571209"}],"wp:term":[{"taxonomy":"category","embeddable":true,"href":"https:\/\/www.europesays.com\/fr\/wp-json\/wp\/v2\/categories?post=571209"},{"taxonomy":"post_tag","embeddable":true,"href":"https:\/\/www.europesays.com\/fr\/wp-json\/wp\/v2\/tags?post=571209"}],"curies":[{"name":"wp","href":"https:\/\/api.w.org\/{rel}","templated":true}]}}