{"id":571213,"date":"2025-12-01T15:43:13","date_gmt":"2025-12-01T15:43:13","guid":{"rendered":"https:\/\/www.europesays.com\/fr\/571213\/"},"modified":"2025-12-01T15:43:13","modified_gmt":"2025-12-01T15:43:13","slug":"jeanne-confie-la-reaction-de-sa-mere-sur-sa-relation-avec-leo-dans-star-academy","status":"publish","type":"post","link":"https:\/\/www.europesays.com\/fr\/571213\/","title":{"rendered":"Jeanne confie la r\u00e9action de sa m\u00e8re sur sa relation avec L\u00e9o dans \u00abStar academy\u00bb"},"content":{"rendered":"<p>\n    L\u2019acad\u00e9micienne de 22 ans \u00e9tait nomm\u00e9e la semaine derni\u00e8re aux c\u00f4t\u00e9s de son pilier depuis le d\u00e9but du programme TF1. Une position difficile, qui a pouss\u00e9 les parents de la Montoise \u00e0 lui rappeler ses priorit\u00e9s.<\/p>\n<p class=\"fig-paragraph\">La semaine des destins li\u00e9s a donn\u00e9 des sueurs froides \u00e0 plusieurs duos. Le th\u00e8me hebdomadaire dans\u00a0<a href=\"https:\/\/tvmag.lefigaro.fr\/programme-tv\/programme\/star-academy-d476831578\" target=\"_blank\" rel=\"noopener\" data-gtm-custom-categorie=\"navigation\" data-gtm-custom-action=\"crossclick\" data-gtm-custom-label=\"Contextuel\" data-gtm-event=\"customEventSPE\"><strong>\u00abStar Academy\u00bb<\/strong><\/a> \u00a0a pouss\u00e9 les acad\u00e9miciens \u00e0 se faire confiance les uns aux autres, pour le meilleur et pour le pire. Si certaines collaborations \u00e9tonnantes ont particuli\u00e8rement bien fonctionn\u00e9 (notamment Th\u00e9o P. et Anouk qui ont fini premiers du classement), d\u2019autres, plus \u00e9videntes, ont fait chou blanc.<\/p>\n<p class=\"fig-paragraph\">La complicit\u00e9 que partagent\u00a0<a href=\"http:\/\/tvmag.lefigaro.fr\/programme-tv\/tele-realite\/elle-est-a-la-place-qu-elle-merite-qui-est-jeanne-viard-grande-favorite-de-star-academy-20251107\" target=\"_blank\" data-fig-type=\"Article\" rel=\"noopener\" data-gtm-custom-categorie=\"navigation\" data-gtm-custom-action=\"crossclick\" data-gtm-custom-label=\"Contextuel\" data-gtm-event=\"customEventSPE\" data-fig-domain=\"TVMAG\"><strong>Jeanne<\/strong><\/a> \u00a0et L\u00e9o depuis le d\u00e9but de l\u2019\u00e9mission sur\u00a0<a href=\"https:\/\/tvmag.lefigaro.fr\/programme-tv\/chaine\/192\/tous-les-programmes-de-tf1\" target=\"_blank\" rel=\"noopener\" data-gtm-custom-categorie=\"navigation\" data-gtm-custom-action=\"crossclick\" data-gtm-custom-label=\"Contextuel\" data-gtm-event=\"customEventSPE\"><strong>TF1<\/strong><\/a> \u00a0est \u00e9vidente. De nombreux t\u00e9l\u00e9spectateurs suspectent d\u2019ailleurs le d\u00e9but d\u2019une relation amoureuse entre les deux \u00e9l\u00e8ves, sans qu\u2019ils n\u2019aient encore confirm\u00e9 la nouvelle. Pourtant, les deux jeunes artistes n\u2019ont pas r\u00e9ussi \u00e0 convaincre leurs professeurs lors des \u00e9valuations, et se sont ainsi retrouv\u00e9s nomm\u00e9s aux c\u00f4t\u00e9s d\u2019un autre duo, form\u00e9 cette fois par Lily et Th\u00e9o L.<\/p>\n<p>                                                                <a class=\"fig-a11y-skip\" href=\"#fig-a11y-skip-main-inarticle\" data-module=\"a11y-skip\" data-context=\"was @visible\"><br \/>\n    Passer la publicit\u00e9<br \/>\n<\/a>            <\/p>\n<p class=\"fig-paragraph\">C\u2019est donc lors du prime de ce samedi 29 novembre que les quatre acad\u00e9miciens ont d\u00fb d\u00e9fendre leur place, dans l\u2019espoir d\u2019\u00eatre le duo sauv\u00e9 par le public. Pour ce faire, ils ont d\u2019abord \u00e9crit et d\u00e9clar\u00e9 un texte chacun pour expliquer leur motivation. \u00abIl y a quelques jours avec Jeanne, nous avons d\u00e9cid\u00e9 de faire le choix du c\u0153ur, celui qui nous faisait le plus peur. Nous nous retrouvons aujourd\u2019hui devant vous avec quatre accords et un texte \u00e9crit en quelques heures. Ce serait \u00e9vident de vous dire qu\u2019aucun de nous deux ne veut partir, mais je pense parler pour tous les deux en vous disant que rentrer sans l\u2019autre, ce serait pire. On se retrouve une nouvelle fois derri\u00e8re ce piano. Jeanne, tu ne m\u2019en voudras pas si je ne t\u2019accompagne pas ce soir mais gr\u00e2ce \u00e0 toi, j\u2019ai bient\u00f4t le niveau\u00bb, a pr\u00e9sent\u00e9 L\u00e9o avant de laisser la parole \u00e0 Jeanne.<\/p>\n<p class=\"fig-paragraph\">\u00abIl est maintenant venu l\u2019heure, l\u2019ultime moment de faire nos preuves. Montrer que nous sommes avant tout des artistes qui en veulent. Montrer que cette flamme qui br\u00fble en nous n\u2019est pas pr\u00e8s de s\u2019\u00e9teindre, et que les petites voix peuvent aussi toucher les c\u0153urs. Apprendre n\u2019a jamais \u00e9t\u00e9 aussi amusant \u00e0 vos c\u00f4t\u00e9s, et chanter pour vous chaque samedi, une n\u00e9cessit\u00e9\u00bb, a ensuite d\u00e9clar\u00e9 l\u2019interpr\u00e8te de Respire fort.<\/p>\n<p class=\"fig-body-link\">\n            \u00c0 lire aussi<br \/>\n        <a class=\"fig-body-link__link\" href=\"http:\/\/tvmag.lefigaro.fr\/programme-tv\/tele-realite\/nous-sommes-les-oublies-de-star-academy-que-devient-pauline-maserati-candidate-de-la-saison-diffusee-sur-nrj12-20251129\" target=\"_blank\" data-fig-type=\"Article\" rel=\"noopener\" data-gtm-custom-categorie=\"navigation\" data-gtm-custom-action=\"crossclick\" data-gtm-custom-label=\"Contextuel\" data-gtm-event=\"customEventSPE\" data-fig-domain=\"TVMAG\"><\/p>\n<p>        \u00abNous sommes les oubli\u00e9s de \u201cStar Academy\u201d\u00bb\u00a0: que devient Pauline Maserati, candidate de la saison diffus\u00e9e sur NRJ12\u00a0?<br \/>\n    <\/a>\n<\/p>\n<p class=\"fig-paragraph\">Des paroles ainsi qu\u2019une interpr\u00e9tation de la chanson de Jean-Louis Aubert, Alter ego, qui leur ont permis d\u2019accumuler suffisamment de votes de la part des t\u00e9l\u00e9spectateurs pour rentrer tous les deux au ch\u00e2teau. Lily et Th\u00e9o L. ont donc \u00e9t\u00e9 soumis au choix des \u00e9l\u00e8ves, qui ont pr\u00e9f\u00e9r\u00e9 garder la musicienne au d\u00e9triment du chanteur.<\/p>\n<p class=\"fig-paragraph\">C\u2019est dans le bus retour que Jeanne a enfin pu souffler un peu. \u00abNous sommes tr\u00e8s soulag\u00e9s, tr\u00e8s contents. Merci du fond du c\u0153ur d\u2019avoir vot\u00e9 pour nous. Je pense que c\u2019\u00e9tait tr\u00e8s serr\u00e9, c\u2019\u00e9tait une soir\u00e9e de fous\u00a0! \u00c7a m\u2019a fait trop plaisir de partager \u00e7a avec L\u00e9o\u00bb, s\u2019est-elle exprim\u00e9e. Seulement\u00a0<a href=\"https:\/\/www.lefigaro.fr\/tag\/karima-charni\" target=\"_blank\" rel=\"noopener\" data-gtm-custom-categorie=\"navigation\" data-gtm-custom-action=\"crossclick\" data-gtm-custom-label=\"Contextuel\" data-gtm-event=\"customEventSPE\">Karima Charni<\/a>, qui les accompagnait comme \u00e0 son habitude le temps du trajet retour vers le ch\u00e2teau de Dammarie-les-Lys, n\u2019a pas pu r\u00e9sister \u00e0 poser une question \u00e0 la Montoise\u00a0: \u00abCette semaine, on t\u2019a entendue dire\u00a0: \u201cJe suis pr\u00eate \u00e0 me sacrifier\u201d. Tu l\u2019aurais vraiment fait ou pas\u00a0? Je me dois de te poser la question\u00a0!\u00bb<\/p>\n<p class=\"fig-paragraph\">En effet, Jeanne avait assur\u00e9 \u00e0 L\u00e9o apr\u00e8s avoir appris leur nomination, qu\u2019elle n\u2019h\u00e9siterait pas \u00e0 lui laisser sa place, pr\u00e9textant avoir d\u00e9j\u00e0 eu sa chance en faisant son autoportrait contrairement \u00e0 L\u00e9o. La s\u00e9quence avait surpris voire \u00e9nerv\u00e9 les internautes, qui n\u2019\u00e9taient visiblement pas les seuls. \u00abJe me suis fait engueuler par ma m\u00e8re\u00a0! Elle m\u2019a dit\u00a0: \u201cMais ne te sacrifie pas\u00a0!\u201d Non, \u00e7a aurait \u00e9t\u00e9 tr\u00e8s dur, mais je ne me serais pas sacrifi\u00e9e\u00a0! C\u2019\u00e9tait dans le sens o\u00f9, forc\u00e9ment, on s\u2019attache \u00e0 des gens. je me suis attach\u00e9e \u00e0 L\u00e9o comme \u00e0 tout le monde. Dans une semaine o\u00f9 nous avons tout fait ensemble, \u00e7a aurait \u00e9t\u00e9 compliqu\u00e9 de me dire que je suis responsable de son d\u00e9part. J\u2019ai dit \u00e7a sur le moment, mais non maman, je ne me serais pas sacrifi\u00e9e. D\u00e9sol\u00e9e\u00bb, a t\u00e9moign\u00e9 Jeanne.<\/p>\n","protected":false},"excerpt":{"rendered":"L\u2019acad\u00e9micienne de 22 ans \u00e9tait nomm\u00e9e la semaine derni\u00e8re aux c\u00f4t\u00e9s de son pilier depuis le d\u00e9but du&hellip;\n","protected":false},"author":2,"featured_media":571214,"comment_status":"","ping_status":"","sticky":false,"template":"","format":"standard","meta":{"footnotes":""},"categories":[8],"tags":[58,59,1011,27,5095,199],"class_list":{"0":"post-571213","1":"post","2":"type-post","3":"status-publish","4":"format-standard","5":"has-post-thumbnail","7":"category-divertissement","8":"tag-divertissement","9":"tag-entertainment","10":"tag-fr","11":"tag-france","12":"tag-star-academy","13":"tag-tf1"},"share_on_mastodon":{"url":"https:\/\/pubeurope.com\/@fr\/115645081468332019","error":""},"_links":{"self":[{"href":"https:\/\/www.europesays.com\/fr\/wp-json\/wp\/v2\/posts\/571213","targetHints":{"allow":["GET"]}}],"collection":[{"href":"https:\/\/www.europesays.com\/fr\/wp-json\/wp\/v2\/posts"}],"about":[{"href":"https:\/\/www.europesays.com\/fr\/wp-json\/wp\/v2\/types\/post"}],"author":[{"embeddable":true,"href":"https:\/\/www.europesays.com\/fr\/wp-json\/wp\/v2\/users\/2"}],"replies":[{"embeddable":true,"href":"https:\/\/www.europesays.com\/fr\/wp-json\/wp\/v2\/comments?post=571213"}],"version-history":[{"count":0,"href":"https:\/\/www.europesays.com\/fr\/wp-json\/wp\/v2\/posts\/571213\/revisions"}],"wp:featuredmedia":[{"embeddable":true,"href":"https:\/\/www.europesays.com\/fr\/wp-json\/wp\/v2\/media\/571214"}],"wp:attachment":[{"href":"https:\/\/www.europesays.com\/fr\/wp-json\/wp\/v2\/media?parent=571213"}],"wp:term":[{"taxonomy":"category","embeddable":true,"href":"https:\/\/www.europesays.com\/fr\/wp-json\/wp\/v2\/categories?post=571213"},{"taxonomy":"post_tag","embeddable":true,"href":"https:\/\/www.europesays.com\/fr\/wp-json\/wp\/v2\/tags?post=571213"}],"curies":[{"name":"wp","href":"https:\/\/api.w.org\/{rel}","templated":true}]}}