{"id":571215,"date":"2025-12-01T15:44:11","date_gmt":"2025-12-01T15:44:11","guid":{"rendered":"https:\/\/www.europesays.com\/fr\/571215\/"},"modified":"2025-12-01T15:44:11","modified_gmt":"2025-12-01T15:44:11","slug":"la-planete-enfin-dotee-delectricite-atmospherique","status":"publish","type":"post","link":"https:\/\/www.europesays.com\/fr\/571215\/","title":{"rendered":"la plan\u00e8te enfin dot\u00e9e d\u2019\u00e9lectricit\u00e9 atmosph\u00e9rique"},"content":{"rendered":"<p>Le 26\u202fnovembre\u202f2025, des chercheurs ont annonc\u00e9 la toute premi\u00e8re d\u00e9tection de d\u00e9charges \u00e9lectriques sur Mars, r\u00e9v\u00e9lant la pr\u00e9sence d\u2019\u00e9clairs \u2014 ou plut\u00f4t de mini\u2011\u00e9clairs \u2014 dans une atmosph\u00e8re longtemps jug\u00e9e trop t\u00e9nue pour supporter ce type de ph\u00e9nom\u00e8ne. <\/p>\n<p>Origine et nature des \u00e9clairs sur Mars<\/p>\n<p>Les observations sur la <a href=\"https:\/\/www.rse-magazine.com\/on-a-franchi-la-ligne-rouge-lalerte-choc-de-lademe-sur-letat-reel-de-la-planete\/\" target=\"_blank\" rel=\"noopener\">plan\u00e8te <\/a>Mars proviennent de l\u2019analyse des enregistrements audio et \u00e9lectromagn\u00e9tiques r\u00e9alis\u00e9s par l\u2019instrument SuperCam de Perseverance. <strong>Sur un total de 28\u202fheures d\u2019\u00e9coute, r\u00e9parties sur deux ann\u00e9es martiennes, les scientifiques ont rep\u00e9r\u00e9 55 \u00e9v\u00e9nements d\u2019origine \u00e9lectrique.<\/strong><\/p>\n<p>Ces d\u00e9charges, qualifi\u00e9es de \u00ab\u202fmini\u2011lightning\u202f\u00bb, \u00e9taient souvent associ\u00e9es \u00e0 des temp\u00eates de poussi\u00e8re ou \u00e0 des tourbillons de sable (dust devils). Dans ces conditions, <strong>des grains minuscules de poussi\u00e8re et de sable entrent en friction, accumulent des charges \u00e9lectriques, puis lib\u00e8rent cette \u00e9nergie sous forme d\u2019arcs \u00e9lectriques<\/strong>, parfois juste quelques centim\u00e8tres, parfois quelques millisecondes \u2014 une version bien plus modeste que les \u00e9clairs terrestres.<\/p>\n<p>Selon les chercheurs, l\u2019atmosph\u00e8re martienne \u2014 tr\u00e8s fine, riche en dioxyde de carbone, poussi\u00e9reuse et turbulente \u2014 r\u00e9duit la quantit\u00e9 de charge n\u00e9cessaire pour provoquer une d\u00e9charge. Ainsi, ce qui demeure rare et discret sur Terre peut \u00eatre plus facile \u00e0 d\u00e9clencher sur la plan\u00e8te rouge.<\/p>\n<p>En d\u00e9pit de ces signaux, il ne s\u2019agit pas d\u2019\u00e9clairs spectaculaires comme sur Terre : <strong>aucun flash lumineux ou tonnerre n\u2019a \u00e9t\u00e9 observ\u00e9.<\/strong> Comme l\u2019explique un co\u2011auteur de l\u2019\u00e9tude : \u00ab ce n\u2019est pas vraiment de la foudre \u00bb mais \u00ab un petit arc, peut\u2011\u00eatre de quelques millim\u00e8tres \u00bb suivi d\u2019un claquement audible.<\/p>\n<p>Un robot au coeur de cette d\u00e9couverte<\/p>\n<p>L\u2019\u00e9tude a \u00e9t\u00e9 conduite par une \u00e9quipe dirig\u00e9e par le chercheur fran\u00e7ais Baptiste Chide, du Laboratoire d\u2019astrophysique et plan\u00e9tologie, en collaboration avec la <a href=\"https:\/\/www.nasa.gov\/missions\/mars-reconnaissance-orbiter\/nasa-orbiter-shines-new-light-on-long-running-martian-mystery\/\" target=\"_blank\" rel=\"noopener\">NASA<\/a>.<\/p>\n<p>Ce r\u00e9sultat repose sur l\u2019instrument SuperCam du rover Perseverance, plac\u00e9 dans le crat\u00e8re Jezero depuis 2021. Cet instrument, initialement con\u00e7u pour analyser la composition min\u00e9rale et g\u00e9ologique, utilise des <strong>lasers et capteurs sensibles qui se sont av\u00e9r\u00e9s capables de rep\u00e9rer des signaux \u00e9lectromagn\u00e9tiques et acoustiques caract\u00e9risant des d\u00e9charges \u00e9lectriques.<\/strong><\/p>\n<p>La d\u00e9couverte est qualifi\u00e9e de \u00ab majeure \u00bb par les scientifiques eux-m\u00eames \u2014 une premi\u00e8re preuve directe que l\u2019atmosph\u00e8re de Mars peut produire des arcs \u00e9lectriques.<\/p>\n<p>Des promesses pour la science et l\u2019homme<\/p>\n<p>D\u2019abord, la d\u00e9tection de ces mini\u2011\u00e9clairs sugg\u00e8re que l\u2019atmosph\u00e8re de Mars est plus dynamique qu\u2019on ne l\u2019imaginait. Ce processus d\u2019\u00e9lectrification par friction de poussi\u00e8re pourrait jouer un r\u00f4le dans le transport de poussi\u00e8res, dans la chimie atmosph\u00e9rique, voire dans la formation de compos\u00e9s chimiques \u2014 des points cruciaux pour comprendre le climat martien et son \u00e9volution. <\/p>\n<p>Ensuite, cette d\u00e9couverte a des implications pour l\u2019exploration future. Si des d\u00e9charges \u00e9lectriques peuvent survenir pendant des temp\u00eates, elles pourraient endommager les instruments robotiques voire, dans l\u2019avenir, constituer un risque pour des hommes sur Mars. Les chercheurs l\u2019ont d\u2019ailleurs soulign\u00e9 : <strong>des d\u00e9charges \u00e9lectrostatiques fr\u00e9quentes pourraient poser probl\u00e8me pour du mat\u00e9riel sensible.<\/strong><\/p>\n<p>En outre, le simple fait que Mars rejoigne ainsi la liste des plan\u00e8tes ayant une activit\u00e9 \u00e9lectrique atmosph\u00e9rique \u2014 aux c\u00f4t\u00e9s de la Terre, Jupiter ou Saturne \u2014 modifie profond\u00e9ment notre compr\u00e9hension de la diversit\u00e9 des climats plan\u00e9taires et de ce que recouvre le concept de plan\u00e8te \u00e9lectrique. <\/p>\n<p>Vers de nouvelles explorations<\/p>\n<p>Malgr\u00e9 cette avanc\u00e9e, l\u2019interpr\u00e9tation reste prudente.<strong> Les mini\u2011\u00e9clairs n\u2019ont \u00e9t\u00e9 ni vus, ni film\u00e9s \u2014 uniquement \u00ab entendus \u00bb via des enregistrements audios.<\/strong> Comme le souligne un expert externe, cela reste \u00ab persuasif \u00bb mais non d\u00e9finitif tant qu\u2019un instrument d\u00e9di\u00e9 n\u2019aura pas captur\u00e9 une d\u00e9charge visuelle ou \u00e9lectrique plus spectaculaire.<\/p>\n<p>De plus, la d\u00e9finition de \u00ab foudre \u00bb \u2014 telle qu\u2019on la conna\u00eet sur Terre \u2014 ne correspond pas \u00e0 ces ph\u00e9nom\u00e8nes : <strong>ces arcs sont beaucoup plus faibles, courts, discrets, et ne produisent pas de flash lumineux visible.<\/strong><\/p>\n<p>Enfin, pour aller plus loin, il faudra envoyer des instruments con\u00e7us pour d\u00e9tecter la foudre martienne \u2014 non seulement des micros, mais des capteurs \u00e9lectromagn\u00e9tiques, des cam\u00e9ras \u00e0 haute sensibilit\u00e9 lumineuse, voire des mesures de composition chimique. Cela pourrait nourrir de futurs projets d\u2019exploration robotique ou humaine.<\/p>\n","protected":false},"excerpt":{"rendered":"Le 26\u202fnovembre\u202f2025, des chercheurs ont annonc\u00e9 la toute premi\u00e8re d\u00e9tection de d\u00e9charges \u00e9lectriques sur Mars, r\u00e9v\u00e9lant la pr\u00e9sence&hellip;\n","protected":false},"author":2,"featured_media":571216,"comment_status":"","ping_status":"","sticky":false,"template":"","format":"standard","meta":{"footnotes":""},"categories":[7],"tags":[1011,27,43,40,41,39,42,44],"class_list":{"0":"post-571215","1":"post","2":"type-post","3":"status-publish","4":"format-standard","5":"has-post-thumbnail","7":"category-sciences-et-technologies","8":"tag-fr","9":"tag-france","10":"tag-science","11":"tag-science-and-technology","12":"tag-sciences","13":"tag-sciences-et-technologies","14":"tag-technologies","15":"tag-technology"},"share_on_mastodon":{"url":"https:\/\/pubeurope.com\/@fr\/115645085418349611","error":""},"_links":{"self":[{"href":"https:\/\/www.europesays.com\/fr\/wp-json\/wp\/v2\/posts\/571215","targetHints":{"allow":["GET"]}}],"collection":[{"href":"https:\/\/www.europesays.com\/fr\/wp-json\/wp\/v2\/posts"}],"about":[{"href":"https:\/\/www.europesays.com\/fr\/wp-json\/wp\/v2\/types\/post"}],"author":[{"embeddable":true,"href":"https:\/\/www.europesays.com\/fr\/wp-json\/wp\/v2\/users\/2"}],"replies":[{"embeddable":true,"href":"https:\/\/www.europesays.com\/fr\/wp-json\/wp\/v2\/comments?post=571215"}],"version-history":[{"count":0,"href":"https:\/\/www.europesays.com\/fr\/wp-json\/wp\/v2\/posts\/571215\/revisions"}],"wp:featuredmedia":[{"embeddable":true,"href":"https:\/\/www.europesays.com\/fr\/wp-json\/wp\/v2\/media\/571216"}],"wp:attachment":[{"href":"https:\/\/www.europesays.com\/fr\/wp-json\/wp\/v2\/media?parent=571215"}],"wp:term":[{"taxonomy":"category","embeddable":true,"href":"https:\/\/www.europesays.com\/fr\/wp-json\/wp\/v2\/categories?post=571215"},{"taxonomy":"post_tag","embeddable":true,"href":"https:\/\/www.europesays.com\/fr\/wp-json\/wp\/v2\/tags?post=571215"}],"curies":[{"name":"wp","href":"https:\/\/api.w.org\/{rel}","templated":true}]}}