{"id":571217,"date":"2025-12-01T15:45:18","date_gmt":"2025-12-01T15:45:18","guid":{"rendered":"https:\/\/www.europesays.com\/fr\/571217\/"},"modified":"2025-12-01T15:45:18","modified_gmt":"2025-12-01T15:45:18","slug":"renault-clio-et-captur-hybrides-7-francais-sur-10-choisissent-le-tech-pour-echapper-au-tout-electrique","status":"publish","type":"post","link":"https:\/\/www.europesays.com\/fr\/571217\/","title":{"rendered":"Renault Clio et Captur hybrides : 7 Fran\u00e7ais sur 10 choisissent l&rsquo;E-Tech pour \u00e9chapper au tout-\u00e9lectrique"},"content":{"rendered":"<p><strong>Vous avez un doute entre thermique et \u00e9lectrique ? Renault pense \u00e0 vous. Avec ses versions hybrides de la Clio et du Captur, le constructeur fran\u00e7ais vise pile au milieu \u2014 et \u00e7a tombe bien, c\u2019est souvent l\u00e0 que se trouvent les conducteurs fran\u00e7ais.<\/strong><\/p>\n<p>Vous avez s\u00fbrement d\u00e9j\u00e0 entendu parler de la Clio E-Tech ou du Captur hybride, non ? Et franchement, il y a de quoi s\u2019interroger ! Parce que quand on vit en France et qu\u2019on voit le prix de l\u2019essence, la gal\u00e8re des bornes de recharge et les zones \u00e0 faibles \u00e9missions qui se multiplient, on se demande forc\u00e9ment : mais c\u2019est quoi la meilleure solution en 2025 ? Tout \u00e9lectrique ? Trop cher. Thermique ? Bient\u00f4t interdit. Et l\u2019hybride alors ? Franchement\u2026 c\u2019est peut-\u00eatre le moment ou jamais de s\u2019y int\u00e9resser s\u00e9rieusement.<\/p>\n<p>D\u2019ailleurs, c\u2019est exactement ce que pensent de plus en plus de Fran\u00e7ais aujourd\u2019hui. Entre la peur de tomber en panne s\u00e8che de batterie et la volont\u00e9 de r\u00e9duire sa conso sans se ruiner, beaucoup se tournent vers un entre-deux. Et Renault, forc\u00e9ment, l\u2019a bien compris. R\u00e9sultat : leur gamme hybride ne cesse de s\u2019\u00e9toffer, et deux mod\u00e8les en particulier sortent du lot \u2014 la Clio et le Captur. Deux stars bien connues chez nous, qui se r\u00e9inventent version \u201cmi-\u00e9lectrique, mi-thermique\u201d pour coller pile \u00e0 nos besoins d\u2019aujourd\u2019hui.<\/p>\n<p>Alors, qu\u2019est-ce qui se cache vraiment derri\u00e8re tout \u00e7a ? Et surtout, qu\u2019est-ce que \u00e7a change concr\u00e8tement pour nous, en France ?<\/p>\n<p>Clio E-Tech : une citadine hybride qui cartonne en France<\/p>\n<p>Bon, parlons chiffres : sur la derni\u00e8re Clio restyl\u00e9e, plus de\u00a07 Fran\u00e7ais sur 10 choisissent la version hybride E-Tech. Et honn\u00eatement,\u00a0c\u2019est pas\u00a0\u00e9tonnant. Parce que sans m\u00eame avoir besoin de la brancher, on roule souvent en \u00e9lectrique dans les embouteillages ou \u00e0 basse vitesse. R\u00e9sultat ? Moins de bruit, moins de consommation, et plus de confort au quotidien.<\/p>\n<p>Et puis la Clio, on la conna\u00eet bien : compacte, maniable, bien finie, pas tape-\u00e0-l\u2019\u0153il mais s\u00e9rieuse. En version hybride, elle garde toutes ses qualit\u00e9s\u2026 en mieux. La conduite est plus douce, les reprises sont vives, et on descend facilement sous les\u00a05 litres aux 100 km\u00a0en usage mixte. Un coll\u00e8gue m\u2019a m\u00eame dit qu\u2019en ville, il arrive \u00e0 faire du\u00a04,2 L\/100 sans forcer, juste en anticipant un peu. Pas mal pour une voiture non rechargeable !<\/p>\n<p>Et en termes de prix ? En France, la Clio E-Tech\u00a0commence \u00e0 partir de 24\u202f600 \u20ac\u00a0en version de base. Les finitions plus \u00e9quip\u00e9es grimpent\u00a0jusqu\u2019\u00e0 29\u202f300 \u20ac. Ce n\u2019est pas donn\u00e9, mais avec les \u00e9conomies de carburant et les frais d\u2019entretien r\u00e9duits, le calcul peut vite devenir int\u00e9ressant, surtout si vous roulez beaucoup.<\/p>\n<p>Captur E-Tech : l\u2019hybride familial qui veut plaire \u00e0 tout le monde<\/p>\n<p>Si vous avez besoin d\u2019un peu plus d\u2019espace que dans une Clio, le Captur hybride coche beaucoup de cases. C\u2019est un petit SUV polyvalent, id\u00e9al pour les trajets boulot, les d\u00e9parts en week-end, et m\u00eame les vacances \u00e0 quatre. Et surtout, il propose exactement la m\u00eame techno hybride que la Clio, mais avec plus de place \u00e0 bord et un coffre plus logeable.<\/p>\n<blockquote class=\"wp-embedded-content\" data-secret=\"8ZlGFEpr59\">\n<p><a href=\"https:\/\/www.monautoneuve.fr\/actualites\/lamborghini-fenomeno-2027-le-suv-v12-electrifie-de-1-150-ch-qui-nexistera-qua-30-exemplaires-et-restera-interdit-aux-francais\/\" target=\"_blank\" rel=\"noopener\">Lamborghini Fenomeno 2027 : le SUV V12 \u00e9lectrifi\u00e9 de 1 150 ch qui n\u2019existera qu\u2019\u00e0 30 exemplaires et restera interdit aux Fran\u00e7ais<\/a><\/p>\n<\/blockquote>\n<p>En conduite, c\u2019est assez bluffant : l\u2019\u00e9lectrique se d\u00e9clenche souvent sans m\u00eame qu\u2019on s\u2019en rende compte. Le silence, surtout en ville, est vraiment appr\u00e9ciable. Et d\u00e8s qu\u2019on appuie un peu, les 145 ch combin\u00e9s offrent des reprises plut\u00f4t vives. Ce n\u2019est pas une voiture de sport, mais pour doubler ou monter une c\u00f4te charg\u00e9e, \u00e7a fait le job sans peine.<\/p>\n<p>C\u00f4t\u00e9 consommation ? Comptez autour de 5 \u00e0 5,5 L\/100 km en usage vari\u00e9. L\u00e0 encore, pas besoin de prise, tout se fait tout seul. Et pour le prix, le Captur E-Tech d\u00e9marre autour de 28\u202f900 \u20ac, avec certaines finitions qui montent jusqu\u2019\u00e0 32\u202f500 \u20ac. Clairement, on est sur un positionnement familial, mais encore accessible.<\/p>\n<p>Pourquoi l\u2019hybride s\u00e9duit de plus en plus en France<\/p>\n<p>Franchement, quand on y pense, l\u2019hybride est pile dans l\u2019air du temps. On sent bien que le thermique pur est en fin de course, surtout avec les normes Euro 7 qui arrivent et les ZFE qui se multiplient. Mais passer au 100 % \u00e9lectrique, c\u2019est pas encore pour tout le monde : bornes rares, autonomie encore limit\u00e9e pour les petits mod\u00e8les, prix \u00e9lev\u00e9s\u2026 bref, c\u2019est compliqu\u00e9.<\/p>\n<p>L\u2019hybride full, lui, c\u2019est z\u00e9ro prise, mais pas z\u00e9ro \u00e9lectrons. Et \u00e7a, \u00e7a rassure. On consomme moins, on pollue moins, et on reste libre de rouler partout, m\u00eame en ville. En plus, les moteurs E-Tech de Renault sont parmi les plus aboutis du march\u00e9 : pas de bo\u00eete classique, mais un syst\u00e8me intelligent qui jongle entre \u00e9lectrique et thermique en douceur.<\/p>\n<p>Et puis soyons honn\u00eates : pour un usage du quotidien, entre 20 et 50 km par jour, c\u2019est largement suffisant. On roule en partie \u00e0 l\u2019\u00e9lectrique sans s\u2019en rendre compte, et on fait des \u00e9conomies sans stress.<\/p>\n<p>Renault joue une carte strat\u00e9gique tr\u00e8s fran\u00e7aise<\/p>\n<p>C\u2019est marrant parce qu\u2019en voyant d\u2019autres marques courir apr\u00e8s le 100 % \u00e9lectrique \u00e0 tout prix, on pourrait croire que Renault est en retard. Mais pas du tout. En r\u00e9alit\u00e9, ils ont bien compris que le c\u0153ur du march\u00e9 europ\u00e9en reste attach\u00e9 \u00e0 la libert\u00e9, au compromis, et au bon sens.<\/p>\n<p>Et en France, \u00e7a se v\u00e9rifie tous les jours. On veut des voitures pratiques, confortables, pas trop ch\u00e8res, et capables de tout faire. L\u2019hybride remplit ces cases sans casser la tirelire. Et avec des mod\u00e8les comme Clio ou Captur qui sont d\u00e9j\u00e0 populaires, c\u2019est plus facile d\u2019attirer les h\u00e9sitants que de sortir un mod\u00e8le futuriste et hors budget.<\/p>\n<p>D\u2019ailleurs, avec la fin programm\u00e9e du thermique en 2035, cette strat\u00e9gie permet aussi de pr\u00e9parer la transition en douceur, sans braquer les automobilistes. Une sorte de tremplin malin vers un futur plus propre, mais sans rupture brutale.<\/p>\n<p>Prix et disponibilit\u00e9 en France<\/p>\n<p>En 2025, voici ce que \u00e7a donne pour les Fran\u00e7ais :<\/p>\n<tr>\nMod\u00e8le<br \/>\nPrix \u00e0 partir de<br \/>\nPrix haut de gamme<br \/>\nConso moyenne<br \/>\n<\/tr>\n<tr>\n<td>Clio E-Tech Full Hybrid<\/td>\n<td>24\u202f600 \u20ac<\/td>\n<td>29\u202f300 \u20ac<\/td>\n<td>4,2 \u00e0 5,0 L\/100 km<\/td>\n<\/tr>\n<tr>\n<td>Captur E-Tech Full Hybrid<\/td>\n<td>28\u202f900 \u20ac<\/td>\n<td>32\u202f500 \u20ac<\/td>\n<td>5,0 \u00e0 5,5 L\/100 km<\/td>\n<\/tr>\n<p><img fetchpriority=\"high\" decoding=\"async\" class=\"size-full wp-image-52078 webpexpress-processed\" src=\"data:image\/svg+xml,%3Csvg%20xmlns=\" http:=\"\" alt=\"Luca de Meo, PDG de Renault, debout devant la M\u00e9gane E-Tech Electric, en ext\u00e9rieur\" width=\"1200\" height=\"800\" data-lazy- data-lazy- data-lazy-src=\"https:\/\/www.europesays.com\/fr\/wp-content\/uploads\/2025\/12\/luca-de-meo-megane-e-tech.jpg\"\/>Luca de Meo, patron du groupe Renault, continue de miser sur une strat\u00e9gie hybride-\u00e9lectrique tr\u00e8s marqu\u00e9e en Europe. En parall\u00e8le des mod\u00e8les E-Tech hybrides, la marque d\u00e9veloppe une gamme 100 % \u00e9lectrique port\u00e9e par la M\u00e9gane, la R5 et bient\u00f4t la future R4. \u00a9 Renault<\/p>\n<ul>\n<li>Pas besoin de borne de recharge \u00e0 la maison<\/li>\n<li>Disponible imm\u00e9diatement chez les concessions fran\u00e7aises<\/li>\n<li>Entretien simplifi\u00e9 gr\u00e2ce \u00e0 l\u2019absence d\u2019embrayage<\/li>\n<\/ul>\n<p>En tant que jeune m\u00e9dia ind\u00e9pendant, Mon Auto Neuve a besoin de votre aide. Soutenez-nous en nous suivant et en nous ajoutant \u00e0 vos favoris sur Google News. Merci !<\/p>\n<p><a href=\"https:\/\/news.google.com\/publications\/CAAqKggKIiRDQklTRlFnTWFoRUtEMjF2Ym1GMWRHOXVaWFYyWlM1bWNpZ0FQAQ?hl=fr&amp;gl=FR&amp;ceid=FR%3Afr\" target=\"_blank\" rel=\"external noopener\">Suivez-nous sur Google News <\/a><\/p>\n","protected":false},"excerpt":{"rendered":"Vous avez un doute entre thermique et \u00e9lectrique ? Renault pense \u00e0 vous. Avec ses versions hybrides de&hellip;\n","protected":false},"author":2,"featured_media":571218,"comment_status":"","ping_status":"","sticky":false,"template":"","format":"standard","meta":{"footnotes":""},"categories":[6],"tags":[35,33,34,1011,27,10651],"class_list":{"0":"post-571217","1":"post","2":"type-post","3":"status-publish","4":"format-standard","5":"has-post-thumbnail","7":"category-economie","8":"tag-business","9":"tag-economie","10":"tag-economy","11":"tag-fr","12":"tag-france","13":"tag-renault"},"share_on_mastodon":{"url":"https:\/\/pubeurope.com\/@fr\/115645089390373237","error":""},"_links":{"self":[{"href":"https:\/\/www.europesays.com\/fr\/wp-json\/wp\/v2\/posts\/571217","targetHints":{"allow":["GET"]}}],"collection":[{"href":"https:\/\/www.europesays.com\/fr\/wp-json\/wp\/v2\/posts"}],"about":[{"href":"https:\/\/www.europesays.com\/fr\/wp-json\/wp\/v2\/types\/post"}],"author":[{"embeddable":true,"href":"https:\/\/www.europesays.com\/fr\/wp-json\/wp\/v2\/users\/2"}],"replies":[{"embeddable":true,"href":"https:\/\/www.europesays.com\/fr\/wp-json\/wp\/v2\/comments?post=571217"}],"version-history":[{"count":0,"href":"https:\/\/www.europesays.com\/fr\/wp-json\/wp\/v2\/posts\/571217\/revisions"}],"wp:featuredmedia":[{"embeddable":true,"href":"https:\/\/www.europesays.com\/fr\/wp-json\/wp\/v2\/media\/571218"}],"wp:attachment":[{"href":"https:\/\/www.europesays.com\/fr\/wp-json\/wp\/v2\/media?parent=571217"}],"wp:term":[{"taxonomy":"category","embeddable":true,"href":"https:\/\/www.europesays.com\/fr\/wp-json\/wp\/v2\/categories?post=571217"},{"taxonomy":"post_tag","embeddable":true,"href":"https:\/\/www.europesays.com\/fr\/wp-json\/wp\/v2\/tags?post=571217"}],"curies":[{"name":"wp","href":"https:\/\/api.w.org\/{rel}","templated":true}]}}