{"id":571219,"date":"2025-12-01T15:46:13","date_gmt":"2025-12-01T15:46:13","guid":{"rendered":"https:\/\/www.europesays.com\/fr\/571219\/"},"modified":"2025-12-01T15:46:13","modified_gmt":"2025-12-01T15:46:13","slug":"un-jeune-homme-de-19-ans-entre-volontairement-dans-la-cage-dune-lionne-au-bresil-et-se-fait-tuer","status":"publish","type":"post","link":"https:\/\/www.europesays.com\/fr\/571219\/","title":{"rendered":"Un jeune homme de 19\u00a0ans entre volontairement dans la cage d\u2019une lionne au Br\u00e9sil et se fait tuer"},"content":{"rendered":"<p class=\"paragraph text_align_left lp-f-body-02\">Les circonstances de l\u2019incident doivent encore \u00eatre \u00e9claircies. Dimanche 30 novembre, un jeune homme de 19 ans s\u2019est introduit dans la cage d\u2019une lionne du Parque Zoobotanico Arruda C\u00e2mara, \u00e0 Jo\u00e3o Pessoa, au Br\u00e9sil. Il a \u00e9t\u00e9 <a href=\"https:\/\/www.leparisien.fr\/faits-divers\/un-gardien-de-zoo-devore-par-une-meute-de-lions-sous-les-yeux-de-touristes-en-thailande-11-09-2025-GUG64DEBPRGJZAZFHZYH47IRDE.php\" target=\"_self\" rel=\"noopener\">mortellement attaqu\u00e9<\/a> par le f\u00e9lin quelques minutes plus tard sous les yeux de visiteurs qui se trouvaient, eux, de l\u2019autre c\u00f4t\u00e9 de la vitre en verre.<\/p>\n<p class=\"paragraph text_align_left lp-f-body-02\">Sur les images partag\u00e9es par les m\u00e9dias locaux &#8211; qui peuvent choquer -, on voit l\u2019homme escalader un mur et passer au-dessus des grilles de protection, avant de s\u2019introduire dans l\u2019enclos en se laissant glisser sur un arbre. Les \u00e9quipes de s\u00e9curit\u00e9 ont tent\u00e9 d\u2019intervenir, mais l\u2019homme a \u00e9t\u00e9 trop rapide. Il est d\u00e9c\u00e9d\u00e9 \u00ab des suites de ses blessures \u00bb, indique un communiqu\u00e9 du zoo.<\/p>\n<p>Il souffrait de \u00ab troubles mentaux \u00bb<\/p>\n<p class=\"paragraph text_align_left lp-f-body-02\">L\u2019homme qui s\u2019est introduit dans la cage du f\u00e9lin s\u2019appelait Gerson de Melo Machado, indique TV Cabo Branco. \u00c2g\u00e9 de 19 ans, il souffrait de \u00ab troubles mentaux \u00bb. <a href=\"https:\/\/www.cnnbrasil.com.br\/nacional\/nordeste\/pb\/jovem-morto-por-leoa-em-zoologico-de-joao-pessoa-tinha-transtornos-mentais\/\" target=\"_self\" rel=\"noopener\">CNN Brasil<\/a> pr\u00e9cise qu\u2019il s\u2019\u00e9tait \u00e9vad\u00e9 du centre dans lequel il \u00e9tait pris en charge et qu\u2019il avait un casier judiciaire.<\/p>\n<p class=\"paragraph text_align_left lp-f-body-02\">Dans un communiqu\u00e9 cit\u00e9 par le m\u00e9dia <a href=\"https:\/\/g1.globo.com\/pb\/paraiba\/noticia\/2025\/11\/30\/homem-morto-leoa-zoologico-joao-pessoa.ghtml\" target=\"_self\" rel=\"noopener\">G1<\/a>, la municipalit\u00e9 de Jo\u00e3o Pessoa explique avoir ouvert une enqu\u00eate pour d\u00e9terminer les circonstances de l\u2019incident. Le zoo souligne pour sa part que les mesures de protection du site \u00ab d\u00e9passent les exigences r\u00e9glementaires \u00bb, avec notamment un mur de 2m plus haut.<\/p>\n<p class=\"lp-card-podcast-highlighting__title  lp-f-subtitle-05\">[2\/2] Mamadou Traor\u00e9, l\u2019enfant du diable<\/p>\n<p><a class=\"lp-card-podcast-highlighting__call-to-action\" data-page-type=\"HP\" data-block-name=\"podcast-highlight\">\u00c9couter<\/a><\/p>\n<p class=\"paragraph text_align_left lp-f-body-02\">Apr\u00e8s l\u2019attaque, le parc a temporairement ferm\u00e9 ses portes pour laisser les autorit\u00e9s comp\u00e9tentes r\u00e9cup\u00e9rer le corps et faire les premi\u00e8res constatations.<\/p>\n<p class=\"paragraph text_align_left lp-f-body-02\">La lionne a, elle, \u00e9t\u00e9 dirig\u00e9e vers un espace s\u00e9curis\u00e9, avant de regagner sa cage sans utilisation de tranquillisants. Selon un v\u00e9t\u00e9rinaire du zoo interrog\u00e9 par <a href=\"https:\/\/www.cnnbrasil.com.br\/nacional\/nordeste\/pb\/leoa-que-matou-homem-em-parque-de-joao-pessoa-esta-bem-afirma-veterinario\/\" target=\"_self\" rel=\"noopener\">CNN Brasil<\/a>, la lionne \u00e9tait \u00ab stress\u00e9e \u00bb et \u00ab en \u00e9tat de choc \u00bb apr\u00e8s l\u2019attaque mortelle.<\/p>\n","protected":false},"excerpt":{"rendered":"Les circonstances de l\u2019incident doivent encore \u00eatre \u00e9claircies. Dimanche 30 novembre, un jeune homme de 19 ans s\u2019est&hellip;\n","protected":false},"author":2,"featured_media":571220,"comment_status":"","ping_status":"","sticky":false,"template":"","format":"standard","meta":{"footnotes":""},"categories":[5],"tags":[11,118,1011,27,14,12,28],"class_list":{"0":"post-571219","1":"post","2":"type-post","3":"status-publish","4":"format-standard","5":"has-post-thumbnail","7":"category-international","8":"tag-actualites","9":"tag-faits-divers","10":"tag-fr","11":"tag-france","12":"tag-international","13":"tag-news","14":"tag-world"},"share_on_mastodon":{"url":"https:\/\/pubeurope.com\/@fr\/115645093236877669","error":""},"_links":{"self":[{"href":"https:\/\/www.europesays.com\/fr\/wp-json\/wp\/v2\/posts\/571219","targetHints":{"allow":["GET"]}}],"collection":[{"href":"https:\/\/www.europesays.com\/fr\/wp-json\/wp\/v2\/posts"}],"about":[{"href":"https:\/\/www.europesays.com\/fr\/wp-json\/wp\/v2\/types\/post"}],"author":[{"embeddable":true,"href":"https:\/\/www.europesays.com\/fr\/wp-json\/wp\/v2\/users\/2"}],"replies":[{"embeddable":true,"href":"https:\/\/www.europesays.com\/fr\/wp-json\/wp\/v2\/comments?post=571219"}],"version-history":[{"count":0,"href":"https:\/\/www.europesays.com\/fr\/wp-json\/wp\/v2\/posts\/571219\/revisions"}],"wp:featuredmedia":[{"embeddable":true,"href":"https:\/\/www.europesays.com\/fr\/wp-json\/wp\/v2\/media\/571220"}],"wp:attachment":[{"href":"https:\/\/www.europesays.com\/fr\/wp-json\/wp\/v2\/media?parent=571219"}],"wp:term":[{"taxonomy":"category","embeddable":true,"href":"https:\/\/www.europesays.com\/fr\/wp-json\/wp\/v2\/categories?post=571219"},{"taxonomy":"post_tag","embeddable":true,"href":"https:\/\/www.europesays.com\/fr\/wp-json\/wp\/v2\/tags?post=571219"}],"curies":[{"name":"wp","href":"https:\/\/api.w.org\/{rel}","templated":true}]}}