{"id":57122,"date":"2025-04-27T15:36:10","date_gmt":"2025-04-27T15:36:10","guid":{"rendered":"https:\/\/www.europesays.com\/fr\/57122\/"},"modified":"2025-04-27T15:36:10","modified_gmt":"2025-04-27T15:36:10","slug":"en-images-mort-du-pape-francois-voici-a-quoi-ressemble-la-tombe-du-souverain-pontife-le-dauphine-libere","status":"publish","type":"post","link":"https:\/\/www.europesays.com\/fr\/57122\/","title":{"rendered":"En images. Mort du pape Fran\u00e7ois : voici \u00e0 quoi ressemble la tombe du souverain pontife &#8211; Le Dauphin\u00e9 Lib\u00e9r\u00e9"},"content":{"rendered":"<ol>\n<li><a href=\"https:\/\/news.google.com\/rss\/articles\/CBMivAFBVV95cUxPMEtjVUJlSTF4VS1EQU5JdEt1VDdHWjE2UUFKTlQya1I4clJiOXdXVnFaVXVja1JMU0VGVk90S0FuWTZWR1VCWWllQW9mS2plVVdaeHNLS3pPU0lkbkVOMVVxLS1xSEk0SG5CRk52WjhrSmhXeU5IZDlTOHZpUDFuRHA0NHJaa29INnJkVEhnZ0J6QlpnUjBrSlBxWTJFNjExUVhCZWVIOEpSZkpKRm5MbXV6aFFtVGtyLUpDRQ?oc=5\" target=\"_blank\" rel=\"nofollow noopener\">En images. Mort du pape Fran\u00e7ois : voici \u00e0 quoi ressemble la tombe du souverain pontife<\/a>&nbsp;&nbsp;Le Dauphin\u00e9 Lib\u00e9r\u00e9<\/li>\n<li><a href=\"https:\/\/news.google.com\/rss\/articles\/CBMilgFBVV95cUxPcUxoWk1hTFoxMVN6ODZjQzhGNDIwdTEwR0xGWmp1eHNMMVhfc05wNHlFUlVZdV95RDVxOU9jZEdxbnVtbl9udGVGYUU2WUVPTG5HbEk4U0tUZkMtUkZJQmtmeUJ2S0sxMDNudGNMeHM0RkdaUzZ3QW0tMmlwN3FrcmZNNVY2VEJUQW9WcEVVc3Y4YWIzdXc?oc=5\" target=\"_blank\" rel=\"nofollow noopener\">Le Vatican d\u00e9voile les images de la tombe du pape Fran\u00e7ois<\/a>&nbsp;&nbsp;Le Figaro<\/li>\n<li><a href=\"https:\/\/news.google.com\/rss\/articles\/CBMiqgJBVV95cUxPMzRWWWVPa2xFMVVEV3dOMnpKejJXcmhmMW50bG9BUC10S1FGeFNfbHlOOWxDNWNBUmRXR1NVRjczV2hnbmc1RTc0YXhFRVIwQmdEa1ZPV1MyeFdSSXRWcE5NZmJrNTVtY1N3dThQTzZTekhnVldodE1jZ0xJYWFWdTg0bkVJVGloMGlLdXpBeFEwVnVvczFWMlI3cW9QWERpdW9UdWF6QVdCU1lLeGtkOS1nczRCMzVwZ0w5b3FVa2lYTVU5TGpVaFlIRjhXTXNNR0lIOUgxMGNubFFDaF9YMVBNXzJuRnFmS3owNUVWelNoZl9Rck5DTExOXzkwbnUxT3RPSW5oX2ZPQkN5Wk9iR3MzMWlvbUxlLXdDWFI3clpCMVNjWXRzNXhB?oc=5\" target=\"_blank\" rel=\"nofollow noopener\">Foule fervente, tombe sobre, d\u00e9fil\u00e9 dans Rome&#8230; Les fun\u00e9railles du pape Fran\u00e7ois en 12 photos marquantes<\/a>&nbsp;&nbsp;France Info<\/li>\n<li><a href=\"https:\/\/news.google.com\/rss\/articles\/CBMi2wFBVV95cUxPZU9ybldmX1NQUXpYT3c4WUFOS0I2Wkh1UFliNzNSR2RxeFpWV3VKSEcyejUxRjRaeXQ5ZVIzVHQ1bURtU0ZCam9vdWFiNy1BYzVwNW9heWVJYTdwYkN3S183WkxuSXZTSlNnMV9GRUdTY2xmdE9seDBlQ25rZmJBNFY4Z2JUMkM2S0xyRXRSZW83MG1TZHdBMW52YW9jdmFzTG1JeHFfVWNFeGJzdWhwZXFCNEZ5ZnNsRmFaai1NNDZsUk80M181Uk9QRlRVOEZaM0NtSXNJVjVidEk?oc=5\" target=\"_blank\" rel=\"nofollow noopener\">Le prince William, le roi Felipe et la reine Letizia\u2026 Les t\u00eates couronn\u00e9es aux obs\u00e8ques du pape Fran\u00e7ois<\/a>&nbsp;&nbsp;parismatch.com<\/li>\n<li><a href=\"https:\/\/news.google.com\/rss\/articles\/CBMitwFBVV95cUxQVURkLUNsZnBFcHdPek5zNUhfeE4yRVR6WGFIdU1fVVgwdHBmaEZOeUdmQmNDQm5lTzd1WUJMWEdlZWFFMHdKOXY4MFpkOXRsajFRV0k2SFgwNkIzYWxGNlMyeTVqWS13VmtRbUZkbWplYWJxQnVJdDF2SUJuY1RQbHluVFFCbURzMTFtdWVIWmt5NFQ0OTZLY3pPLXJERm10a2tQeFJyVy1mQzlFOWhOOWIyc05IbGs?oc=5\" target=\"_blank\" rel=\"nofollow noopener\">Le prince William a-t-il commis un impair aux obs\u00e8ques du pape Fran\u00e7ois ?<\/a>&nbsp;&nbsp;20 Minutes<\/li>\n<\/ol>\n","protected":false},"excerpt":{"rendered":"En images. Mort du pape Fran\u00e7ois : voici \u00e0 quoi ressemble la tombe du souverain pontife&nbsp;&nbsp;Le Dauphin\u00e9 Lib\u00e9r\u00e9&hellip;\n","protected":false},"author":2,"featured_media":57123,"comment_status":"","ping_status":"","sticky":false,"template":"","format":"standard","meta":{"footnotes":""},"categories":[2],"tags":[11,107,1011,27,12,5889,104],"class_list":{"0":"post-57122","1":"post","2":"type-post","3":"status-publish","4":"format-standard","5":"has-post-thumbnail","7":"category-actualites","8":"tag-actualites","9":"tag-fil-info","10":"tag-fr","11":"tag-france","12":"tag-news","13":"tag-religion-croyance","14":"tag-societe"},"share_on_mastodon":{"url":"https:\/\/pubeurope.com\/@fr\/114410670236855111","error":""},"_links":{"self":[{"href":"https:\/\/www.europesays.com\/fr\/wp-json\/wp\/v2\/posts\/57122","targetHints":{"allow":["GET"]}}],"collection":[{"href":"https:\/\/www.europesays.com\/fr\/wp-json\/wp\/v2\/posts"}],"about":[{"href":"https:\/\/www.europesays.com\/fr\/wp-json\/wp\/v2\/types\/post"}],"author":[{"embeddable":true,"href":"https:\/\/www.europesays.com\/fr\/wp-json\/wp\/v2\/users\/2"}],"replies":[{"embeddable":true,"href":"https:\/\/www.europesays.com\/fr\/wp-json\/wp\/v2\/comments?post=57122"}],"version-history":[{"count":0,"href":"https:\/\/www.europesays.com\/fr\/wp-json\/wp\/v2\/posts\/57122\/revisions"}],"wp:featuredmedia":[{"embeddable":true,"href":"https:\/\/www.europesays.com\/fr\/wp-json\/wp\/v2\/media\/57123"}],"wp:attachment":[{"href":"https:\/\/www.europesays.com\/fr\/wp-json\/wp\/v2\/media?parent=57122"}],"wp:term":[{"taxonomy":"category","embeddable":true,"href":"https:\/\/www.europesays.com\/fr\/wp-json\/wp\/v2\/categories?post=57122"},{"taxonomy":"post_tag","embeddable":true,"href":"https:\/\/www.europesays.com\/fr\/wp-json\/wp\/v2\/tags?post=57122"}],"curies":[{"name":"wp","href":"https:\/\/api.w.org\/{rel}","templated":true}]}}