{"id":571233,"date":"2025-12-01T15:55:11","date_gmt":"2025-12-01T15:55:11","guid":{"rendered":"https:\/\/www.europesays.com\/fr\/571233\/"},"modified":"2025-12-01T15:55:11","modified_gmt":"2025-12-01T15:55:11","slug":"chants-de-noel-deambulation-atelier-maquillage-ce-qui-vous-attend-des-ce-vendredi-pour-les-fetes-de-fin-dannee-a-six-fours","status":"publish","type":"post","link":"https:\/\/www.europesays.com\/fr\/571233\/","title":{"rendered":"Chants de No\u00ebl, d\u00e9ambulation, atelier maquillage&#8230; Ce qui vous attend d\u00e8s ce vendredi pour les f\u00eates de fin d\u2019ann\u00e9e \u00e0 Six-Fours"},"content":{"rendered":"<p class=\"fs-5 \">La ville s\u2019appr\u00eate \u00e0 entrer dans sa p\u00e9riode la plus lumineuse pour c\u00e9l\u00e9brer un No\u00ebl qui rassemble.<\/p>\n<p class=\"fs-5 \">Les places historiques deviendront des sc\u00e8nes, la mer se fera d\u00e9cor et les associations, ma\u00eetres d\u2019\u0153uvre d\u2019un \u00e9lan solidaire rappelleront ce que signifie \u00ab\u00a0faire cit\u00e9\u00a0\u00bb.<\/p>\n<p class=\"fs-5 \">Ce vendredi 5\u00a0d\u00e9cembre, d\u00e8s 18h, la Place des Poilus s\u2019animera pour le lancement des illuminations.<\/p>\n<p class=\"fs-5 \">La chorale les Ch\u0153urs du Sud invit\u00e9e par Helov\u2019 Six-Fours donnera le premier ton\u00a0: celui des chants de No\u00ebl.<\/p>\n<p class=\"fs-5 \">La force des voix rappellera l\u2019importance de l\u2019oralit\u00e9 vivante, choisie plut\u00f4t que le seul spectacle. Sur la Place des Poilus toujours, la patinoire en plein air accueillera le public d\u00e8s ce week-end avec des rendez-vous jusqu\u2019au 4 janvier.<\/p>\n<p>            <img src=\"https:\/\/www.europesays.com\/fr\/wp-content\/uploads\/2025\/12\/a45f946_upload-from-url-1-u5itvcvjkwf4-data-art-16687178.jpg\"   loading=\"lazy\" decoding=\"async\" alt=\"Cr\u00e9\u00e9 en 2022, d\u00e9clin\u00e9 en \u00e9ditions estivales et hivernales, le concept imagin\u00e9 \u00e0 la gare maritime de Cannes a trouv\u00e9 son public. Photo @no2theG \" class=\"img-fluid position-absolute w-100 object-fit-cover rounded-2\" width=\"600\" height=\"400\"\/><\/p>\n<p class=\"fs-5 \">Les tours de glisse seront offerts par la municipalit\u00e9. \u00c0 quelques rues de l\u00e0, la Place Decugis accueillera Les Petits Bolides, des animations gratuites d\u00e9di\u00e9es aux enfants \u00e0 partir de 3 ans\u00a0: karts, balades \u00ab\u00a0Pouss Pouss\u00a0\u00bb, man\u00e8ge et ateliers cr\u00e9atifs.<\/p>\n<p class=\"fs-5 \">Le Parc Jean-Robert compl\u00e9tera le dispositif avec un village des enfants, des jeux en bois, du maquillage et le man\u00e8ge Les Lutins de No\u00ebl, un p\u00f4le pens\u00e9 comme terrain d\u2019exp\u00e9riences et non comme simple arr\u00eat photographique.<\/p>\n<p>                                                                                Les d\u00e9ambulations\u00a0: quand la ville redevient r\u00e9cit<\/p>\n<p class=\"fs-5 \">Deux grandes parades traverseront le centre ancien. Le 6 d\u00e9cembre \u00e0 18 h, le d\u00e9fil\u00e9 de la Saint-Nicolas partira de la Place Gabriel-P\u00e9ri pour rejoindre la Place des Poilus, port\u00e9 par la cal\u00e8che du P\u00e8re No\u00ebl et ses chevaux.<\/p>\n<p class=\"fs-5 \">Le 20 d\u00e9cembre \u00e0 15 h, le m\u00eame trac\u00e9 sera r\u00e9alis\u00e9 le P\u00e8re No\u00ebl et ses lutins. Un feu d\u2019artifice sera tir\u00e9 sur la plage de Bonnegr\u00e2ce \u00e0 19 h 30.<\/p>\n<p>                                                                                Des sc\u00e8nes qui rassemblent<\/p>\n<p class=\"fs-5 \">Presque tous les soirs \u00e0 partir du 14 des ensembles musicaux occuperont l\u2019espace public. La ville a choisi la gratuit\u00e9 et la diversit\u00e9 comme mots d\u2019ordre.<\/p>\n<p class=\"fs-5 \">Jazz, rock celtique, br\u00e9sil, reggae, vari\u00e9t\u00e9 internationale\u00a0: autant de langues musicales que de mani\u00e8res d\u2019entrer dans No\u00ebl.<\/p>\n<p class=\"fs-5 \">Les chalets gourmands install\u00e9s, eux aussi, en c\u0153ur de ville du 13 au 30 d\u00e9cembre ajouteront l\u2019atout irr\u00e9sistible des rencontres de No\u00ebl\u00a0: du chocolat chaud, des cr\u00eapes, des hu\u00eetres, du fromage corse, de la charcuterie et du canard confit.<\/p>\n<p>                                                                                Le Brusc\u00a0: la mer comme h\u00e9ritage<\/p>\n<p class=\"fs-5 \">Le 14 d\u00e9cembre, la ville transportera sa f\u00e9erie jusqu\u2019au port traditionnel du Brusc.<\/p>\n<p class=\"fs-5 \">L\u00e0, le P\u00e8re No\u00ebl arrivera par la mer, escort\u00e9 par la flottille des pointus de Lou Capian, pour un rappel du patrimoine maritime local.<\/p>\n<p class=\"fs-5 \">Barbe \u00e0 papa, clowns, man\u00e8ges, maquillage et bonbons. Un programme assur\u00e9 par l\u2019association du Comit\u00e9 de Liaison des Associations Bruscaines.<\/p>\n<p class=\"fs-5 \">&gt;&gt; Dates et horaires sur <a href=\"http:\/\/www.ville-six-fours.fr\" target=\"_blank\" rel=\"nofollow noopener\">www.ville-six-fours.fr<\/a><\/p>\n","protected":false},"excerpt":{"rendered":"La ville s\u2019appr\u00eate \u00e0 entrer dans sa p\u00e9riode la plus lumineuse pour c\u00e9l\u00e9brer un No\u00ebl qui rassemble. Les&hellip;\n","protected":false},"author":2,"featured_media":571234,"comment_status":"","ping_status":"","sticky":false,"template":"","format":"standard","meta":{"footnotes":""},"categories":[9619],"tags":[1111,11,1777,674,1011,27,12,882,25,2310],"class_list":{"0":"post-571233","1":"post","2":"type-post","3":"status-publish","4":"format-standard","5":"has-post-thumbnail","7":"category-toulon","8":"tag-actu","9":"tag-actualites","10":"tag-eu","11":"tag-europe","12":"tag-fr","13":"tag-france","14":"tag-news","15":"tag-provence-alpes-cote-dazur","16":"tag-republique-francaise","17":"tag-toulon"},"share_on_mastodon":{"url":"https:\/\/pubeurope.com\/@fr\/115645129425425391","error":""},"_links":{"self":[{"href":"https:\/\/www.europesays.com\/fr\/wp-json\/wp\/v2\/posts\/571233","targetHints":{"allow":["GET"]}}],"collection":[{"href":"https:\/\/www.europesays.com\/fr\/wp-json\/wp\/v2\/posts"}],"about":[{"href":"https:\/\/www.europesays.com\/fr\/wp-json\/wp\/v2\/types\/post"}],"author":[{"embeddable":true,"href":"https:\/\/www.europesays.com\/fr\/wp-json\/wp\/v2\/users\/2"}],"replies":[{"embeddable":true,"href":"https:\/\/www.europesays.com\/fr\/wp-json\/wp\/v2\/comments?post=571233"}],"version-history":[{"count":0,"href":"https:\/\/www.europesays.com\/fr\/wp-json\/wp\/v2\/posts\/571233\/revisions"}],"wp:featuredmedia":[{"embeddable":true,"href":"https:\/\/www.europesays.com\/fr\/wp-json\/wp\/v2\/media\/571234"}],"wp:attachment":[{"href":"https:\/\/www.europesays.com\/fr\/wp-json\/wp\/v2\/media?parent=571233"}],"wp:term":[{"taxonomy":"category","embeddable":true,"href":"https:\/\/www.europesays.com\/fr\/wp-json\/wp\/v2\/categories?post=571233"},{"taxonomy":"post_tag","embeddable":true,"href":"https:\/\/www.europesays.com\/fr\/wp-json\/wp\/v2\/tags?post=571233"}],"curies":[{"name":"wp","href":"https:\/\/api.w.org\/{rel}","templated":true}]}}