{"id":571235,"date":"2025-12-01T15:56:11","date_gmt":"2025-12-01T15:56:11","guid":{"rendered":"https:\/\/www.europesays.com\/fr\/571235\/"},"modified":"2025-12-01T15:56:11","modified_gmt":"2025-12-01T15:56:11","slug":"toulon-a8-a50-et-a57-les-travaux-dans-le-var-et-dans-lagglomeration-toulonnaise-semaine-du-1er-decembre","status":"publish","type":"post","link":"https:\/\/www.europesays.com\/fr\/571235\/","title":{"rendered":"TOULON : A8, A50 et A57, les travaux dans le Var et dans l&rsquo;agglom\u00e9ration toulonnaise, semaine du 1er d\u00e9cembre"},"content":{"rendered":"<p style=\"text-align: left;\"><strong>Cette semaine, VINCI Autoroutes r\u00e9alisera des travaux de maintenance et d\u2019entretien sur les autoroutes A8, A50 et A57 ainsi qu\u2019au niveau du tunnel de Toulon.<\/strong><\/p>\n<p style=\"text-align: left;\">Ces op\u00e9rations entra\u00eeneront des modifications de circulation sur l\u2019agglom\u00e9ration Toulonnaise ainsi qu\u2019au niveau de l\u2019\u00e9changeur de Brignoles (n\u00b035) sur l\u2019A8. Afin de limiter la g\u00eane au trafic, ces op\u00e9rations auront lieu, de nuit, de 21h \u00e0 6h, du lundi 1er au vendredi 5 d\u00e9cembre.<\/p>\n<p style=\"text-align: left;\"><strong>Autoroute A8, en direction de Nice et Aix-en-Provence<\/strong><\/p>\n<ul style=\"text-align: left;\">\n<li>\u00c9changeur de Brignoles (n\u00b035) 4 nuits, du lundi 1er au vendredi 5 d\u00e9cembre, de 21h \u00e0 6h : fermeture totale de l\u2019\u00e9changeur.<\/li>\n<\/ul>\n<p style=\"text-align: left;\">D\u00c9VIATION : En direction de Nice, les conducteurs pourront emprunter la bretelle de sortie de l\u2019\u00e9changeur de Saint-Maximin (n\u00b034) et suivre la DN7 jusqu\u2019\u00e0 Brignoles. Pour rejoindre l\u2019A8, il faudra suivre la DN7 et emprunter la bretelle d\u2019entr\u00e9e de l\u2019\u00e9changeur du Luc \/ Le Cannet-des-Maures (n\u00b013) sur l\u2019A57. En direction d\u2019Aix-en-Provence, les conducteurs pourront emprunter la bretelle d\u2019entr\u00e9e de l\u2019\u00e9changeur de Saint-Maximin (n\u00b034) ou la bretelle de sortie de l\u2019\u00e9changeur du Luc \/ Le Cannet-des-Maures (n\u00b013) sur l\u2019A57 et suivre la DN7 pour rejoindre Brignoles.<\/p>\n<p style=\"text-align: left;\"><strong>Autoroute A50, en direction de Marseille<\/strong><\/p>\n<ul style=\"text-align: left;\">\n<li>Aire de repos de Sanary Nord 2 nuits, du lundi 1er au mercredi 3 d\u00e9cembre, de 21h \u00e0 5h : fermeture de l\u2019aire de repos.<\/li>\n<\/ul>\n<p style=\"text-align: left;\">D\u00c9VIATION : Les conducteurs pourront s\u2019arr\u00eater sur l\u2019aire de services pr\u00e9c\u00e9dente \u00ab Baie de La Ciotat \u00bb.<\/p>\n<p style=\"text-align: left;\">Agglom\u00e9ration Toulonnaise : Autoroutes A50, A57 et Tunnel de Toulon<\/p>\n<p style=\"text-align: left;\"><strong>En direction de Marseille :<\/strong><\/p>\n<p style=\"text-align: left;\">4 nuits, du lundi 1er au vendredi 5 d\u00e9cembre, de 22h \u00e0 5h : fermeture du tunnel de Toulon. La nuit du jeudi 4 au vendredi 5 d\u00e9cembre, de 22h \u00e0 5h : fermeture de l\u2019\u00e9changeur de Toulon Est (n\u00b02).<\/p>\n<p style=\"text-align: left;\">D\u00c9VIATION : Les conducteurs devront quitter l\u2019autoroute A57 via l\u2019\u00e9changeur de Toulon Centre (n\u00b017) et r\u00e9cup\u00e9rer l\u2019A50 \u00e0 Toulon Le Port (\u00b016).<\/p>\n<p style=\"text-align: left;\"><strong>\u00a0En direction de Nice :<\/strong><\/p>\n<p style=\"text-align: left;\">La nuit du lundi 1er au mardi 2 d\u00e9cembre, de 22h \u00e0 5h : fermeture de l\u2019autoroute A50 entre les \u00e9changeurs de Toulon Ouest (n\u00b015) et de Toulon Centre (n\u00b017), incluant le tunnel de Toulon.<\/p>\n<p style=\"text-align: left;\">D\u00c9VIATION : Les conducteurs devront quitter l\u2019autoroute A50 via l\u2019\u00e9changeur de Toulon Le Port (n\u00b016), ils pourront la r\u00e9cup\u00e9rer en passant par la ville et en empruntant la bretelle d\u2019entr\u00e9e de l\u2019\u00e9changeur de Saint-Jean-du-Var (n\u00b01).<\/p>\n<p style=\"text-align: left;\">2 nuits, du mardi 2 au jeudi 4 d\u00e9cembre, de 22h \u00e0 5h : fermeture du tunnel de Toulon et de l\u2019\u00e9changeur de Toulon Centre (n\u00b017).<\/p>\n<p style=\"text-align: left;\">D\u00c9VIATION : Les conducteurs devront quitter l\u2019autoroute A50 via l\u2019\u00e9changeur de Toulon Le Port (n\u00b016), ils pourront la r\u00e9cup\u00e9rer en passant par la ville et en empruntant la bretelle d\u2019entr\u00e9e de l\u2019\u00e9changeur de Saint-Jean-du-Var (n\u00b01).<\/p>\n<p style=\"text-align: left;\">La nuit du jeudi 4 au vendredi 5 d\u00e9cembre, de 22h \u00e0 5h : fermeture du tunnel de Toulon, de l\u2019\u00e9changeur de Toulon Centre (n\u00b017), de l\u2019entr\u00e9e de l\u2019\u00e9changeur de La Valette Sud (n\u00b04) et de l\u2019\u00e9changeur de La Valette Nord (n\u00b05).<\/p>\n<p style=\"text-align: left;\">D\u00c9VIATION : Les conducteurs devront quitter l\u2019autoroute A50 via l\u2019\u00e9changeur de Toulon Le Port (n\u00b016), ils pourront la r\u00e9cup\u00e9rer en passant par la ville et en empruntant la bretelle d\u2019entr\u00e9e de l\u2019\u00e9changeur de Saint-Jean-du-Var (n\u00b01). Les conducteurs souhaitant rejoindre la zone commerciale pourront sortir via l\u2019\u00e9changeur de La Valette Sud (n\u00b04).<\/p>\n","protected":false},"excerpt":{"rendered":"Cette semaine, VINCI Autoroutes r\u00e9alisera des travaux de maintenance et d\u2019entretien sur les autoroutes A8, A50 et A57&hellip;\n","protected":false},"author":2,"featured_media":463443,"comment_status":"","ping_status":"","sticky":false,"template":"","format":"standard","meta":{"footnotes":""},"categories":[9619],"tags":[1111,11,1777,674,1011,27,12,882,25,2310],"class_list":{"0":"post-571235","1":"post","2":"type-post","3":"status-publish","4":"format-standard","5":"has-post-thumbnail","7":"category-toulon","8":"tag-actu","9":"tag-actualites","10":"tag-eu","11":"tag-europe","12":"tag-fr","13":"tag-france","14":"tag-news","15":"tag-provence-alpes-cote-dazur","16":"tag-republique-francaise","17":"tag-toulon"},"share_on_mastodon":{"url":"https:\/\/pubeurope.com\/@fr\/115645132671675442","error":""},"_links":{"self":[{"href":"https:\/\/www.europesays.com\/fr\/wp-json\/wp\/v2\/posts\/571235","targetHints":{"allow":["GET"]}}],"collection":[{"href":"https:\/\/www.europesays.com\/fr\/wp-json\/wp\/v2\/posts"}],"about":[{"href":"https:\/\/www.europesays.com\/fr\/wp-json\/wp\/v2\/types\/post"}],"author":[{"embeddable":true,"href":"https:\/\/www.europesays.com\/fr\/wp-json\/wp\/v2\/users\/2"}],"replies":[{"embeddable":true,"href":"https:\/\/www.europesays.com\/fr\/wp-json\/wp\/v2\/comments?post=571235"}],"version-history":[{"count":0,"href":"https:\/\/www.europesays.com\/fr\/wp-json\/wp\/v2\/posts\/571235\/revisions"}],"wp:featuredmedia":[{"embeddable":true,"href":"https:\/\/www.europesays.com\/fr\/wp-json\/wp\/v2\/media\/463443"}],"wp:attachment":[{"href":"https:\/\/www.europesays.com\/fr\/wp-json\/wp\/v2\/media?parent=571235"}],"wp:term":[{"taxonomy":"category","embeddable":true,"href":"https:\/\/www.europesays.com\/fr\/wp-json\/wp\/v2\/categories?post=571235"},{"taxonomy":"post_tag","embeddable":true,"href":"https:\/\/www.europesays.com\/fr\/wp-json\/wp\/v2\/tags?post=571235"}],"curies":[{"name":"wp","href":"https:\/\/api.w.org\/{rel}","templated":true}]}}