{"id":571240,"date":"2025-12-01T15:59:10","date_gmt":"2025-12-01T15:59:10","guid":{"rendered":"https:\/\/www.europesays.com\/fr\/571240\/"},"modified":"2025-12-01T15:59:10","modified_gmt":"2025-12-01T15:59:10","slug":"video-poussee-une-femme-tombe-dun-teor-en-marche-a-rouen-un-accident-rarissime","status":"publish","type":"post","link":"https:\/\/www.europesays.com\/fr\/571240\/","title":{"rendered":"VID\u00c9O. Pouss\u00e9e, une femme tombe d&rsquo;un Teor en marche \u00e0 Rouen : un \u00ab\u00a0accident rarissime \u00bb"},"content":{"rendered":"<p>                    Par<br \/>\n        <strong><br \/>\n            <a href=\"https:\/\/actu.fr\/auteur\/julien-bouteiller\" title=\"Consulter tous les articles de Julien Bouteiller\" target=\"_blank\" rel=\"noopener\">Julien Bouteiller<\/a><br \/>\n                    <\/strong><\/p>\n<p>        Publi\u00e9 le<\/p>\n<p>            1 d\u00e9c. 2025 \u00e0 15h20        <\/p>\n<p><strong>Transdev Rouen parle d\u2019un \u00ab\u00a0accident rarissime\u00a0\u00bb<\/strong>. Samedi 29 novembre 2025, <strong>une femme est tomb\u00e9e d\u2019un Teor<\/strong> <strong>en marche<\/strong> \u00e0 <a href=\"https:\/\/actu.fr\/normandie\/rouen_76540\" target=\"_blank\" rel=\"noopener\">Rouen<\/a>, apr\u00e8s avoir \u00e9t\u00e9 pouss\u00e9e. L\u2019incident a \u00e9t\u00e9 film\u00e9 et largement diffus\u00e9 sur les r\u00e9seaux sociaux.<\/p>\n<p>Pouss\u00e9e, elle tombe du bus en marche<\/p>\n<p class=\" wall-content\">Dans le court extrait publi\u00e9 sur le compte X (ex-Twitter) <a href=\"https:\/\/x.com\/cpasdeslol_X\">Cpasdeslol<\/a>, on peut voir une femme, semble-t-il dans un \u00e9tat second, avoir <strong>une altercation<\/strong> avec une autre passag\u00e8re du bus. Cette derni\u00e8re pousse alors la femme qui lui bloque le passage.\u00a0Celle-ci tombe et<strong> passe \u00e0 travers la porte du bus en marche<\/strong>, tombant sur la route.<\/p>\n<p class=\" wall-content\">Contact\u00e9 par\u00a076actu, Transdev Rouen confirme que les faits sont bien survenus samedi, peu avant 22h30, <strong>sur la ligne T2<\/strong>. \u00ab\u00a0Le conducteur n\u2019a pas constat\u00e9 l\u2019incident et s\u2019est arr\u00eat\u00e9 suite aux cris des voyageurs\u00a0\u00bb, nous indique l\u2019entreprise qui exploite le R\u00e9seau Astuce. \u00ab\u00a0Ces derniers ayant cri\u00e9 \u2018au feu\u2019, il a appliqu\u00e9 la proc\u00e9dure en \u00e9vacuant le v\u00e9hicule. Par ailleurs,\u00a0 il ne lui pas \u00e9t\u00e9 rapport\u00e9 qu\u2019une personne avait chut\u00e9 sur la voirie.\u00a0\u00bb<\/p>\n<p>Une enqu\u00eate interne<\/p>\n<p class=\" wall-content\">Transdev a \u00ab\u00a0naturellement lanc\u00e9<strong> une enqu\u00eate interne<\/strong> dont l\u2019objectif est d\u2019analyser les causes de l\u2019accident et de v\u00e9rifier l\u2019ensemble des portes des v\u00e9hicules de cette m\u00eame gamme, au nombre de 35\u2033. Il s\u2019agit de comprendre pourquoi le vantail gauche de la porte est sorti de son rail.<\/p>\n<blockquote class=\"ac-article-quote wall-content\">\n<p>\u00c0 l\u2019analyse de la vid\u00e9o embarqu\u00e9e, la porte est bien dans son rail sur les arr\u00eats pr\u00e9c\u00e9dents.\u00a0Il se pourrait que la cause de cette avarie soit due au choc violent de la voyageuse projet\u00e9e contre la partie basse de la porte.<\/p>\n<p>    <strong>Transdev Rouen<\/strong>\n            <\/p><\/blockquote>\n<p class=\" wall-content\">Et l\u2019entreprise de pr\u00e9ciser : \u00ab\u00a0Nos \u00e9quipes cherchent actuellement <strong>\u00e0 prendre contact avec la victime<\/strong> afin de prendre de ses nouvelles et de l\u2019accompagner\u00a0\u00bb.<\/p>\n<p class=\" wall-content\">L\u2019incident interroge alors que, d\u2019un c\u00f4t\u00e9 la M\u00e9tropole se f\u00e9licite de l\u2019arriv\u00e9e de bus neufs, notamment pour la T5, tandis que les conducteurs s\u2019alarment eux <a href=\"https:\/\/actu.fr\/normandie\/rouen_76540\/ils-tombent-en-lambeaux-nos-revelations-sur-l-etat-preoccupant-des-bus-a-rouen_62438751.html\" target=\"_blank\" rel=\"noopener\">de l\u2019\u00e9tat pr\u00e9occupant de v\u00e9hicules<\/a>.<\/p>\n<p>Votre r\u00e9gion, votre actu !<\/p>\n<p>Recevez chaque jour les infos qui comptent pour vous.<\/p>\n<p>\t<a href=\"https:\/\/actu.fr\/newsletter\" class=\"ac-btn ac-btn--corner ac-btn--medium ac-btn--blue800\" target=\"_blank\" rel=\"noopener\">S&rsquo;incrire<\/a><br \/>\nSuivez l\u2019actualit\u00e9 de Rouen <a href=\"https:\/\/www.whatsapp.com\/channel\/0029VaKfnf99hXF2ddApFB1D\" target=\"_blank\" rel=\"noopener\">sur notre cha\u00eene WhatsApp<\/a> et <a href=\"https:\/\/www.tiktok.com\/@76actu.fr?lang=fr\" target=\"_blank\" rel=\"noopener\">sur notre compte TikTok<\/a><\/p>\n<p class=\" wall-content\">Personnalisez votre actualit\u00e9 en ajoutant vos villes et m\u00e9dias en favori avec <a href=\"https:\/\/moncompte.actu.fr\" title=\"D\u00e9couvez Mon Actu\" rel=\"nofollow noopener\" data-trk=\"{&quot;cta&quot;:{&quot;action&quot;:&quot;https:\\\/\\\/moncompte.actu.fr&quot;,&quot;category&quot;:&quot;mon compte&quot;,&quot;from&quot;:&quot;article footer&quot;,&quot;name&quot;:&quot;Mon actu&quot;,&quot;type&quot;:&quot;cta&quot;}}\" target=\"_blank\">Mon Actu<\/a>.<\/p>\n<p>                    <script async src=\"\/\/www.tiktok.com\/embed.js\"><\/script><\/p>\n","protected":false},"excerpt":{"rendered":"Par Julien Bouteiller Publi\u00e9 le 1 d\u00e9c. 2025 \u00e0 15h20 Transdev Rouen parle d\u2019un \u00ab\u00a0accident rarissime\u00a0\u00bb. Samedi 29&hellip;\n","protected":false},"author":2,"featured_media":571241,"comment_status":"","ping_status":"","sticky":false,"template":"","format":"standard","meta":{"footnotes":""},"categories":[9587],"tags":[1111,11,1777,674,118,1011,27,12,5161,25,9726,9590,31790],"class_list":{"0":"post-571240","1":"post","2":"type-post","3":"status-publish","4":"format-standard","5":"has-post-thumbnail","7":"category-rouen","8":"tag-actu","9":"tag-actualites","10":"tag-eu","11":"tag-europe","12":"tag-faits-divers","13":"tag-fr","14":"tag-france","15":"tag-news","16":"tag-normandie","17":"tag-republique-francaise","18":"tag-reseau-astuce-tcar","19":"tag-rouen","20":"tag-teor"},"share_on_mastodon":{"url":"https:\/\/pubeurope.com\/@fr\/115645144475661197","error":""},"_links":{"self":[{"href":"https:\/\/www.europesays.com\/fr\/wp-json\/wp\/v2\/posts\/571240","targetHints":{"allow":["GET"]}}],"collection":[{"href":"https:\/\/www.europesays.com\/fr\/wp-json\/wp\/v2\/posts"}],"about":[{"href":"https:\/\/www.europesays.com\/fr\/wp-json\/wp\/v2\/types\/post"}],"author":[{"embeddable":true,"href":"https:\/\/www.europesays.com\/fr\/wp-json\/wp\/v2\/users\/2"}],"replies":[{"embeddable":true,"href":"https:\/\/www.europesays.com\/fr\/wp-json\/wp\/v2\/comments?post=571240"}],"version-history":[{"count":0,"href":"https:\/\/www.europesays.com\/fr\/wp-json\/wp\/v2\/posts\/571240\/revisions"}],"wp:featuredmedia":[{"embeddable":true,"href":"https:\/\/www.europesays.com\/fr\/wp-json\/wp\/v2\/media\/571241"}],"wp:attachment":[{"href":"https:\/\/www.europesays.com\/fr\/wp-json\/wp\/v2\/media?parent=571240"}],"wp:term":[{"taxonomy":"category","embeddable":true,"href":"https:\/\/www.europesays.com\/fr\/wp-json\/wp\/v2\/categories?post=571240"},{"taxonomy":"post_tag","embeddable":true,"href":"https:\/\/www.europesays.com\/fr\/wp-json\/wp\/v2\/tags?post=571240"}],"curies":[{"name":"wp","href":"https:\/\/api.w.org\/{rel}","templated":true}]}}