{"id":571247,"date":"2025-12-01T16:03:10","date_gmt":"2025-12-01T16:03:10","guid":{"rendered":"https:\/\/www.europesays.com\/fr\/571247\/"},"modified":"2025-12-01T16:03:10","modified_gmt":"2025-12-01T16:03:10","slug":"multiples-evasions-autre-proces-des-mardi-audience-renvoyee-pour-levade-du-planetarium-de-rennes","status":"publish","type":"post","link":"https:\/\/www.europesays.com\/fr\/571247\/","title":{"rendered":"Multiples \u00e9vasions, autre proc\u00e8s d\u00e8s mardi\u2026 Audience renvoy\u00e9e pour l&rsquo;\u00e9vad\u00e9 du plan\u00e9tarium de Rennes"},"content":{"rendered":"<p>                    Par<br \/>\n        <strong><br \/>\n            <a href=\"https:\/\/actu.fr\/auteur\/redaction-rennes\" title=\"Consulter tous les articles de R\u00e9daction Rennes\" target=\"_blank\" rel=\"noopener\">R\u00e9daction Rennes<\/a><br \/>\n                    <\/strong><\/p>\n<p>        Publi\u00e9 le<\/p>\n<p>            1 d\u00e9c. 2025 \u00e0 16h38        <\/p>\n<p>\u00c0 peine<a href=\"https:\/\/actu.fr\/bretagne\/rennes_35238\/le-detenu-evade-lors-d-une-sortie-au-planetarium-a-rennes-a-ete-interpelle_63498241.html\" target=\"_blank\" rel=\"noopener\"> interpell\u00e9 apr\u00e8s son \u00e9vasion<\/a> qui a fait la une de l\u2019actualit\u00e9 et <a href=\"https:\/\/actu.fr\/bretagne\/rennes_35238\/evasion-d-un-detenu-au-planetarium-de-rennes-le-directeur-de-la-prison-doit-quitter-ses-fonctions_63467755.html\" target=\"_blank\" rel=\"noopener\">amen\u00e9 le garde des sceaux \u00e0 r\u00e9agir<\/a>, le <strong>d\u00e9tenu de la prison de Rennes<\/strong> qui s\u2019\u00e9tait <a href=\"https:\/\/actu.fr\/bretagne\/rennes_35238\/il-a-echappe-a-la-vigilance-des-encadrants-un-detenu-s-evade-lors-d-une-sortie-au-planetarium-de-rennes_63450738.html\" target=\"_blank\" rel=\"noopener\">\u00e9vad\u00e9 lors d\u2019une sortie au plan\u00e9tarium<\/a> a <a href=\"https:\/\/actu.fr\/bretagne\/rennes_35238\/detenu-evade-lors-d-une-sortie-au-planetarium-de-rennes-l-homme-sera-juge-ces-prochains-jours_63506258.html\" target=\"_blank\" rel=\"noopener\">fait face aux juges<\/a> dans le cadre d\u2019une <strong>comparution imm\u00e9diate, lundi 1\u1d49\u02b3 d\u00e9cembre<\/strong>. Toutefois, il b\u00e9n\u00e9ficie d\u2019un d\u00e9lai pour pr\u00e9parer sa d\u00e9fense. Mais \u00ab\u2009Gino\u2009\u00bb ne reste pas loin de la barre du tribunal puisqu\u2019il est<strong> aussi<\/strong> <strong>convoqu\u00e9<\/strong> dans <a href=\"https:\/\/actu.fr\/bretagne\/rennes_35238\/incendies-des-magasins-poele-et-compagnie-trois-personnes-mises-en-examen-a-rennes_56456402.html\" target=\"_blank\" rel=\"noopener\">l\u2019affaire des incendies des magasins Po\u00eales &amp; Compagnie<\/a>, en Ille-et-Vilaine et en Loire-Atlantique, <strong>mardi 2\u00a0d\u00e9cembre<\/strong>. Une habitude pour ce trentenaire qui compte <strong>plus d\u2019une vingtaine de condamnations et plusieurs \u00e9vasions<\/strong> \u00e0 son actif.<\/p>\n<p>\u00ab\u2009Cach\u00e9 dans les ronces\u2009\u00bb<\/p>\n<p class=\" wall-content\">Pour rappel, vendredi 14\u00a0novembre, <strong>Emile, 37\u00a0ans,<\/strong> avait \u00e9chapp\u00e9 \u00e0 la vigilance des encadrants lors d\u2019une sortie p\u00e9dagogique au plan\u00e9tarium, situ\u00e9 au sein des Champs Libres, \u00e0 Rennes.<\/p>\n<p class=\" wall-content\">Apr\u00e8s <strong>treize jours de cavale,<\/strong> l\u2019homme \u2013 issu de la communaut\u00e9 des gens du voyage et install\u00e9 depuis \u00ab\u2009plus de quinze ans\u2009\u00bb sur un terrain mis \u00e0 disposition par la mairie de Nantes (Loire-Atlantique) \u2013 a \u00e9t\u00e9 interpell\u00e9, jeudi 27\u00a0novembre 2025, dans l\u2019apr\u00e8s-midi.<\/p>\n<p class=\" wall-content\">La <strong>Brigade de recherches et d\u2019intervention (BRI)<\/strong> l\u2019avait appr\u00e9hend\u00e9 alors qu\u2019il \u00e9tait cach\u00e9 dans les ronces, dans le camp de voyageurs de la Clairi\u00e8re, sur la prairie de Mauves, \u00e0 Nantes.<\/p>\n<p>Une premi\u00e8re tentative d\u2019interpellation a \u00e9chou\u00e9<\/p>\n<p class=\" wall-content\">Une premi\u00e8re tentative d\u2019interpellation avait \u00ab\u2009\u00e9chou\u00e9\u2009\u00bb <strong>trois jours apr\u00e8s son \u00e9vasion,<\/strong> le 17\u00a0novembre 2025, a d\u2019ailleurs pr\u00e9cis\u00e9 le pr\u00e9sident de la chambre des comparutions imm\u00e9diates du tribunal correctionnel de Rennes, ce lundi.<\/p>\n<p class=\" wall-content\">Son\u00a0avocat\u00a0a sollicit\u00e9 un\u00a0<strong>renvoi\u00a0de l\u2019affaire, qui est \u00ab\u2009de\u00a0droit\u2009\u00bb<\/strong> dans cette proc\u00e9dure d\u2019urgence.<\/p>\n<p>Votre r\u00e9gion, votre actu !<\/p>\n<p>Recevez chaque jour les infos qui comptent pour vous.<\/p>\n<p>\t<a href=\"https:\/\/actu.fr\/newsletter\" class=\"ac-btn ac-btn--corner ac-btn--medium ac-btn--blue800\" target=\"_blank\" rel=\"noopener\">S&rsquo;incrire<\/a><\/p>\n<p class=\" wall-content\">Me Arnaud Le Bourdais souhaite en effet que son client soit <strong>jug\u00e9 \u00ab\u2009dans un contexte plus apais\u00e9\u2009\u00bb,<\/strong> regrettant m\u00eame \u00ab\u2009l\u2019immixtion\u2009\u00bb du ministre de la Justice dans cette \u00ab\u2009\u00e9vasion\u2009\u00bb qui a entra\u00een\u00e9 le limogeage du directeur du centre p\u00e9nitentiaire de Rennes-Vezin.<\/p>\n<p>Proc\u00e8s en janvier\u00a02026<\/p>\n<p class=\" wall-content\">Le tribunal correctionnel de Rennes s\u2019est donc<strong> seulement prononc\u00e9 sur les \u00ab\u2009mesures de s\u00fbret\u00e9\u2009\u00bb<\/strong> qu\u2019il convenait de mettre en place pour assurer sa comparution devant ses juges.<\/p>\n<p class=\" wall-content\">Conform\u00e9ment aux r\u00e9quisitions de la procureure de la R\u00e9publique, Emile a \u00e9t\u00e9 <strong>maintenu en d\u00e9tention provisoire dans l\u2019attente de ce nouveau proc\u00e8s fix\u00e9 au 22\u00a0janvier 2026<\/strong>.<\/p>\n<p class=\" wall-content\">D\u00e9j\u00e0 <strong>condamn\u00e9 \u00e0 \u00ab\u2009vingt-sept\u2009\u00bb reprises, essentiellement pour \u00ab\u2009vols\u2009\u00bb<\/strong>, \u00ab\u2009Gino\u2009\u00bb serait de toute fa\u00e7on rest\u00e9 incarc\u00e9r\u00e9 en \u00ab\u2009ex\u00e9cution\u2009\u00bb d\u2019une pr\u00e9c\u00e9dente peine de prison.<\/p>\n<p>Trois pr\u00e9c\u00e9dentes \u00ab\u2009fuites\u2009\u00bb<\/p>\n<p class=\" wall-content\">\u00ab\u2009Gino\u2009\u00bb n\u2019en \u00e9tait pas \u00e0 son coup d\u2019essai\u2009: il s\u2019\u00e9tait ainsi <strong>d\u00e9j\u00e0 fait la belle en 2009 pendant \u00ab\u2009un mois\u2009\u00bb<\/strong> \u00e0 l\u2019occasion d\u2019une permission de sortie et avait <strong>r\u00e9cidiv\u00e9 en juillet\u00a02015,<\/strong> commettant \u00e0 cette occasion de nouveaux m\u00e9faits\u2026<\/p>\n<p class=\" wall-content\">Neuf ans plus tard, en <strong>mars\u00a02024,<\/strong> alors qu\u2019il devait \u00eatre jug\u00e9 devant le tribunal correctionnel d\u2019Angers (Maine-et-Loire), l\u2019homme \u00e9tait \u00e0 nouveau \u00ab\u2009non comparant\u2009\u00bb devant ses juges car<strong> \u00ab\u2009en fuite\u2009\u00bb<\/strong>.<\/p>\n<p>\u00ab\u2009Fatigu\u00e9\u2009\u00bb de la prison<\/p>\n<p class=\" wall-content\">R\u00e9cemment, \u00c9mile avait confi\u00e9 \u00e0 une enqu\u00eatrice de personnalit\u00e9 \u00eatre \u00ab\u2009fatigu\u00e9\u2009\u00bb par la prison, <strong>o\u00f9 il dort depuis \u00ab\u2009plus de quinze ans\u2009\u00bb,<\/strong> au point m\u00eame d\u2019en faire des \u00ab\u2009crises d\u2019angoisse\u2009\u00bb.<\/p>\n<p class=\" wall-content\">Avant cette \u00e9vasion, il \u00e9tait <strong>th\u00e9oriquement lib\u00e9rable en mars\u00a02027<\/strong>. Mais \u00ab\u2009Gino\u2009\u00bb est loin d\u2019en avoir fini avec la Justice et sa semaine judiciaire s\u2019annonce d\u2019ailleurs charg\u00e9e\u2009: ce mardi 2\u00a0d\u00e9cembre 2025, il est de nouveau convoqu\u00e9 devant le tribunal correctionnel de Rennes pour r\u00e9pondre du <strong>d\u00e9lit \u00ab\u2009d\u2019association de malfaiteurs\u2009\u00bb.<\/strong><\/p>\n<p>Son nom appara\u00eet dans l\u2019affaire des incendies des Po\u00eales et compagnie<\/p>\n<p class=\" wall-content\">Le nom de ce <strong>p\u00e8re de deux enfants<\/strong> est en effet apparu dans l\u2019affaire d\u2019incendies en s\u00e9rie dont ont \u00e9t\u00e9 victimes les magasins de l\u2019enseigne Po\u00eales &amp; Compagnie, en Ille-et-Vilaine et en Loire-Atlantique.<\/p>\n<p class=\" wall-content\">Un <strong>autre de ses cousins, Peter, a \u00e9t\u00e9 identifi\u00e9 sur \u00ab\u2009la cam\u00e9ra\u2009\u00bb du domicile du juge d\u2019instruction<\/strong> en charge du dossier\u2009: il semble y faire des \u00ab\u2009rep\u00e9rages\u2009\u00bb.<\/p>\n<p class=\" wall-content\">Le commanditaire pr\u00e9sum\u00e9 des incendies \u2013 qui \u00e9tait le cod\u00e9tenu d\u2019Emile \u00e0 Nantes et qui sera pour sa part jug\u00e9 aux assises \u2013 avait \u00e9voqu\u00e9 lors d\u2019une interception t\u00e9l\u00e9phonique, sur le ton de l\u2019amusement, un \u00ab\u2009contrat\u2009\u00bb sur la t\u00eate du magistrat \u00e0 hauteur de 80\u2009000\u00a0euros\u2026<\/p>\n<p class=\" wall-content\">Reste \u00e0 savoir si \u00ab\u2009Gino\u2009\u00bb sollicitera <strong>\u00e0 nouveau un d\u00e9lai pour pr\u00e9parer sa d\u00e9fense,<\/strong> ses autres copr\u00e9venus ayant tous b\u00e9n\u00e9fici\u00e9 d\u2019une comparution sur reconnaissance pr\u00e9alable de culpabilit\u00e9 (CRPC), plus connue sous le nom de proc\u00e9dure de \u00ab\u2009plaider-coupable\u2009\u00bb. <strong>\u00ab\u2009\u00c0 demain\u2009\u00bb, lui a d\u2019ailleurs lanc\u00e9 son avocat<\/strong> avant de quitter la salle.<\/p>\n<p class=\" wall-content\"><strong>CB et GF (PressPepper)<\/strong><\/p>\n<p class=\" wall-content\">Personnalisez votre actualit\u00e9 en ajoutant vos villes et m\u00e9dias en favori avec <a href=\"https:\/\/moncompte.actu.fr\" title=\"D\u00e9couvez Mon Actu\" rel=\"nofollow noopener\" data-trk=\"{&quot;cta&quot;:{&quot;action&quot;:&quot;https:\\\/\\\/moncompte.actu.fr&quot;,&quot;category&quot;:&quot;mon compte&quot;,&quot;from&quot;:&quot;article footer&quot;,&quot;name&quot;:&quot;Mon actu&quot;,&quot;type&quot;:&quot;cta&quot;}}\" target=\"_blank\">Mon Actu<\/a>.<\/p>\n","protected":false},"excerpt":{"rendered":"Par R\u00e9daction Rennes Publi\u00e9 le 1 d\u00e9c. 2025 \u00e0 16h38 \u00c0 peine interpell\u00e9 apr\u00e8s son \u00e9vasion qui a&hellip;\n","protected":false},"author":2,"featured_media":571248,"comment_status":"","ping_status":"","sticky":false,"template":"","format":"standard","meta":{"footnotes":""},"categories":[2821],"tags":[1111,11,829,1777,674,118,1011,27,303,12,899,584,25],"class_list":{"0":"post-571247","1":"post","2":"type-post","3":"status-publish","4":"format-standard","5":"has-post-thumbnail","7":"category-rennes","8":"tag-actu","9":"tag-actualites","10":"tag-bretagne","11":"tag-eu","12":"tag-europe","13":"tag-faits-divers","14":"tag-fr","15":"tag-france","16":"tag-justice","17":"tag-news","18":"tag-prisons","19":"tag-rennes","20":"tag-republique-francaise"},"share_on_mastodon":{"url":"https:\/\/pubeurope.com\/@fr\/115645160335171096","error":""},"_links":{"self":[{"href":"https:\/\/www.europesays.com\/fr\/wp-json\/wp\/v2\/posts\/571247","targetHints":{"allow":["GET"]}}],"collection":[{"href":"https:\/\/www.europesays.com\/fr\/wp-json\/wp\/v2\/posts"}],"about":[{"href":"https:\/\/www.europesays.com\/fr\/wp-json\/wp\/v2\/types\/post"}],"author":[{"embeddable":true,"href":"https:\/\/www.europesays.com\/fr\/wp-json\/wp\/v2\/users\/2"}],"replies":[{"embeddable":true,"href":"https:\/\/www.europesays.com\/fr\/wp-json\/wp\/v2\/comments?post=571247"}],"version-history":[{"count":0,"href":"https:\/\/www.europesays.com\/fr\/wp-json\/wp\/v2\/posts\/571247\/revisions"}],"wp:featuredmedia":[{"embeddable":true,"href":"https:\/\/www.europesays.com\/fr\/wp-json\/wp\/v2\/media\/571248"}],"wp:attachment":[{"href":"https:\/\/www.europesays.com\/fr\/wp-json\/wp\/v2\/media?parent=571247"}],"wp:term":[{"taxonomy":"category","embeddable":true,"href":"https:\/\/www.europesays.com\/fr\/wp-json\/wp\/v2\/categories?post=571247"},{"taxonomy":"post_tag","embeddable":true,"href":"https:\/\/www.europesays.com\/fr\/wp-json\/wp\/v2\/tags?post=571247"}],"curies":[{"name":"wp","href":"https:\/\/api.w.org\/{rel}","templated":true}]}}